{"id":9810,"date":"2021-04-08T10:43:28","date_gmt":"2021-04-08T13:43:28","guid":{"rendered":"http:\/\/tvovo.org\/?p=8205"},"modified":"2021-06-15T22:12:00","modified_gmt":"2021-06-16T01:12:00","slug":"quando-te-avisto-circula-por-festivais-nacionais","status":"publish","type":"post","link":"https:\/\/tvovo.org\/portal\/quando-te-avisto-circula-por-festivais-nacionais\/","title":{"rendered":"Quando Te Avisto circula por festivais nacionais"},"content":{"rendered":"<figure id=\"attachment_8206\" aria-describedby=\"caption-attachment-8206\" style=\"width: 720px\" class=\"wp-caption aligncenter\"><img fetchpriority=\"high\" decoding=\"async\" class=\"wp-image-8206 size-full\" src=\"https:\/\/tvovo.org\/portal\/wp-content\/uploads\/2021\/04\/3.png\" alt=\"\" width=\"720\" height=\"480\"><figcaption id=\"caption-attachment-8206\" class=\"wp-caption-text\">Elida Benites (Para Yry), da etnia guarani, interpreta a personagem da lenda de Imembu\u00ed no filme.<\/figcaption><\/figure>\n<p>&nbsp;<\/p>\n<p>O circuito de festivais online, em fun\u00e7\u00e3o da pandemia, tem permitido que o document\u00e1rio <i>Quando Te Avisto<\/i>, produzido em 2019 e lan\u00e7ado no ano passado, ganhe p\u00fablico por todo o pa\u00eds.<\/p>\n<p>Na semana passada, o filme recebeu o pr\u00eamio de j\u00fari popular da Mostra Fronteiras Imagin\u00e1rias da 14\u00aa edi\u00e7\u00e3o do festival carioca <a href=\"https:\/\/imaginariodigital.org.br\/visoes-perifericas\/2021\">Vis\u00f5es Perif\u00e9ricas<\/a>. O document\u00e1rio ficou dispon\u00edvel na plataforma do festival de 26 a 28 de mar\u00e7o. Al\u00e9m disso, Neli Mombelli, coodiretora com Denise Copetti, participou do debate <i>Projetos de forma\u00e7\u00e3o na periferia<\/i>, representando a TV OVO, junto com Alita S\u00e1 Rego (FEBF) e Christian Saghaard (Oficinas Kinoforum). O bate-papo, com media\u00e7\u00e3o de Jana\u00edna Damasceno, pode ser <a href=\"https:\/\/www.youtube.com\/watch?v=I8WuQB8b7BE&amp;list=PL1FHyPA10ycge9qTx2S2xsA4uMJ650K1A&amp;index=4\">conferido aqui<\/a>.<\/p>\n<p>At\u00e9 18 de abril, o document\u00e1rio tamb\u00e9m pode ser visto no <a href=\"https:\/\/www.inff.online\/\">Festival Mulheres do Audiovisual<\/a>, na plataforma Inffinito Film Festival, na Sala 3 &#8211; Garcia Family Foundation. E de 22 a 29 de abril, Quando Te Avisto ir\u00e1 integrar a programa\u00e7\u00e3o do festival paulista <a href=\"http:\/\/ecobrasilfest.com\">Eco Brasil Fest<\/a>, festival de arte e cinema ambiental.<\/p>\n<p>Os festivais s\u00e3o uma janela importante de divulga\u00e7\u00e3o e frui\u00e7\u00e3o de obras audiovisuais, sobretudo no formato online que amplia o escopo de participa\u00e7\u00e3o que n\u00e3o se restringe \u00e0 geografia. Eles permitem a circula\u00e7\u00e3o de diferentes ideias e s\u00e3o espa\u00e7o de debates de quest\u00f5es contempor\u00e2neas e de forma\u00e7\u00e3o de p\u00fablico. Sem esse circuito, a exibi\u00e7\u00e3o do document\u00e1rio ficaria num&nbsp; circuito mais restrito e consequentemente o debate sobre a quest\u00e3o ind\u00edgena tamb\u00e9m n\u00e3o seria amplificado, tema do nosso filme. Na lista de sele\u00e7\u00f5es que o document\u00e1rio participou em 2020 est\u00e3o a&nbsp; Mostra de Curtas Ga\u00fachos do 48\u00ba Festival de Gramado e o Festival Alter do Ch\u00e3o, em Santar\u00e9m no Par\u00e1.<\/p>\n<p><b>Sinopse<\/b><\/p>\n<p>O que acontece quando dois olhares se cruzam? E se esses olhares compartilham de um mesmo espa\u00e7o, mas se constituem em mundos pr\u00f3prios? O que afasta e aproxima ind\u00edgenas e n\u00e3o ind\u00edgenas? Entre coloniza\u00e7\u00f5es e apagamentos hist\u00f3ricos, disputas de territ\u00f3rios, presen\u00e7a e invisibilidade, o legado das comunidades ind\u00edgenas \u00e9 o da exist\u00eancia atrav\u00e9s da resist\u00eancia ancorada na sua espiritualidade, no respeito \u00e0s diferen\u00e7as e no v\u00ednculo com a natureza.<\/p>\n<p>Por L\u00edvia Maria Teixeira de Oliveira<\/p>\n<p>&nbsp;<\/p>\n<p style=\"text-align: center\">\n","protected":false},"excerpt":{"rendered":"<p>&nbsp; O circuito de festivais online, em fun\u00e7\u00e3o da pandemia, tem permitido que o document\u00e1rio Quando Te Avisto, produzido em 2019 e lan\u00e7ado no ano passado, ganhe p\u00fablico por todo o pa\u00eds. Na semana passada, o filme recebeu o pr\u00eamio de j\u00fari popular da Mostra Fronteiras Imagin\u00e1rias da 14\u00aa edi\u00e7\u00e3o do festival carioca Vis\u00f5es Perif\u00e9ricas. [&hellip;]<\/p>\n","protected":false},"author":1,"featured_media":9827,"comment_status":"open","ping_status":"open","sticky":false,"template":"","format":"standard","meta":{"footnotes":""},"categories":[22],"tags":[114,84,659,1247,1297],"class_list":["post-9810","post","type-post","status-publish","format-standard","has-post-thumbnail","hentry","category-noticias","tag-audiovisual","tag-cultura","tag-festival-de-cinema","tag-quando-te-avisto","tag-questoes-indigenas"],"_links":{"self":[{"href":"https:\/\/tvovo.org\/portal\/wp-json\/wp\/v2\/posts\/9810","targetHints":{"allow":["GET"]}}],"collection":[{"href":"https:\/\/tvovo.org\/portal\/wp-json\/wp\/v2\/posts"}],"about":[{"href":"https:\/\/tvovo.org\/portal\/wp-json\/wp\/v2\/types\/post"}],"author":[{"embeddable":true,"href":"https:\/\/tvovo.org\/portal\/wp-json\/wp\/v2\/users\/1"}],"replies":[{"embeddable":true,"href":"https:\/\/tvovo.org\/portal\/wp-json\/wp\/v2\/comments?post=9810"}],"version-history":[{"count":0,"href":"https:\/\/tvovo.org\/portal\/wp-json\/wp\/v2\/posts\/9810\/revisions"}],"wp:featuredmedia":[{"embeddable":true,"href":"https:\/\/tvovo.org\/portal\/wp-json\/wp\/v2\/media\/9827"}],"wp:attachment":[{"href":"https:\/\/tvovo.org\/portal\/wp-json\/wp\/v2\/media?parent=9810"}],"wp:term":[{"taxonomy":"category","embeddable":true,"href":"https:\/\/tvovo.org\/portal\/wp-json\/wp\/v2\/categories?post=9810"},{"taxonomy":"post_tag","embeddable":true,"href":"https:\/\/tvovo.org\/portal\/wp-json\/wp\/v2\/tags?post=9810"}],"curies":[{"name":"wp","href":"https:\/\/api.w.org\/{rel}","templated":true}]}}