{"id":8095,"date":"2020-06-05T13:38:18","date_gmt":"2020-06-05T16:38:18","guid":{"rendered":"http:\/\/tvovo.org\/?p=8095"},"modified":"2021-05-04T17:43:13","modified_gmt":"2021-05-04T20:43:13","slug":"quando-te-avisto-veja-o-trailer-do-nosso-novo-documentario","status":"publish","type":"post","link":"https:\/\/tvovo.org\/portal\/quando-te-avisto-veja-o-trailer-do-nosso-novo-documentario\/","title":{"rendered":"Quando te Avisto: veja o trailer do nosso novo document\u00e1rio"},"content":{"rendered":"\t\t<div data-elementor-type=\"wp-post\" data-elementor-id=\"8095\" class=\"elementor elementor-8095\" data-elementor-post-type=\"post\">\n\t\t\t\t\t\t<section class=\"elementor-section elementor-top-section elementor-element elementor-element-a932653 elementor-section-boxed elementor-section-height-default elementor-section-height-default\" data-id=\"a932653\" data-element_type=\"section\" data-e-type=\"section\">\n\t\t\t\t\t\t<div class=\"elementor-container elementor-column-gap-default\">\n\t\t\t\t\t<div class=\"elementor-column elementor-col-100 elementor-top-column elementor-element elementor-element-6a27018\" data-id=\"6a27018\" data-element_type=\"column\" data-e-type=\"column\">\n\t\t\t<div class=\"elementor-widget-wrap elementor-element-populated\">\n\t\t\t\t\t\t<section class=\"elementor-section elementor-inner-section elementor-element elementor-element-66845f4 elementor-section-boxed elementor-section-height-default elementor-section-height-default\" data-id=\"66845f4\" data-element_type=\"section\" data-e-type=\"section\">\n\t\t\t\t\t\t<div class=\"elementor-container elementor-column-gap-default\">\n\t\t\t\t\t<div class=\"elementor-column elementor-col-50 elementor-inner-column elementor-element elementor-element-cc0e6d8\" data-id=\"cc0e6d8\" data-element_type=\"column\" data-e-type=\"column\">\n\t\t\t<div class=\"elementor-widget-wrap elementor-element-populated\">\n\t\t\t\t\t\t<div class=\"elementor-element elementor-element-534ad81 elementor-widget elementor-widget-image\" data-id=\"534ad81\" data-element_type=\"widget\" data-e-type=\"widget\" data-widget_type=\"image.default\">\n\t\t\t\t<div class=\"elementor-widget-container\">\n\t\t\t\t\t\t\t\t\t\t\t\t<figure class=\"wp-caption\">\n\t\t\t\t\t\t\t\t\t\t<img fetchpriority=\"high\" decoding=\"async\" width=\"800\" height=\"600\" src=\"https:\/\/tvovo.org\/portal\/wp-content\/uploads\/2020\/06\/Quando-te-avisto-1024x768.jpg\" class=\"attachment-large size-large wp-image-8288\" alt=\"\" srcset=\"https:\/\/tvovo.org\/portal\/wp-content\/uploads\/2020\/06\/Quando-te-avisto-1024x768.jpg 1024w, https:\/\/tvovo.org\/portal\/wp-content\/uploads\/2020\/06\/Quando-te-avisto-300x225.jpg 300w, https:\/\/tvovo.org\/portal\/wp-content\/uploads\/2020\/06\/Quando-te-avisto-768x576.jpg 768w, https:\/\/tvovo.org\/portal\/wp-content\/uploads\/2020\/06\/Quando-te-avisto.jpg 1280w\" sizes=\"(max-width: 800px) 100vw, 800px\" \/>\t\t\t\t\t\t\t\t\t\t\t<figcaption class=\"widget-image-caption wp-caption-text\">Elida Benites, ind\u00edgena da etnia Guarani, interpreta personagem que conduz a narrativa do document\u00e1rio. Foto: Neli Mombelli<\/figcaption>\n\t\t\t\t\t\t\t\t\t\t<\/figure>\n\t\t\t\t\t\t\t\t\t<\/div>\n\t\t\t\t<\/div>\n\t\t\t\t\t<\/div>\n\t\t<\/div>\n\t\t\t\t<div class=\"elementor-column elementor-col-50 elementor-inner-column elementor-element elementor-element-964faa7\" data-id=\"964faa7\" data-element_type=\"column\" data-e-type=\"column\">\n\t\t\t<div class=\"elementor-widget-wrap elementor-element-populated\">\n\t\t\t\t\t\t<div class=\"elementor-element elementor-element-9f09632 elementor-widget elementor-widget-text-editor\" data-id=\"9f09632\" data-element_type=\"widget\" data-e-type=\"widget\" data-widget_type=\"text-editor.default\">\n\t\t\t\t<div class=\"elementor-widget-container\">\n\t\t\t\t\t\t\t\t\t<p>Hoje \u00e9 dia mundial do Meio Ambiente. N\u00e3o pretendemos falar do qu\u00e3o importante \u00e9 esse tema, mas vamos repetir que ele deveria ser pautado diariamente, assim como outros assuntos que se fazem urgente de serem discutidos em nossa sociedade. Entre eles, a quest\u00e3o ind\u00edgena, que est\u00e1 diretamente ligada ao meio ambiente. Os ind\u00edgenas s\u00e3o os guardi\u00f5es das florestas e quem t\u00eam uma rela\u00e7\u00e3o muito distinta e respeitosa com a natureza. \u00c9 nesse contexto que compartilhamos&nbsp;<a href=\"https:\/\/www.youtube.com\/watch?v=ceSnj9wSiM8\">o trailer do nosso novo document\u00e1rio:&nbsp;<i>Quando te Avisto&nbsp;<\/i><\/a>(2020, 24\u2019).<\/p>\n<p>O que acontece quando dois olhares se cruzam? E se esses olhares compartilham de um mesmo espa\u00e7o, mas se constituem em mundos pr\u00f3prios? O que afasta e aproxima ind\u00edgenas e n\u00e3o ind\u00edgenas? Entre coloniza\u00e7\u00f5es e apagamentos hist\u00f3ricos, disputas de territ\u00f3rios, presen\u00e7a e invisibilidade, o legado das comunidades ind\u00edgenas \u00e9 o da exist\u00eancia atrav\u00e9s da resist\u00eancia ancorada na sua espiritualidade, no respeito \u00e0s diferen\u00e7as e no v\u00ednculo com a natureza.<\/p>\n<p>A ideia p<i>a<\/i>ra o document\u00e1rio surgiu em 2018, durante a realiza\u00e7\u00e3o da s\u00e9rie documental sobre os nove distritos que formam Santa Maria. Ao&nbsp; registrar essas hist\u00f3rias, nossa equipe&nbsp; se deparou com muitos relatos da presen\u00e7a ind\u00edgena na forma\u00e7\u00e3o desses lugares e de como essa narrativa \u00e9 pouco abordada. \u201cComo a gente fala sobre a hist\u00f3ria e a mem\u00f3ria da cidade, precis\u00e1vamos falar sobre a quest\u00e3o ind\u00edgena, porque \u00e9 a origem da cidade, e n\u00e3o s\u00f3 daqui, explica Neli Mombelli, que dirige o document\u00e1rio junto com Denise Copetti.<\/p>\n<p>O document\u00e1rio&nbsp; estava programado para ser lan\u00e7ado nas aldeias de Santa Maria e na Feira do Livro da cidade, prevista para ter ocorrida em maio. Por\u00e9m, devido a pandemia do novo coronav\u00edrus e prezando resguardar a sa\u00fade de todos, estamos estudando a melhor forma de realizar o lan\u00e7amento do filme.<\/p>\t\t\t\t\t\t\t\t<\/div>\n\t\t\t\t<\/div>\n\t\t\t\t\t<\/div>\n\t\t<\/div>\n\t\t\t\t\t<\/div>\n\t\t<\/section>\n\t\t\t\t\t<\/div>\n\t\t<\/div>\n\t\t\t\t\t<\/div>\n\t\t<\/section>\n\t\t\t\t<section class=\"elementor-section elementor-top-section elementor-element elementor-element-10c6dbd elementor-section-boxed elementor-section-height-default elementor-section-height-default\" data-id=\"10c6dbd\" data-element_type=\"section\" data-e-type=\"section\">\n\t\t\t\t\t\t<div class=\"elementor-container elementor-column-gap-default\">\n\t\t\t\t\t<div class=\"elementor-column elementor-col-100 elementor-top-column elementor-element elementor-element-1499dec\" data-id=\"1499dec\" data-element_type=\"column\" data-e-type=\"column\">\n\t\t\t<div class=\"elementor-widget-wrap elementor-element-populated\">\n\t\t\t\t\t\t<section class=\"elementor-section elementor-inner-section elementor-element elementor-element-cae7499 elementor-section-boxed elementor-section-height-default elementor-section-height-default\" data-id=\"cae7499\" data-element_type=\"section\" data-e-type=\"section\">\n\t\t\t\t\t\t<div class=\"elementor-container elementor-column-gap-default\">\n\t\t\t\t\t<div class=\"elementor-column elementor-col-50 elementor-inner-column elementor-element elementor-element-66ad6b7\" data-id=\"66ad6b7\" data-element_type=\"column\" data-e-type=\"column\" data-settings=\"{&quot;background_background&quot;:&quot;classic&quot;}\">\n\t\t\t<div class=\"elementor-widget-wrap elementor-element-populated\">\n\t\t\t\t\t\t<div class=\"elementor-element elementor-element-108e022 elementor-widget elementor-widget-heading\" data-id=\"108e022\" data-element_type=\"widget\" data-e-type=\"widget\" data-widget_type=\"heading.default\">\n\t\t\t\t<div class=\"elementor-widget-container\">\n\t\t\t\t\t<h5 class=\"elementor-heading-title elementor-size-default\">A constru\u00e7\u00e3o da narrativa do filme e os aprendizados<\/h5>\t\t\t\t<\/div>\n\t\t\t\t<\/div>\n\t\t\t\t\t<\/div>\n\t\t<\/div>\n\t\t\t\t<div class=\"elementor-column elementor-col-50 elementor-inner-column elementor-element elementor-element-188f578\" data-id=\"188f578\" data-element_type=\"column\" data-e-type=\"column\">\n\t\t\t<div class=\"elementor-widget-wrap elementor-element-populated\">\n\t\t\t\t\t\t<div class=\"elementor-element elementor-element-0a4ad41 elementor-widget elementor-widget-text-editor\" data-id=\"0a4ad41\" data-element_type=\"widget\" data-e-type=\"widget\" data-widget_type=\"text-editor.default\">\n\t\t\t\t<div class=\"elementor-widget-container\">\n\t\t\t\t\t\t\t\t\t<p><span style=\"color: var( --e-global-color-text ); font-family: var( --e-global-typography-text-font-family ), Sans-serif; font-weight: var( --e-global-typography-text-font-weight );\">Falar sobre a presen\u00e7a ind\u00edgena em Santa Maria tem alguns desafios, como, por exemplo, a escassez de cap\u00edtulos que abordam a exist\u00eancia desses povos na hist\u00f3ria oficial sobre a forma\u00e7\u00e3o da cidade. \u201cA gente sabe que as hist\u00f3rias dos povos e das aldeias s\u00e3o contadas oralmente e passadas de gera\u00e7\u00e3o para gera\u00e7\u00e3o. As hist\u00f3rias deles n\u00e3o s\u00e3o registradas [no papel]\u201d, comenta Denise. O filme buscou construir uma narrativa atual sobre a quest\u00e3o ind\u00edgena a&nbsp; partir das etnias Guarani e Kaingang, que possuem aldeias no munic\u00edpio, al\u00e9m de entrevistar acad\u00eamicos que moram na Casa do Estudante ind\u00edgena da Universidade Federal de Santa Maria (UFSM).<\/span><br><\/p>\n<p>Para construir a vis\u00e3o do document\u00e1rio, houve muitas trocas com as aldeias. Na tentativa de buscar um protagonismo ind\u00edgena na constru\u00e7\u00e3o da hist\u00f3ria do document\u00e1rio, nossa equipe trabalhou com oficinas audiovisuais na aldeia Kaingang Tr\u00eas Soitas e na aldeia Guarani Mby\u00e1 Teko\u00e1 Guaviraty Por\u00e3. \u201cJustamente como uma forma de aproxima\u00e7\u00e3o, para a gente n\u00e3o chegar l\u00e1 e dizer: estamos fazendo um document\u00e1rio sobre ind\u00edgenas e viemos aqui gravar voc\u00eas. A gente n\u00e3o queria isso, quer\u00edamos que eles constru\u00edssem esse document\u00e1rio, de certa forma, com a gente.\u201d relembra Neli. E completa: \u201cFoi um misto de pesquisa, de ideias, de entrevistas e de trocas com essas duas comunidades ind\u00edgenas que resultou o <i>Quando te Avisto<\/i>.\u201d<\/p>\n<p>E&nbsp; retomando o gancho do meio ambiente, ao ser questionada sobre se algo a fez repensar alguma quest\u00e3o do mundo da vida durante a produ\u00e7\u00e3o do document\u00e1rio, Neli elenca a rela\u00e7\u00e3o com o tempo presente, com a natureza e com o territ\u00f3rio. \u201cA rela\u00e7\u00e3o que os ind\u00edgenas t\u00eam com a no\u00e7\u00e3o de territ\u00f3rio n\u00e3o contempla essa divis\u00e3o geopol\u00edtica. \u00c9 uma ideia de circula\u00e7\u00e3o por espa\u00e7os e por afinidades e como tu trabalha aquele espa\u00e7o. Ele n\u00e3o \u00e9 tua propriedade, mas ele \u00e9 um espa\u00e7o que te fornece a possibilidade de sobreviv\u00eancia, e dele se retira a sobreviv\u00eancia, mas n\u00e3o o lucro.\u201d Sobre o tempo, ela diz que a sabedoria ind\u00edgena a ensinou olhar para o presente, muito antes de a pandemia chegar. \u201cA gente precisa viver e fazer o agora. O futuro \u00e9 sempre algo por vir, ele nunca se materializa.\u201d<\/p>\n<p>O document\u00e1rio foi financiado pela Lei de Incentivo \u00e0 Cultura de Santa Maria, LIC\/SM e faz parte do projeto Por Onde Passa a Mem\u00f3ria da Cidade 2019.<\/p>\t\t\t\t\t\t\t\t<\/div>\n\t\t\t\t<\/div>\n\t\t\t\t\t<\/div>\n\t\t<\/div>\n\t\t\t\t\t<\/div>\n\t\t<\/section>\n\t\t\t\t<section class=\"elementor-section elementor-inner-section elementor-element elementor-element-cfb7498 elementor-section-boxed elementor-section-height-default elementor-section-height-default\" data-id=\"cfb7498\" data-element_type=\"section\" data-e-type=\"section\">\n\t\t\t\t\t\t<div class=\"elementor-container elementor-column-gap-default\">\n\t\t\t\t\t<div class=\"elementor-column elementor-col-50 elementor-inner-column elementor-element elementor-element-726cc10\" data-id=\"726cc10\" data-element_type=\"column\" data-e-type=\"column\">\n\t\t\t<div class=\"elementor-widget-wrap\">\n\t\t\t\t\t\t\t<\/div>\n\t\t<\/div>\n\t\t\t\t<div class=\"elementor-column elementor-col-50 elementor-inner-column elementor-element elementor-element-53c47fd\" data-id=\"53c47fd\" data-element_type=\"column\" data-e-type=\"column\">\n\t\t\t<div class=\"elementor-widget-wrap elementor-element-populated\">\n\t\t\t\t\t\t<div class=\"elementor-element elementor-element-34b9120 elementor-widget elementor-widget-text-editor\" data-id=\"34b9120\" data-element_type=\"widget\" data-e-type=\"widget\" data-widget_type=\"text-editor.default\">\n\t\t\t\t<div class=\"elementor-widget-container\">\n\t\t\t\t\t\t\t\t\t<p style=\"text-align: right;\">Por: L\u00edvia M. Oliveira<\/p>\t\t\t\t\t\t\t\t<\/div>\n\t\t\t\t<\/div>\n\t\t\t\t\t<\/div>\n\t\t<\/div>\n\t\t\t\t\t<\/div>\n\t\t<\/section>\n\t\t\t\t<section class=\"elementor-section elementor-inner-section elementor-element elementor-element-9b1d4d1 elementor-section-boxed elementor-section-height-default elementor-section-height-default\" data-id=\"9b1d4d1\" data-element_type=\"section\" data-e-type=\"section\" data-settings=\"{&quot;background_background&quot;:&quot;classic&quot;}\">\n\t\t\t\t\t\t<div class=\"elementor-container elementor-column-gap-default\">\n\t\t\t\t\t<div class=\"elementor-column elementor-col-50 elementor-inner-column elementor-element elementor-element-7f929e1\" data-id=\"7f929e1\" data-element_type=\"column\" data-e-type=\"column\">\n\t\t\t<div class=\"elementor-widget-wrap elementor-element-populated\">\n\t\t\t\t\t\t<div class=\"elementor-element elementor-element-e8df5f4 elementor-widget elementor-widget-video\" data-id=\"e8df5f4\" data-element_type=\"widget\" data-e-type=\"widget\" data-settings=\"{&quot;youtube_url&quot;:&quot;https:\\\/\\\/www.youtube.com\\\/watch?v=ceSnj9wSiM8&quot;,&quot;video_type&quot;:&quot;youtube&quot;,&quot;controls&quot;:&quot;yes&quot;}\" data-widget_type=\"video.default\">\n\t\t\t\t<div class=\"elementor-widget-container\">\n\t\t\t\t\t\t\t<div class=\"elementor-wrapper elementor-open-inline\">\n\t\t\t<div class=\"elementor-video\"><\/div>\t\t<\/div>\n\t\t\t\t\t\t<\/div>\n\t\t\t\t<\/div>\n\t\t\t\t\t<\/div>\n\t\t<\/div>\n\t\t\t\t<div class=\"elementor-column elementor-col-50 elementor-inner-column elementor-element elementor-element-b60df0a\" data-id=\"b60df0a\" data-element_type=\"column\" data-e-type=\"column\">\n\t\t\t<div class=\"elementor-widget-wrap elementor-element-populated\">\n\t\t\t\t\t\t<div class=\"elementor-element elementor-element-2fc9aa8 elementor-widget elementor-widget-heading\" data-id=\"2fc9aa8\" data-element_type=\"widget\" data-e-type=\"widget\" data-widget_type=\"heading.default\">\n\t\t\t\t<div class=\"elementor-widget-container\">\n\t\t\t\t\t<h2 class=\"elementor-heading-title elementor-size-default\">Assista o trailer<\/h2>\t\t\t\t<\/div>\n\t\t\t\t<\/div>\n\t\t\t\t\t<\/div>\n\t\t<\/div>\n\t\t\t\t\t<\/div>\n\t\t<\/section>\n\t\t\t\t\t<\/div>\n\t\t<\/div>\n\t\t\t\t\t<\/div>\n\t\t<\/section>\n\t\t\t\t<\/div>\n\t\t","protected":false},"excerpt":{"rendered":"<p>Elida Benites, ind\u00edgena da etnia Guarani, interpreta personagem que conduz a narrativa do document\u00e1rio. Foto: Neli Mombelli Hoje \u00e9 dia mundial do Meio Ambiente. N\u00e3o pretendemos falar do qu\u00e3o importante \u00e9 esse tema, mas vamos repetir que ele deveria ser pautado diariamente, assim como outros assuntos que se fazem urgente de serem discutidos em nossa [&hellip;]<\/p>\n","protected":false},"author":4,"featured_media":8288,"comment_status":"open","ping_status":"open","sticky":false,"template":"","format":"standard","meta":{"footnotes":""},"categories":[1249,22],"tags":[1238,1239,114,84,273,103,913,1244,464,269,282,1246,1247,1248,965,159],"class_list":["post-8095","post","type-post","status-publish","format-standard","has-post-thumbnail","hentry","category-home-destaque","category-noticias","tag-aldeia-guarani-mbya-tekoa-guaviraty-pora","tag-aldeia-kaingang-tres-soitas","tag-audiovisual","tag-cultura","tag-documentario","tag-historia","tag-indigenas","tag-invisibilidade","tag-lic-santa-maria","tag-meio-ambiente","tag-memoria","tag-povos-originarois","tag-quando-te-avisto","tag-questao-indigena","tag-resistencia","tag-santa-maria"],"_links":{"self":[{"href":"https:\/\/tvovo.org\/portal\/wp-json\/wp\/v2\/posts\/8095","targetHints":{"allow":["GET"]}}],"collection":[{"href":"https:\/\/tvovo.org\/portal\/wp-json\/wp\/v2\/posts"}],"about":[{"href":"https:\/\/tvovo.org\/portal\/wp-json\/wp\/v2\/types\/post"}],"author":[{"embeddable":true,"href":"https:\/\/tvovo.org\/portal\/wp-json\/wp\/v2\/users\/4"}],"replies":[{"embeddable":true,"href":"https:\/\/tvovo.org\/portal\/wp-json\/wp\/v2\/comments?post=8095"}],"version-history":[{"count":0,"href":"https:\/\/tvovo.org\/portal\/wp-json\/wp\/v2\/posts\/8095\/revisions"}],"wp:featuredmedia":[{"embeddable":true,"href":"https:\/\/tvovo.org\/portal\/wp-json\/wp\/v2\/media\/8288"}],"wp:attachment":[{"href":"https:\/\/tvovo.org\/portal\/wp-json\/wp\/v2\/media?parent=8095"}],"wp:term":[{"taxonomy":"category","embeddable":true,"href":"https:\/\/tvovo.org\/portal\/wp-json\/wp\/v2\/categories?post=8095"},{"taxonomy":"post_tag","embeddable":true,"href":"https:\/\/tvovo.org\/portal\/wp-json\/wp\/v2\/tags?post=8095"}],"curies":[{"name":"wp","href":"https:\/\/api.w.org\/{rel}","templated":true}]}}