{"id":8090,"date":"2020-06-04T17:37:34","date_gmt":"2020-06-04T20:37:34","guid":{"rendered":"http:\/\/tvovo.org\/?p=8090"},"modified":"2021-06-10T12:01:22","modified_gmt":"2021-06-10T15:01:22","slug":"acompanhe-nossa-nova-serie-cartas-a-vila-belga","status":"publish","type":"post","link":"https:\/\/tvovo.org\/portal\/acompanhe-nossa-nova-serie-cartas-a-vila-belga\/","title":{"rendered":"Acompanhe nossa nova s\u00e9rie: Cartas \u00e0 Vila Belga"},"content":{"rendered":"\t\t<div data-elementor-type=\"wp-post\" data-elementor-id=\"8090\" class=\"elementor elementor-8090\" data-elementor-post-type=\"post\">\n\t\t\t\t\t\t<section class=\"elementor-section elementor-top-section elementor-element elementor-element-4f2fac50 elementor-section-boxed elementor-section-height-default elementor-section-height-default\" data-id=\"4f2fac50\" data-element_type=\"section\" data-e-type=\"section\">\n\t\t\t\t\t\t<div class=\"elementor-container elementor-column-gap-default\">\n\t\t\t\t\t<div class=\"elementor-column elementor-col-100 elementor-top-column elementor-element elementor-element-28ca2492\" data-id=\"28ca2492\" data-element_type=\"column\" data-e-type=\"column\">\n\t\t\t<div class=\"elementor-widget-wrap elementor-element-populated\">\n\t\t\t\t\t\t<div class=\"elementor-element elementor-element-2f34a0de elementor-widget elementor-widget-text-editor\" data-id=\"2f34a0de\" data-element_type=\"widget\" data-e-type=\"widget\" data-widget_type=\"text-editor.default\">\n\t\t\t\t<div class=\"elementor-widget-container\">\n\t\t\t\t\t\t\t\t\t<figure id=\"attachment_8093\" aria-describedby=\"caption-attachment-8093\" style=\"width: 601px\" class=\"wp-caption alignleft\"><img fetchpriority=\"high\" decoding=\"async\" class=\"wp-image-8093\" src=\"https:\/\/tvovo.org\/portal\/wp-content\/uploads\/2020\/06\/Vila-Belga.jpeg\" alt=\"\" width=\"601\" height=\"338\" srcset=\"https:\/\/tvovo.org\/portal\/wp-content\/uploads\/2020\/06\/Vila-Belga.jpeg 1280w, https:\/\/tvovo.org\/portal\/wp-content\/uploads\/2020\/06\/Vila-Belga-300x169.jpeg 300w, https:\/\/tvovo.org\/portal\/wp-content\/uploads\/2020\/06\/Vila-Belga-1024x576.jpeg 1024w, https:\/\/tvovo.org\/portal\/wp-content\/uploads\/2020\/06\/Vila-Belga-768x432.jpeg 768w\" sizes=\"(max-width: 601px) 100vw, 601px\" \/><figcaption id=\"caption-attachment-8093\" class=\"wp-caption-text\">S\u00e9rie \u201cCartas \u00e0 Vila Belga\u201d dispon\u00edvel em nosso canal do YouTube, Facebook e IGTV. Foto: Marcos Borba<\/figcaption><\/figure><p>\u00c9 com muito orgulho e alegria que compartilhamos mais tr\u00eas produ\u00e7\u00f5es audiovisuais in\u00e9ditas. Sejam bem-vindos (as) \u00e0s hist\u00f3rias da s\u00e9rie <em>Cartas \u00e0 Vila Belga<\/em>,\u00a0 que com cor e imagens em movimento homenageia um dos lugares mais queridos de Santa Maria.<\/p><p>Um conjunto de casas centen\u00e1rias coloridas recebe uma afetuosa visita. Em tom de carta, moradores e apaixonados pela Vila Belga contam sobre o patrim\u00f4nio hist\u00f3rico e cultural, resignificam o espa\u00e7o e eternizam suas lembran\u00e7as por meio de v\u00eddeo-cartas.<\/p><p>A Vila Belga \u00e9 um conjunto habitacional tombado como patrim\u00f4nio estadual. Foi constru\u00edda entre 1901 e 1903 para servir de moradia aos funcion\u00e1rios da companhia belga <em>Compagnie Auxiliare des Chamins de Fer au Br\u00e9sil<\/em>, que vieram para c\u00e1 para construir a ferrovia que corta o Estado. Inaugurada em 1907, hoje, a Vila Belga contabiliza 113 anos de exist\u00eancia.<\/p><p>O projeto audiovisual buscou valorizar esse lugar t\u00e3o significativo para os santa-marienses e lan\u00e7ou o desafio para tr\u00eas pessoas: cada uma delas teria que escrever uma carta \u00e0 Vila Belga, contando seus anseios, lembran\u00e7as, amores, ou o que quer que estivesse na ponta da caneta. Assim, sugiram os epis\u00f3dios<em> Um Peda\u00e7o Colorido do Mundo<\/em>, <em>Mem\u00f3rias Ferrovi\u00e1rias<\/em> e\u00a0<em> A Vila Belga \u00e9 Hoje<\/em>.\u00a0 As cartas s\u00e3o linhas de afetos e vozes de Myrna Floresta, moradora da Vila Belga e presidente da associa\u00e7\u00e3o de moradores; Marcelo Canellas, santa-mariense declarado apaixonado pela cidade e jornalista da TV Globo; e Ivan Sccott, ex-ferrovi\u00e1rio e tamb\u00e9m morador do local.<\/p><p>Myrna Floresta diz que se sente privilegiada em poder participar do projeto e ajudar a popula\u00e7\u00e3o a entender o que a Vila Belga representa e que temos o dever de cuid\u00e1-la e preserv\u00e1-la.\u00a0 \u201cO registro em v\u00eddeo \u00e9 importante demais, pois alcan\u00e7a as pessoas do mundo todo atrav\u00e9s das redes sociais\u201d, ressalta ela.<\/p><p>A cada s\u00e1bado lan\u00e7amos um dos epis\u00f3dios em nossas redes sociais. Voc\u00ea pode acompanhar pelo nosso <a href=\"https:\/\/www.youtube.com\/tvovo\">YouTube<\/a>, <a href=\"https:\/\/www.facebook.com\/tvovosm\/\">Facebook<\/a> ou<a href=\"https:\/\/www.facebook.com\/tvovosm\/\"> Instagram<\/a>. <em><a href=\"https:\/\/www.youtube.com\/watch?v=IQjNVfaw4q0\"> Um Peda\u00e7o Colorido do Mundo<\/a> <\/em>j\u00e1 est\u00e1 dispon\u00edvel<em>.<\/em> Neste s\u00e1bado \u00e9 a vez de <em>Mem\u00f3rias Ferrovi\u00e1rias, <\/em>e no dia 12\/06 voc\u00ea assiste ao epis\u00f3dio <em>A Vila Belga \u00e9 Hoje. <\/em>Em breve, os epis\u00f3dios tamb\u00e9m ser\u00e3o veiculados na TV C\u00e2mara, canal 2 da NET e 18.1 no canal aberto.<\/p><p>A s\u00e9rie <em>Cartas \u00e0 Vila Belga<\/em> \u00e9 um cria\u00e7\u00e3o da TV OVO com financiamento do edital do Pr\u00f3-Cultura\/RS FAC Movimento (Fundo de Apoio \u00e0 Cultura do governo do Estado em parceria com a Prefeitura Municipal de Santa Maria) e visa valorizar esse espa\u00e7o que \u00e9 patrim\u00f4nio hist\u00f3rico, cultural e social ga\u00facho. Compartilhe este conte\u00fado e aproveite para inscrever-se no nosso canal do YouTube e acompanhar mais conte\u00fado audiovisual e novidades como essa, tamb\u00e9m nos siga no Instagram e curta nossa p\u00e1gina no Facebook.<\/p><p>Por Tayn\u00e1 Lopes<\/p>\t\t\t\t\t\t\t\t<\/div>\n\t\t\t\t<\/div>\n\t\t\t\t<section class=\"elementor-section elementor-inner-section elementor-element elementor-element-cd807ba elementor-section-boxed elementor-section-height-default elementor-section-height-default\" data-id=\"cd807ba\" data-element_type=\"section\" data-e-type=\"section\">\n\t\t\t\t\t\t<div class=\"elementor-container elementor-column-gap-default\">\n\t\t\t\t\t<div class=\"elementor-column elementor-col-50 elementor-inner-column elementor-element elementor-element-a68c9e9\" data-id=\"a68c9e9\" data-element_type=\"column\" data-e-type=\"column\">\n\t\t\t<div class=\"elementor-widget-wrap\">\n\t\t\t\t\t\t\t<\/div>\n\t\t<\/div>\n\t\t\t\t<div class=\"elementor-column elementor-col-50 elementor-inner-column elementor-element elementor-element-00d108d\" data-id=\"00d108d\" data-element_type=\"column\" data-e-type=\"column\">\n\t\t\t<div class=\"elementor-widget-wrap\">\n\t\t\t\t\t\t\t<\/div>\n\t\t<\/div>\n\t\t\t\t\t<\/div>\n\t\t<\/section>\n\t\t\t\t\t<\/div>\n\t\t<\/div>\n\t\t\t\t\t<\/div>\n\t\t<\/section>\n\t\t\t\t<\/div>\n\t\t","protected":false},"excerpt":{"rendered":"<p>\u00c9 com muito orgulho e alegria que compartilhamos mais tr\u00eas produ\u00e7\u00f5es audiovisuais in\u00e9ditas. Sejam bem-vindos (as) \u00e0s hist\u00f3rias da s\u00e9rie Cartas \u00e0 Vila Belga,\u00a0 que com cor e imagens em movimento homenageia um dos lugares mais queridos de Santa Maria. Um conjunto de casas centen\u00e1rias coloridas recebe uma afetuosa visita. Em tom de carta, moradores [&hellip;]<\/p>\n","protected":false},"author":1,"featured_media":8093,"comment_status":"open","ping_status":"open","sticky":false,"template":"","format":"standard","meta":{"footnotes":""},"categories":[22],"tags":[114,1240,84,1242,960,1243,282,962,645,159,959],"class_list":["post-8090","post","type-post","status-publish","format-standard","has-post-thumbnail","hentry","category-noticias","tag-audiovisual","tag-cartas-a-vila-belga","tag-cultura","tag-fac-movimento","tag-ferrovia","tag-historia-ferroviaria","tag-memoria","tag-patrimonio","tag-pro-cultura","tag-santa-maria","tag-vila-belga"],"_links":{"self":[{"href":"https:\/\/tvovo.org\/portal\/wp-json\/wp\/v2\/posts\/8090","targetHints":{"allow":["GET"]}}],"collection":[{"href":"https:\/\/tvovo.org\/portal\/wp-json\/wp\/v2\/posts"}],"about":[{"href":"https:\/\/tvovo.org\/portal\/wp-json\/wp\/v2\/types\/post"}],"author":[{"embeddable":true,"href":"https:\/\/tvovo.org\/portal\/wp-json\/wp\/v2\/users\/1"}],"replies":[{"embeddable":true,"href":"https:\/\/tvovo.org\/portal\/wp-json\/wp\/v2\/comments?post=8090"}],"version-history":[{"count":0,"href":"https:\/\/tvovo.org\/portal\/wp-json\/wp\/v2\/posts\/8090\/revisions"}],"wp:featuredmedia":[{"embeddable":true,"href":"https:\/\/tvovo.org\/portal\/wp-json\/wp\/v2\/media\/8093"}],"wp:attachment":[{"href":"https:\/\/tvovo.org\/portal\/wp-json\/wp\/v2\/media?parent=8090"}],"wp:term":[{"taxonomy":"category","embeddable":true,"href":"https:\/\/tvovo.org\/portal\/wp-json\/wp\/v2\/categories?post=8090"},{"taxonomy":"post_tag","embeddable":true,"href":"https:\/\/tvovo.org\/portal\/wp-json\/wp\/v2\/tags?post=8090"}],"curies":[{"name":"wp","href":"https:\/\/api.w.org\/{rel}","templated":true}]}}