{"id":8078,"date":"2020-05-19T11:51:00","date_gmt":"2020-05-19T14:51:00","guid":{"rendered":"http:\/\/tvovo.org\/?p=8078"},"modified":"2021-06-11T15:42:26","modified_gmt":"2021-06-11T18:42:26","slug":"documentario-feito-por-jovens-indigenas-da-aldeia-guarani-de-santa-maria-e-premiado-em-festival","status":"publish","type":"post","link":"https:\/\/tvovo.org\/portal\/documentario-feito-por-jovens-indigenas-da-aldeia-guarani-de-santa-maria-e-premiado-em-festival\/","title":{"rendered":"Document\u00e1rio feito por jovens ind\u00edgenas da aldeia guarani de Santa Maria \u00e9 premiado em festival"},"content":{"rendered":"\t\t<div data-elementor-type=\"wp-post\" data-elementor-id=\"8078\" class=\"elementor elementor-8078\" data-elementor-post-type=\"post\">\n\t\t\t\t\t\t<section class=\"elementor-section elementor-top-section elementor-element elementor-element-40f9d291 elementor-section-boxed elementor-section-height-default elementor-section-height-default\" data-id=\"40f9d291\" data-element_type=\"section\" data-e-type=\"section\">\n\t\t\t\t\t\t<div class=\"elementor-container elementor-column-gap-default\">\n\t\t\t\t\t<div class=\"elementor-column elementor-col-100 elementor-top-column elementor-element elementor-element-226829a4\" data-id=\"226829a4\" data-element_type=\"column\" data-e-type=\"column\">\n\t\t\t<div class=\"elementor-widget-wrap elementor-element-populated\">\n\t\t\t\t\t\t<div class=\"elementor-element elementor-element-7a5bf009 elementor-widget elementor-widget-text-editor\" data-id=\"7a5bf009\" data-element_type=\"widget\" data-e-type=\"widget\" data-widget_type=\"text-editor.default\">\n\t\t\t\t<div class=\"elementor-widget-container\">\n\t\t\t\t\t\t\t\t\t<figure id=\"attachment_7942\" aria-describedby=\"caption-attachment-7942\" style=\"width: 489px\" class=\"wp-caption alignleft\"><img fetchpriority=\"high\" decoding=\"async\" class=\"wp-image-7942\" src=\"http:\/\/tvovo.org\/wp-content\/uploads\/2019\/10\/guarani.jpg\" alt=\"\" width=\"489\" height=\"348\" srcset=\"https:\/\/tvovo.org\/portal\/wp-content\/uploads\/2019\/10\/guarani.jpg 960w, https:\/\/tvovo.org\/portal\/wp-content\/uploads\/2019\/10\/guarani-300x214.jpg 300w, https:\/\/tvovo.org\/portal\/wp-content\/uploads\/2019\/10\/guarani-768x548.jpg 768w\" sizes=\"(max-width: 489px) 100vw, 489px\" \/><figcaption id=\"caption-attachment-7942\" class=\"wp-caption-text\">Grupo da oficina de audiovisual na aldeia Guarani.<\/figcaption><\/figure><p>Apesar dos tempos de pandemia, tamb\u00e9m h\u00e1 not\u00edcias boas para comemorarmos. Na semana passada, o\u00a0document\u00e1rio\u00a0<em>Mbya Arandu<\/em>\u00a0(Saber Guarani) foi escolhido como melhor document\u00e1rio no pr\u00eamio especial do j\u00fari no 13\u00ba Curta Taquary \u2013 Festival Internacional de Curta-Metragem, de Taquaritinga do Norte, em Pernambuco.<\/p><p>O filme \u00e9 o resultado das primeiras atividades de linguagem audiovisual da oficina que\u00a0 realizamos no ano passado com alunos da escola ind\u00edgena Mbya Yvyrai\u00b4Ij\u00e1 Tenod\u00e9 Ver\u00e1 Miri, da Aldeia Guarani Mby\u00e1 \u2013 Teko\u00e1 Guaviraty Por\u00e3, localizada no Distrito Industrial, em Santa Maria\/RS.<\/p><p><em>Mbya Arandu <\/em>fala sobre a necessidade de proteger a M\u00e3e Terra porque \u00e9 ela que nos d\u00e1 a vida.\u00a0O texto do pr\u00eamio especial do j\u00fari ressalta que foram premiados document\u00e1rios que se destacaram importantes \u201cpela diversidade e pertin\u00eancia das tem\u00e1ticas, que abordam o meio ambiente, a liberdade da mulher, a inclus\u00e3o, preconceito, bullying e poder\u201d.\u00a0<\/p><p><a href=\"https:\/\/www.curtataquary.com.br\/vencedorss-13o-curta-taquary\/\">Veja a lista completa dos premiados<\/a>. Neste ano, o festival, realizado de 22 a 25 de abril, foi totalmente virtual, como uma vitrine de entretenimento para a popula\u00e7\u00e3o que est\u00e1 em casa, possibilitando o acesso de todo o conte\u00fado para vota\u00e7\u00e3o e elei\u00e7\u00e3o do melhor pr\u00eamio na modalidade \u201cJ\u00fari Popular\u201d.<\/p><p>O document\u00e1rio foi produzido coletivamente por Claudemir Moreira, Elida T. Benites, Edson Acosta, Gabriel Alves, J\u00falio Benites, Andrielly T. da Silva, Marisa Beatriz T. Menites, Nelson C. C. Gimenes, Edson A. Tim\u00f3teo, Marcelina Tim\u00f3teo, Mila Acosta, Adriano, Neli Mombelli, Heitor Leal, Tayn\u00e1 Lopes e Paulo Tavares.\u00a0<\/p><p>Aproveitamos tamb\u00e9m para parabenizar a todos os produtores audiovisuais e todos os curtas selecionados no Festival. Seguimos resistindo na produ\u00e7\u00e3o audiovisual.<\/p><p>Por Thaisy Finamor<\/p><p>Assista ao filme:<\/p>\t\t\t\t\t\t\t\t<\/div>\n\t\t\t\t<\/div>\n\t\t\t\t<section class=\"elementor-section elementor-inner-section elementor-element elementor-element-95be4e6 elementor-section-boxed elementor-section-height-default elementor-section-height-default\" data-id=\"95be4e6\" data-element_type=\"section\" data-e-type=\"section\">\n\t\t\t\t\t\t<div class=\"elementor-container elementor-column-gap-default\">\n\t\t\t\t\t<div class=\"elementor-column elementor-col-100 elementor-inner-column elementor-element elementor-element-9bad2b0\" data-id=\"9bad2b0\" data-element_type=\"column\" data-e-type=\"column\">\n\t\t\t<div class=\"elementor-widget-wrap elementor-element-populated\">\n\t\t\t\t\t\t<div class=\"elementor-element elementor-element-a45c074 elementor-widget elementor-widget-video\" data-id=\"a45c074\" data-element_type=\"widget\" data-e-type=\"widget\" data-settings=\"{&quot;youtube_url&quot;:&quot;https:\\\/\\\/www.youtube.com\\\/watch?v=BLQjTShPHAI&quot;,&quot;video_type&quot;:&quot;youtube&quot;,&quot;controls&quot;:&quot;yes&quot;}\" data-widget_type=\"video.default\">\n\t\t\t\t<div class=\"elementor-widget-container\">\n\t\t\t\t\t\t\t<div class=\"elementor-wrapper elementor-open-inline\">\n\t\t\t<div class=\"elementor-video\"><\/div>\t\t<\/div>\n\t\t\t\t\t\t<\/div>\n\t\t\t\t<\/div>\n\t\t\t\t\t<\/div>\n\t\t<\/div>\n\t\t\t\t\t<\/div>\n\t\t<\/section>\n\t\t\t\t\t<\/div>\n\t\t<\/div>\n\t\t\t\t\t<\/div>\n\t\t<\/section>\n\t\t\t\t<\/div>\n\t\t","protected":false},"excerpt":{"rendered":"<p>Apesar dos tempos de pandemia, tamb\u00e9m h\u00e1 not\u00edcias boas para comemorarmos. Na semana passada, o\u00a0document\u00e1rio\u00a0Mbya Arandu\u00a0(Saber Guarani) foi escolhido como melhor document\u00e1rio no pr\u00eamio especial do j\u00fari no 13\u00ba Curta Taquary \u2013 Festival Internacional de Curta-Metragem, de Taquaritinga do Norte, em Pernambuco. O filme \u00e9 o resultado das primeiras atividades de linguagem audiovisual da oficina [&hellip;]<\/p>\n","protected":false},"author":1,"featured_media":7942,"comment_status":"open","ping_status":"open","sticky":false,"template":"","format":"standard","meta":{"footnotes":""},"categories":[22],"tags":[1236,1241,1179,1245,180,351,1178],"class_list":["post-8078","post","type-post","status-publish","format-standard","has-post-thumbnail","hentry","category-noticias","tag-13o-curta-taquary","tag-cinema-indigena","tag-mbya-arandu","tag-natureza","tag-oficina","tag-producao-audiovisual","tag-saber-guarani"],"_links":{"self":[{"href":"https:\/\/tvovo.org\/portal\/wp-json\/wp\/v2\/posts\/8078","targetHints":{"allow":["GET"]}}],"collection":[{"href":"https:\/\/tvovo.org\/portal\/wp-json\/wp\/v2\/posts"}],"about":[{"href":"https:\/\/tvovo.org\/portal\/wp-json\/wp\/v2\/types\/post"}],"author":[{"embeddable":true,"href":"https:\/\/tvovo.org\/portal\/wp-json\/wp\/v2\/users\/1"}],"replies":[{"embeddable":true,"href":"https:\/\/tvovo.org\/portal\/wp-json\/wp\/v2\/comments?post=8078"}],"version-history":[{"count":0,"href":"https:\/\/tvovo.org\/portal\/wp-json\/wp\/v2\/posts\/8078\/revisions"}],"wp:featuredmedia":[{"embeddable":true,"href":"https:\/\/tvovo.org\/portal\/wp-json\/wp\/v2\/media\/7942"}],"wp:attachment":[{"href":"https:\/\/tvovo.org\/portal\/wp-json\/wp\/v2\/media?parent=8078"}],"wp:term":[{"taxonomy":"category","embeddable":true,"href":"https:\/\/tvovo.org\/portal\/wp-json\/wp\/v2\/categories?post=8078"},{"taxonomy":"post_tag","embeddable":true,"href":"https:\/\/tvovo.org\/portal\/wp-json\/wp\/v2\/tags?post=8078"}],"curies":[{"name":"wp","href":"https:\/\/api.w.org\/{rel}","templated":true}]}}