{"id":7939,"date":"2019-10-02T12:22:03","date_gmt":"2019-10-02T15:22:03","guid":{"rendered":"https:\/\/tvovo.org\/portal\/?p=7939"},"modified":"2021-07-05T15:30:17","modified_gmt":"2021-07-05T18:30:17","slug":"mbya-arandu-saber-guarani","status":"publish","type":"post","link":"https:\/\/tvovo.org\/portal\/mbya-arandu-saber-guarani\/","title":{"rendered":"Mbya Arandu | Saber Guarani"},"content":{"rendered":"<figure id=\"attachment_7942\" aria-describedby=\"caption-attachment-7942\" style=\"width: 675px\" class=\"wp-caption aligncenter\"><img fetchpriority=\"high\" decoding=\"async\" class=\" wp-image-7942\" src=\"https:\/\/tvovo.org\/portal\/wp-content\/uploads\/2019\/10\/guarani.jpg\" alt=\"\" width=\"675\" height=\"482\" srcset=\"https:\/\/tvovo.org\/portal\/wp-content\/uploads\/2019\/10\/guarani.jpg 960w, https:\/\/tvovo.org\/portal\/wp-content\/uploads\/2019\/10\/guarani-300x214.jpg 300w, https:\/\/tvovo.org\/portal\/wp-content\/uploads\/2019\/10\/guarani-768x548.jpg 768w\" sizes=\"(max-width: 675px) 100vw, 675px\" \/><figcaption id=\"caption-attachment-7942\" class=\"wp-caption-text\">Grupo da oficina de audiovisual na aldeia Guarani.<\/figcaption><\/figure>\n<p>&nbsp;<\/p>\n<p>O v\u00eddeo Saber Guarani, ou Mbya Arandu em guarani, \u00e9 o resultado das primeiras experimenta\u00e7\u00f5es na linguagem audiovisuais dos alunos da escola ind\u00edgena Mbya Yvyrai\u00b4ij\u00e1 Tenod\u00e9 Ver\u00e1 Miri na Aldeia Guarani Mby\u00e1 &#8211; Teko\u00e1 Guaviraty Por\u00e3, localizada no distrito industrial, em Santa Maria\/ RS.<\/p>\n<p>Desde o in\u00edcio de agosto, parte da equipe da TV OVO compartilha viv\u00eancias e conhecimentos com os alunos da escola ind\u00edgena. O elo entre n\u00f3s e a comunidade ind\u00edgena \u00e9 a vontade de estimul\u00e1-los a registrar e contar suas hist\u00f3rias. Assim partimos toda segunda \u00e0 tarde para desenvolver oficinas de audiovisual, aproximarmos realidades diferentes, trocarmos afeto, construirmos e desconstruirmos ideias.<\/p>\n<p>S\u00e3o muitos os desafios, pois vivemos em tempos diferentes, falamos l\u00ednguas diferentes, vemos a vida de formas diferentes, e aprender um com o outro \u00e9 o melhor de todos eles. Acompanhe a primeira produ\u00e7\u00e3o que resulta desse encontro, um v\u00eddeo sens\u00edvel e necess\u00e1rio, principalmente nos dias em que vivemos hoje.<\/p>\n<p>&nbsp;<\/p>\n<p style=\"text-align: center\">\n<p>Sinopse<\/p>\n<p>Proteger a M\u00e3e Terra porque \u00e9 ela que nos d\u00e1 a vida. V\u00eddeo produzido pelos jovens guaranis da aldeia Tekoa Guaviraty Por\u00e3 durante a oficina de audiovisual da TV OVO na escola ind\u00edgena Mbya Yvyrai\u00b4ij\u00e1 Tenod\u00e9 Ver\u00e1 Miri.<\/p>\n<p>J\u00e1 est\u00e1 por dentro das nossas redes sociais? Por l\u00e1 voc\u00ea acompanha conte\u00fados como este e muito mais. Nos acompanhe pelo Facebook, <a href=\"https:\/\/www.youtube.com\/tvovo\">YouTube<\/a> e <a href=\"https:\/\/www.instagram.com\/tvovosm\/\">Instagram<\/a>.<\/p>\n<p>Por Tayn\u00e1 Lopes<\/p>\n","protected":false},"excerpt":{"rendered":"<p>&nbsp; O v\u00eddeo Saber Guarani, ou Mbya Arandu em guarani, \u00e9 o resultado das primeiras experimenta\u00e7\u00f5es na linguagem audiovisuais dos alunos da escola ind\u00edgena Mbya Yvyrai\u00b4ij\u00e1 Tenod\u00e9 Ver\u00e1 Miri na Aldeia Guarani Mby\u00e1 &#8211; Teko\u00e1 Guaviraty Por\u00e3, localizada no distrito industrial, em Santa Maria\/ RS. Desde o in\u00edcio de agosto, parte da equipe da TV [&hellip;]<\/p>\n","protected":false},"author":1,"featured_media":7942,"comment_status":"open","ping_status":"open","sticky":false,"template":"","format":"standard","meta":{"footnotes":""},"categories":[22],"tags":[1177,114,103,1179,282,196,1178],"class_list":["post-7939","post","type-post","status-publish","format-standard","has-post-thumbnail","hentry","category-noticias","tag-aldeia-guarani","tag-audiovisual","tag-historia","tag-mbya-arandu","tag-memoria","tag-povos-indigenas","tag-saber-guarani"],"_links":{"self":[{"href":"https:\/\/tvovo.org\/portal\/wp-json\/wp\/v2\/posts\/7939","targetHints":{"allow":["GET"]}}],"collection":[{"href":"https:\/\/tvovo.org\/portal\/wp-json\/wp\/v2\/posts"}],"about":[{"href":"https:\/\/tvovo.org\/portal\/wp-json\/wp\/v2\/types\/post"}],"author":[{"embeddable":true,"href":"https:\/\/tvovo.org\/portal\/wp-json\/wp\/v2\/users\/1"}],"replies":[{"embeddable":true,"href":"https:\/\/tvovo.org\/portal\/wp-json\/wp\/v2\/comments?post=7939"}],"version-history":[{"count":0,"href":"https:\/\/tvovo.org\/portal\/wp-json\/wp\/v2\/posts\/7939\/revisions"}],"wp:featuredmedia":[{"embeddable":true,"href":"https:\/\/tvovo.org\/portal\/wp-json\/wp\/v2\/media\/7942"}],"wp:attachment":[{"href":"https:\/\/tvovo.org\/portal\/wp-json\/wp\/v2\/media?parent=7939"}],"wp:term":[{"taxonomy":"category","embeddable":true,"href":"https:\/\/tvovo.org\/portal\/wp-json\/wp\/v2\/categories?post=7939"},{"taxonomy":"post_tag","embeddable":true,"href":"https:\/\/tvovo.org\/portal\/wp-json\/wp\/v2\/tags?post=7939"}],"curies":[{"name":"wp","href":"https:\/\/api.w.org\/{rel}","templated":true}]}}