{"id":7934,"date":"2019-10-02T12:12:33","date_gmt":"2019-10-02T15:12:33","guid":{"rendered":"https:\/\/tvovo.org\/portal\/?p=7934"},"modified":"2021-07-05T15:31:41","modified_gmt":"2021-07-05T18:31:41","slug":"prepare-se-para-uma-maratona-cinematografica","status":"publish","type":"post","link":"https:\/\/tvovo.org\/portal\/prepare-se-para-uma-maratona-cinematografica\/","title":{"rendered":"Prepare-se para uma maratona cinematogr\u00e1fica"},"content":{"rendered":"<p><img fetchpriority=\"high\" decoding=\"async\" class=\"size-full wp-image-7935 aligncenter\" src=\"https:\/\/tvovo.org\/portal\/wp-content\/uploads\/2019\/10\/festivais-2019.jpg\" alt=\"\" width=\"563\" height=\"413\" srcset=\"https:\/\/tvovo.org\/portal\/wp-content\/uploads\/2019\/10\/festivais-2019.jpg 563w, https:\/\/tvovo.org\/portal\/wp-content\/uploads\/2019\/10\/festivais-2019-300x220.jpg 300w\" sizes=\"(max-width: 563px) 100vw, 563px\" \/><\/p>\n<p>&nbsp;<\/p>\n<p>Para quem \u00e9 amante do audiovisual e deseja ampliar seus conhecimentos a respeito, dois grandes eventos ocorrer\u00e3o nesse m\u00eas em Santa Maria. O <a href=\"https:\/\/www.facebook.com\/cinemaestudantil\/\">CINEST<\/a> \u2013 Festival Internacional de Cinema Estudantil promover\u00e1 debates sobre acessibilidade no audiovisual, al\u00e9m de oficinas focadas em introdu\u00e7\u00e3o de roteiro para audiodescri\u00e7\u00e3o e maquiagem\/efeitos especiais. A edi\u00e7\u00e3o deste ano ir\u00e1 ocorrer entre os dias 14 e 18 de outubro, na CESMA (Cooperativa dos Estudantes de Santa Maria), na Rua Professor Braga, n\u00ba 55. Na programa\u00e7\u00e3o, prevista no site oficial, al\u00e9m de exibi\u00e7\u00f5es, apresenta\u00e7\u00f5es de trabalhos, palestras e exibi\u00e7\u00f5es dos filmes durante o per\u00edodo, o \u00faltimo dia do evento ser\u00e1 a premia\u00e7\u00e3o dos vencedores das mostras competitivas. A exibi\u00e7\u00e3o da mostra competitiva ir\u00e1 ser na Universidade Franciscana e na Universidade Federal de Santa Maria. Para se inscrever nas palestras e oficinas, \u00e9 necess\u00e1rio se <a href=\"https:\/\/www.cinest.org\/inscri\">cadastrar<\/a> no site oficial do festival.<\/p>\n<p>J\u00e1 a 13\u00ba edi\u00e7\u00e3o do <a href=\"https:\/\/www.facebook.com\/SMVC.festivaldecinema\/\">SMVC<\/a> (Santa Maria V\u00eddeo e Cinema) ir\u00e1 ocorrer no fim do m\u00eas, de 29 de outubro a 3 de novembro. As atividades do evento est\u00e3o estruturadas em torno do tema dessa edi\u00e7\u00e3o \u201cCinema para todas\u201d, que promove um debate a respeito do protagonismo feminino no audiovisual. Parte da programa\u00e7\u00e3o j\u00e1 foi divulgada.&nbsp; A abertura do festival trar\u00e1 a exibi\u00e7\u00e3o do longa-metragem \u201cLegalidade\u201d do diretor ga\u00facho Zeca Brito, no Centro de Conven\u00e7\u00f5es da UFSM, dia 29 de outubro, \u00e0s 19h, com entrada franca. E, al\u00e9m disso, est\u00e3o abertas as inscri\u00e7\u00f5es para a oficina com Hique Montanari, diretor do filme \u201cYo\u00f1lu\u201d, que ser\u00e1 dia 30 de outubro na CESMA a partir das 13h. A atividade prop\u00f5e um estudo de caso com um exerc\u00edcio de escolhas est\u00e9ticas e narrativas do longa-metragem. A inscri\u00e7\u00e3o pode ser feita pela p\u00e1gina do festival ou tratar com Luciano pelo n\u00famero (55) 99188.2442, com o valor de R$ 30 para estudantes e $50 para o p\u00fablico geral. O festival est\u00e1 aceitando contribui\u00e7\u00f5es na plataforma <a href=\"https:\/\/www.catarse.me\/13smvc\">catarse.me<\/a> para arrecada\u00e7\u00e3o de fundos.<\/p>\n<p>&nbsp;<\/p>\n<p>Por Juliana Brittes<\/p>\n<p>&nbsp;<\/p>\n","protected":false},"excerpt":{"rendered":"<p>&nbsp; Para quem \u00e9 amante do audiovisual e deseja ampliar seus conhecimentos a respeito, dois grandes eventos ocorrer\u00e3o nesse m\u00eas em Santa Maria. O CINEST \u2013 Festival Internacional de Cinema Estudantil promover\u00e1 debates sobre acessibilidade no audiovisual, al\u00e9m de oficinas focadas em introdu\u00e7\u00e3o de roteiro para audiodescri\u00e7\u00e3o e maquiagem\/efeitos especiais. A edi\u00e7\u00e3o deste ano ir\u00e1 [&hellip;]<\/p>\n","protected":false},"author":1,"featured_media":7935,"comment_status":"open","ping_status":"open","sticky":false,"template":"","format":"standard","meta":{"footnotes":""},"categories":[22],"tags":[114,214,1176,213,993,159],"class_list":["post-7934","post","type-post","status-publish","format-standard","has-post-thumbnail","hentry","category-noticias","tag-audiovisual","tag-cinema","tag-cultura-acessibilidade","tag-festival","tag-narrativas","tag-santa-maria"],"_links":{"self":[{"href":"https:\/\/tvovo.org\/portal\/wp-json\/wp\/v2\/posts\/7934","targetHints":{"allow":["GET"]}}],"collection":[{"href":"https:\/\/tvovo.org\/portal\/wp-json\/wp\/v2\/posts"}],"about":[{"href":"https:\/\/tvovo.org\/portal\/wp-json\/wp\/v2\/types\/post"}],"author":[{"embeddable":true,"href":"https:\/\/tvovo.org\/portal\/wp-json\/wp\/v2\/users\/1"}],"replies":[{"embeddable":true,"href":"https:\/\/tvovo.org\/portal\/wp-json\/wp\/v2\/comments?post=7934"}],"version-history":[{"count":0,"href":"https:\/\/tvovo.org\/portal\/wp-json\/wp\/v2\/posts\/7934\/revisions"}],"wp:featuredmedia":[{"embeddable":true,"href":"https:\/\/tvovo.org\/portal\/wp-json\/wp\/v2\/media\/7935"}],"wp:attachment":[{"href":"https:\/\/tvovo.org\/portal\/wp-json\/wp\/v2\/media?parent=7934"}],"wp:term":[{"taxonomy":"category","embeddable":true,"href":"https:\/\/tvovo.org\/portal\/wp-json\/wp\/v2\/categories?post=7934"},{"taxonomy":"post_tag","embeddable":true,"href":"https:\/\/tvovo.org\/portal\/wp-json\/wp\/v2\/tags?post=7934"}],"curies":[{"name":"wp","href":"https:\/\/api.w.org\/{rel}","templated":true}]}}