{"id":7926,"date":"2019-10-01T14:34:10","date_gmt":"2019-10-01T17:34:10","guid":{"rendered":"https:\/\/tvovo.org\/portal\/?p=7926"},"modified":"2021-07-05T15:33:38","modified_gmt":"2021-07-05T18:33:38","slug":"cultura-e-luta-indigena-no-narrativas-em-movimento","status":"publish","type":"post","link":"https:\/\/tvovo.org\/portal\/cultura-e-luta-indigena-no-narrativas-em-movimento\/","title":{"rendered":"Cultura e luta ind\u00edgena no Narrativas em Movimento"},"content":{"rendered":"<div>\n<figure id=\"attachment_7927\" aria-describedby=\"caption-attachment-7927\" style=\"width: 635px\" class=\"wp-caption aligncenter\"><img fetchpriority=\"high\" decoding=\"async\" class=\" wp-image-7927\" src=\"https:\/\/tvovo.org\/portal\/wp-content\/uploads\/2019\/10\/Vincent.jpg\" alt=\"\" width=\"635\" height=\"423\" srcset=\"https:\/\/tvovo.org\/portal\/wp-content\/uploads\/2019\/10\/Vincent.jpg 990w, https:\/\/tvovo.org\/portal\/wp-content\/uploads\/2019\/10\/Vincent-300x200.jpg 300w, https:\/\/tvovo.org\/portal\/wp-content\/uploads\/2019\/10\/Vincent-768x512.jpg 768w\" sizes=\"(max-width: 635px) 100vw, 635px\" \/><figcaption id=\"caption-attachment-7927\" class=\"wp-caption-text\">Vincent percorre aldeias do pa\u00eds h\u00e1 mais de 30 anos trabalhando com forma\u00e7\u00e3o audiovisual. Foto L\u00edvia Teixeira<\/figcaption><\/figure>\n<\/div>\n<div><\/div>\n<p>A quest\u00e3o ind\u00edgena voltou aos notici\u00e1rios com for\u00e7a neste ano, no entanto, os espa\u00e7os midi\u00e1ticos mostram apenas um lado dessa quest\u00e3o e raramente \u00e9 o lado mais vulner\u00e1vel. Discutir sobre como o uso do audiovisual fortalece a luta e ajuda a preservar a cultura dos povos ind\u00edgenas do Brasil foi o objetivo do Narrativas em Movimento&nbsp; realizado no \u00faltimo dia 19. Com o tema \u201cMem\u00f3ria e Territ\u00f3rios no Audiovisual\u201d, o col\u00f3quio trouxe o documentarista e indigenista Vincent Carelli.<\/p>\n<p><span style=\"font-family: 'Georgia',serif;color: #333333;background: white\">Ele \u00e9 idealizador do V\u00eddeo Nas Aldeias, projeto que est\u00e1 h\u00e1 mais de 30 anos ajudando na forma\u00e7\u00e3o de cineastas e cinegrafistas ind\u00edgenas. Al\u00e9m da forma\u00e7\u00e3o, o projeto busca fortalecer a identidade dos povos ind\u00edgenas, registrando seus costumes e tradi\u00e7\u00f5es. <\/span><span style=\"cursor: text;float: none\">Entre o p\u00fablico estavam representantes das aldeias Guarani e Kaingang de Santa Maria. Para eles, essa experi\u00eancia tamb\u00e9m foi enriquecedora, pois puderam conhecer a realidade de outras comunidades ind\u00edgenas pelo pa\u00eds, como relatou Lu\u00eds da aldeia Kaingang em sua fala.<\/span><\/p>\n<p>Durante o encontro, a quest\u00e3o do audiovisual como ferramenta de preserva\u00e7\u00e3o da mem\u00f3ria dos povos ind\u00edgenas foi bastante abordada, j\u00e1 que segundo Vincent, as comunidades ind\u00edgenas ficam bastante decepcionadas com a forma que s\u00e3o retratadas por terceiros, por isso est\u00e3o sempre dispostos a colaborar nos projetos onde elas mesmas podem contar suas hist\u00f3rias, porque \u00e9 outro olhar. \u201cAcredito que a quest\u00e3o do audiovisual tem esse poder mais sensorial. A gente j\u00e1 tem essa sensibilidade, mas ao ver os v\u00eddeos que ele passou sentimos mais impacto\u201d, afirma Anna Christina Pimenta, estudante de rela\u00e7\u00f5es p\u00fablicas da UFSM.<\/p>\n<p>Sobre os aprendizados do col\u00f3quio, Maria Eduarda Righetto, estudante de Publicidade e Propaganda da UFSM diz que &#8220;olhamos para os problemas da nossa realidade sem nos darmos conta que a realidade do outro faz parte da nossa. [&#8230;] Temos que nos preocupar com a sobreviv\u00eancia dos povos ind\u00edgenas que est\u00e3o tentando manter vivo a si mesmos e a sua cultura\u201d. Tamb\u00e9m estudante de Publicidade e Propaganda da UFSM, Amanda da Cas, comenta: \u201cAcho que \u00e9 uma oportunidade de levarmos esse conhecimento para as pessoas que n\u00e3o puderam estar aqui&#8230; a grande import\u00e2ncia foi ter recebido todo o impacto dessa discuss\u00e3o e tentar levar para outros espa\u00e7os, tanto para nossa fam\u00edlia quanto para a \u00e1rea da comunica\u00e7\u00e3o, pois s\u00e3o poucos os ve\u00edculos que trazem esse tipo de<br \/>\ninforma\u00e7\u00e3o\u201d.<\/p>\n<p>De todos os aprendizados que este col\u00f3quio trouxe, talvez o mais importante tenha sido o de que a quest\u00e3o ind\u00edgena precisa ser debatida em todas as esferas da sociedade, pois a uni\u00e3o dos brasileiros \u00e9 a arma mais eficaz para assegurar a defesa e cumprimento dos direitos ind\u00edgenas. E isso tamb\u00e9m significa preservar nossas florestas que t\u00eam import\u00e2ncia fundamental na manuten\u00e7\u00e3o de um planeta habit\u00e1vel.<\/p>\n<p>&nbsp;<\/p>\n<p><strong>Em tempo: audiovisuais ind\u00edgenas<\/strong><\/p>\n<p>&nbsp;<\/p>\n<div>Um dia antes do col\u00f3quio, houve a exibi\u00e7\u00e3o de \u201cMart\u00edrio\u201d, document\u00e1rio dirigido por Vincent Carelli junto com Ernesto de Carvalho e Tatiana Almeida, que retrata o genoc\u00eddio dos \u00edndios guarani-kaiow\u00e1s. O filme foi eleito o melhor longa-metragem nacional de 2017 pela Associa\u00e7\u00e3o Brasileira de Cr\u00edticos de Cinema (Abraccine) entre outros pr\u00eamios em diversos festivais. Sobre \u201cMart\u00edrio\u201d, William Bo\u00e9ssio, p\u00f3s-graduando em jornalismo da UFSM, diz: \u201cVim para ver como os elementos t\u00e9cnicos da grava\u00e7\u00e3o seriam executados&#8221;. Outro ponto que o interessou foi sobre como o trabalho seria uma forma de os povos ind\u00edgenas mostrassem a sua realidade para se defender. Apesar de j\u00e1 conhecer a causa ind\u00edgena, ele n\u00e3o conhecia as especificidades desses povos. Para William, esse trabalho &#8220;conseguiu contar muito bem as diversas realidades, amarr\u00e1-las e fazer uma bela hist\u00f3ria\u201d. Para quem quiser assistir, o document\u00e1rio est\u00e1 dispon\u00edvel no canal do <a href=\"https:\/\/vimeo.com\/ondemand\/martirio\/187223116\">V\u00eddeo das Aldeias no Vimeo<\/a> para acesso on demand<\/div>\n<div>J\u00e1 na abertura do col\u00f3quio, foi exibido o v\u00eddeo \u201c<a href=\"https:\/\/www.youtube.com\/watch?v=BLQjTShPHAI&amp;t=10s\">MBYA Arandu |Saber Guarani<\/a>\u201d, v\u00eddeo produzido pelos jovens guaranis da aldeia Tekoa Guaviraty Por\u00e3, de Santa Maria, durante oficina audiovisual da TV OVO. O v\u00eddeo fala sobre o respeito, cuidado e a rela\u00e7\u00e3o sagrada que o povo guarani t\u00eam com a natureza.<\/div>\n<p>Por Bernardo S. Silva<\/p>\n<p>&nbsp;<\/p>\n<div><\/div>\n","protected":false},"excerpt":{"rendered":"<p>A quest\u00e3o ind\u00edgena voltou aos notici\u00e1rios com for\u00e7a neste ano, no entanto, os espa\u00e7os midi\u00e1ticos mostram apenas um lado dessa quest\u00e3o e raramente \u00e9 o lado mais vulner\u00e1vel. Discutir sobre como o uso do audiovisual fortalece a luta e ajuda a preservar a cultura dos povos ind\u00edgenas do Brasil foi o objetivo do Narrativas em [&hellip;]<\/p>\n","protected":false},"author":1,"featured_media":7927,"comment_status":"open","ping_status":"open","sticky":false,"template":"","format":"standard","meta":{"footnotes":""},"categories":[22],"tags":[1175,114,84,1171,1172,256,731,1173,282,792,1174],"class_list":["post-7926","post","type-post","status-publish","format-standard","has-post-thumbnail","hentry","category-noticias","tag-aldeias","tag-audiovisual","tag-cultura","tag-guarani","tag-indiegenas","tag-kaingang","tag-licsm","tag-martirio","tag-memoria","tag-narrativas-em-movimento","tag-vincent-carelli"],"_links":{"self":[{"href":"https:\/\/tvovo.org\/portal\/wp-json\/wp\/v2\/posts\/7926","targetHints":{"allow":["GET"]}}],"collection":[{"href":"https:\/\/tvovo.org\/portal\/wp-json\/wp\/v2\/posts"}],"about":[{"href":"https:\/\/tvovo.org\/portal\/wp-json\/wp\/v2\/types\/post"}],"author":[{"embeddable":true,"href":"https:\/\/tvovo.org\/portal\/wp-json\/wp\/v2\/users\/1"}],"replies":[{"embeddable":true,"href":"https:\/\/tvovo.org\/portal\/wp-json\/wp\/v2\/comments?post=7926"}],"version-history":[{"count":0,"href":"https:\/\/tvovo.org\/portal\/wp-json\/wp\/v2\/posts\/7926\/revisions"}],"wp:featuredmedia":[{"embeddable":true,"href":"https:\/\/tvovo.org\/portal\/wp-json\/wp\/v2\/media\/7927"}],"wp:attachment":[{"href":"https:\/\/tvovo.org\/portal\/wp-json\/wp\/v2\/media?parent=7926"}],"wp:term":[{"taxonomy":"category","embeddable":true,"href":"https:\/\/tvovo.org\/portal\/wp-json\/wp\/v2\/categories?post=7926"},{"taxonomy":"post_tag","embeddable":true,"href":"https:\/\/tvovo.org\/portal\/wp-json\/wp\/v2\/tags?post=7926"}],"curies":[{"name":"wp","href":"https:\/\/api.w.org\/{rel}","templated":true}]}}