{"id":7912,"date":"2019-08-27T21:42:58","date_gmt":"2019-08-28T00:42:58","guid":{"rendered":"https:\/\/tvovo.org\/portal\/?p=7912"},"modified":"2021-07-05T15:36:29","modified_gmt":"2021-07-05T18:36:29","slug":"documentario-busca-discutir-presenca-indigena-em-santa-maria","status":"publish","type":"post","link":"https:\/\/tvovo.org\/portal\/documentario-busca-discutir-presenca-indigena-em-santa-maria\/","title":{"rendered":"Document\u00e1rio busca discutir presen\u00e7a ind\u00edgena em Santa Maria"},"content":{"rendered":"<figure id=\"attachment_7913\" aria-describedby=\"caption-attachment-7913\" style=\"width: 754px\" class=\"wp-caption aligncenter\"><img fetchpriority=\"high\" decoding=\"async\" class=\" wp-image-7913\" src=\"https:\/\/tvovo.org\/portal\/wp-content\/uploads\/2019\/08\/aldeia-guarani.jpg\" alt=\"\" width=\"754\" height=\"566\" srcset=\"https:\/\/tvovo.org\/portal\/wp-content\/uploads\/2019\/08\/aldeia-guarani.jpg 4160w, https:\/\/tvovo.org\/portal\/wp-content\/uploads\/2019\/08\/aldeia-guarani-300x225.jpg 300w, https:\/\/tvovo.org\/portal\/wp-content\/uploads\/2019\/08\/aldeia-guarani-768x576.jpg 768w, https:\/\/tvovo.org\/portal\/wp-content\/uploads\/2019\/08\/aldeia-guarani-1024x768.jpg 1024w\" sizes=\"(max-width: 754px) 100vw, 754px\" \/><figcaption id=\"caption-attachment-7913\" class=\"wp-caption-text\">Gabriel faz exerc\u00edcios de enquadramentos na aldeia Guarani. Foto de Tayn\u00e1 Lopes<\/figcaption><\/figure>\n<p>Neste ano, o nosso projeto <em>Por onde passa a mem\u00f3ria da cidade<\/em> trabalha na constru\u00e7\u00e3o de um document\u00e1rio que busca discutir a presen\u00e7a ind\u00edgena em Santa Maria. A ideia inicial da produ\u00e7\u00e3o \u00e9 abordar a forma\u00e7\u00e3o e origem de Santa Maria, intercalando a vers\u00e3o hist\u00f3rica e a lend\u00e1ria, ambas apresentando os ind\u00edgenas como parte da hist\u00f3ria. Junto de entrevistas com membros de comunidades ind\u00edgenas, antrop\u00f3logos, soci\u00f3logos e historiadores iremos construir uma narrativa que busque documentar a mem\u00f3ria destes povos, sempre t\u00e3o invisibilizados.<\/p>\n<p>Para o desenvolvimento do projeto est\u00e3o sendo realizadas pesquisas hist\u00f3ricas e conversas com diversas fontes, que conhe\u00e7am a hist\u00f3ria e\/ou tenham rela\u00e7\u00e3o com ela. Est\u00e1 em curso um levantamento de dados, fontes, registros, documentos e imagens, para ent\u00e3o iniciarmos as di\u00e1rias de grava\u00e7\u00e3o.<\/p>\n<p>Foi a partir da pesquisa que visitamos as aldeias ind\u00edgenas Guarani e Kaingang de Santa Maria e, desde meados de agosto estamos realizando oficinas de forma\u00e7\u00e3o audiovisual para os jovens da aldeia Guarani, que tem entre 13 e 20 anos.&nbsp; Em outubro devemos ir fazer o mesmo na aldeia Kaingang. Embora o document\u00e1rio tenha financiamento da Lei de Incentivo \u00e0 Cultura de Santa Maria, LIC\/SM, as oficinas s\u00e3o uma atividade paralela que estamos fazendo, com nossos pr\u00f3prios recursos, porque n\u00e3o queremos falar da presen\u00e7a ind\u00edgena pelo nosso olhar, queremos que eles falem de si a partir do seu pr\u00f3prio olhar. Por isso, aos poucos, buscamos trocar conhecimentos e instrumentaliz\u00e1-los para que possam registrar suas pr\u00f3prias hist\u00f3rias e sua cultura.<\/p>\n<p>Por Tayn\u00e1 Lopes<\/p>\n","protected":false},"excerpt":{"rendered":"<p>Neste ano, o nosso projeto Por onde passa a mem\u00f3ria da cidade trabalha na constru\u00e7\u00e3o de um document\u00e1rio que busca discutir a presen\u00e7a ind\u00edgena em Santa Maria. A ideia inicial da produ\u00e7\u00e3o \u00e9 abordar a forma\u00e7\u00e3o e origem de Santa Maria, intercalando a vers\u00e3o hist\u00f3rica e a lend\u00e1ria, ambas apresentando os ind\u00edgenas como parte da [&hellip;]<\/p>\n","protected":false},"author":1,"featured_media":7913,"comment_status":"open","ping_status":"open","sticky":false,"template":"","format":"standard","meta":{"footnotes":""},"categories":[22],"tags":[114,84,1170,273,1171,913,256,731,282,1169,1079],"class_list":["post-7912","post","type-post","status-publish","format-standard","has-post-thumbnail","hentry","category-noticias","tag-audiovisual","tag-cultura","tag-cultura-indigena","tag-documentario","tag-guarani","tag-indigenas","tag-kaingang","tag-licsm","tag-memoria","tag-pop","tag-por-onde-passa-a-memoria-da-cidade"],"_links":{"self":[{"href":"https:\/\/tvovo.org\/portal\/wp-json\/wp\/v2\/posts\/7912","targetHints":{"allow":["GET"]}}],"collection":[{"href":"https:\/\/tvovo.org\/portal\/wp-json\/wp\/v2\/posts"}],"about":[{"href":"https:\/\/tvovo.org\/portal\/wp-json\/wp\/v2\/types\/post"}],"author":[{"embeddable":true,"href":"https:\/\/tvovo.org\/portal\/wp-json\/wp\/v2\/users\/1"}],"replies":[{"embeddable":true,"href":"https:\/\/tvovo.org\/portal\/wp-json\/wp\/v2\/comments?post=7912"}],"version-history":[{"count":0,"href":"https:\/\/tvovo.org\/portal\/wp-json\/wp\/v2\/posts\/7912\/revisions"}],"wp:featuredmedia":[{"embeddable":true,"href":"https:\/\/tvovo.org\/portal\/wp-json\/wp\/v2\/media\/7913"}],"wp:attachment":[{"href":"https:\/\/tvovo.org\/portal\/wp-json\/wp\/v2\/media?parent=7912"}],"wp:term":[{"taxonomy":"category","embeddable":true,"href":"https:\/\/tvovo.org\/portal\/wp-json\/wp\/v2\/categories?post=7912"},{"taxonomy":"post_tag","embeddable":true,"href":"https:\/\/tvovo.org\/portal\/wp-json\/wp\/v2\/tags?post=7912"}],"curies":[{"name":"wp","href":"https:\/\/api.w.org\/{rel}","templated":true}]}}