{"id":7901,"date":"2019-08-27T19:45:46","date_gmt":"2019-08-27T22:45:46","guid":{"rendered":"https:\/\/tvovo.org\/portal\/?p=7901"},"modified":"2021-07-05T15:37:50","modified_gmt":"2021-07-05T18:37:50","slug":"conferencia-municipal-de-cultura-sera-nesta-semana-em-santa-maria","status":"publish","type":"post","link":"https:\/\/tvovo.org\/portal\/conferencia-municipal-de-cultura-sera-nesta-semana-em-santa-maria\/","title":{"rendered":"Confer\u00eancia Municipal de Cultura ser\u00e1 nesta semana em Santa Maria"},"content":{"rendered":"<p><img fetchpriority=\"high\" decoding=\"async\" class=\"wp-image-7902 aligncenter\" src=\"https:\/\/tvovo.org\/portal\/wp-content\/uploads\/2019\/08\/conferencia-2019.jpg\" alt=\"\" width=\"515\" height=\"385\" srcset=\"https:\/\/tvovo.org\/portal\/wp-content\/uploads\/2019\/08\/conferencia-2019.jpg 687w, https:\/\/tvovo.org\/portal\/wp-content\/uploads\/2019\/08\/conferencia-2019-300x224.jpg 300w\" sizes=\"(max-width: 515px) 100vw, 515px\" \/><\/p>\n<p>A Confer\u00eancia Municipal de Cultura ser\u00e1 nos dias 28, 29 e 30 de agosto e&nbsp;mobilizar\u00e1 debates em torno dos segmentos culturais. A programa\u00e7\u00e3o \u00e9 composta por palestras e workshops, al\u00e9m da elei\u00e7\u00e3o dos novos conselheiros e representantes do Conselho Municipal de Pol\u00edtica Cultural (CMPC), que ir\u00e3o fazer as discuss\u00f5es, aprovar e deliberar quest\u00f5es sobre a pol\u00edtica cultural de Santa Maria para os pr\u00f3ximos dois anos. A confer\u00eancia tem como objetivo fortalecer a cultura na cidade, valorizando as manifesta\u00e7\u00f5es t\u00e9cnico-art\u00edsticas e mobilizar os segmentos culturais da cidade, proporcionando-lhes informa\u00e7\u00f5es e aux\u00edlio para sua organiza\u00e7\u00e3o.<br \/>\nAs reuni\u00f5es do Conselho ocorrem uma vez por m\u00eas, onde \u00e9 debatido quest\u00f5es de pol\u00edtica geral, al\u00e9m de especificidades de cada um dos 20 segmentos de cultura. Qualquer cidad\u00e3o santa-mariense pode votar em um dos representantes, basta ter um documento com foto e ir at\u00e9 um dos locais de vota\u00e7\u00e3o: na Secretaria Municipal de Cultura, Esporte e Lazer (Rua Ven\u00e2ncio Aires, 1934, 2\u00ba andar), das 9h \u00e0s 16h30, ou das 18h \u00e0s 21h no Sal\u00e3o Azul da Universidade Franciscana (Rua dos Andradas, 1614, conjunto 1 pr\u00e9dio 2).<\/p>\n<p>Programa\u00e7\u00e3o completa:<br \/>\nLocal: Sal\u00e3o Azul da Universidade Franciscana, localizada na Rua dos Andradas n\u00ba 1614, Conjunto I, Pr\u00e9dio 2.<\/p>\n<p>28 DE AGOSTO<br \/>\n18h &#8211; Credenciamento<br \/>\n18h30 &#8211; Solenidade de Abertura com a presen\u00e7a das autoridades: &#8211; Jorge Pozzobom \u2013 Prefeito Municipal de Santa Maria; &#8211; Beatriz Ara\u00fajo &#8211; Secret\u00e1ria de Estado da Cultura do Rio Grande do Sul; &#8211; Marta Zanella \u2013 Secret\u00e1ria de Cultura, Esporte e Lazer de Santa Maria; &#8211; Alvaro Franco &#8211; Representante Regional Sul da Secretaria Especial da Cultura do Minist\u00e9rio da Cidadania. &#8211; Orlando Fonseca \u2013 Presidente do Conselho Municipal de Pol\u00edtica Cultural de Santa Maria<br \/>\n19h15 &#8211; Painel &#8220;Altera\u00e7\u00f5es no Sistema Pr\u00f3 Cultura RS&#8221;, com Rafael Bale &#8211; Diretor do Departamento de Fomento do Pr\u00f3 Cultura RS.<br \/>\n19h45 &#8211; Painel &#8220;Programa RS Criativo&#8221;, com Ana Fagundes &#8211; Diretora de Economia Criativa da Secretaria de Estado da Cultura do Rio Grande do Sul;<br \/>\n20h15 &#8211; Painel &#8220;Nova Instru\u00e7\u00e3o Normativa da Lei Rouanet&#8221;, com Alvaro Franco &#8211; Representante Regional Sul da Secretaria Especial da Cultura do Minist\u00e9rio da Cidadania.<\/p>\n<p>29 DE AGOSTO<br \/>\n14h &#8211; Capacita\u00e7\u00e3o &#8220;Empreendedorismo na \u00c1rea Criativa&#8221;<br \/>\n18h30 &#8211; Painel &#8220;Acessibilidade&#8221; com Cristian Evandro Sehnem (T\u00e9cnico em Educa\u00e7\u00e3o no N\u00facleo de Acessibilidade da UFSM) e Silvia Wolff (coreografa, bailarina, professora adjunta e vice coordenadora do Curso de Bacharelado em Dan\u00e7a da Universidade Federal de Santa Maria)<br \/>\n21h &#8211; Discuss\u00e3o e vota\u00e7\u00e3o de mo\u00e7\u00f5es de orienta\u00e7\u00e3o ao CMPC<\/p>\n<p>30 DE AGOSTO<br \/>\n14h &#8211; Capacita\u00e7\u00e3o &#8220;Empreendedorismo na \u00c1rea Criativa&#8221;<br \/>\n18h30 &#8211; An\u00fancio do resultado da elei\u00e7\u00e3o do CMPC-SM<br \/>\n19h &#8211; Painel &#8220;Capta\u00e7\u00e3o de Recursos&#8221; \u2013 Maria Aparecida Herok, da produtora Cida Cultural<br \/>\n21h &#8211; Discuss\u00e3o e vota\u00e7\u00e3o de mo\u00e7\u00f5es de orienta\u00e7\u00e3o ao CMPC<\/p>\n<p>Por Thaisy Finamor<\/p>\n","protected":false},"excerpt":{"rendered":"<p>A Confer\u00eancia Municipal de Cultura ser\u00e1 nos dias 28, 29 e 30 de agosto e&nbsp;mobilizar\u00e1 debates em torno dos segmentos culturais. A programa\u00e7\u00e3o \u00e9 composta por palestras e workshops, al\u00e9m da elei\u00e7\u00e3o dos novos conselheiros e representantes do Conselho Municipal de Pol\u00edtica Cultural (CMPC), que ir\u00e3o fazer as discuss\u00f5es, aprovar e deliberar quest\u00f5es sobre a [&hellip;]<\/p>\n","protected":false},"author":1,"featured_media":7902,"comment_status":"open","ping_status":"open","sticky":false,"template":"","format":"standard","meta":{"footnotes":""},"categories":[22],"tags":[783,84,159],"class_list":["post-7901","post","type-post","status-publish","format-standard","has-post-thumbnail","hentry","category-noticias","tag-conferencia-municipal-de-cultura","tag-cultura","tag-santa-maria"],"_links":{"self":[{"href":"https:\/\/tvovo.org\/portal\/wp-json\/wp\/v2\/posts\/7901","targetHints":{"allow":["GET"]}}],"collection":[{"href":"https:\/\/tvovo.org\/portal\/wp-json\/wp\/v2\/posts"}],"about":[{"href":"https:\/\/tvovo.org\/portal\/wp-json\/wp\/v2\/types\/post"}],"author":[{"embeddable":true,"href":"https:\/\/tvovo.org\/portal\/wp-json\/wp\/v2\/users\/1"}],"replies":[{"embeddable":true,"href":"https:\/\/tvovo.org\/portal\/wp-json\/wp\/v2\/comments?post=7901"}],"version-history":[{"count":0,"href":"https:\/\/tvovo.org\/portal\/wp-json\/wp\/v2\/posts\/7901\/revisions"}],"wp:featuredmedia":[{"embeddable":true,"href":"https:\/\/tvovo.org\/portal\/wp-json\/wp\/v2\/media\/7902"}],"wp:attachment":[{"href":"https:\/\/tvovo.org\/portal\/wp-json\/wp\/v2\/media?parent=7901"}],"wp:term":[{"taxonomy":"category","embeddable":true,"href":"https:\/\/tvovo.org\/portal\/wp-json\/wp\/v2\/categories?post=7901"},{"taxonomy":"post_tag","embeddable":true,"href":"https:\/\/tvovo.org\/portal\/wp-json\/wp\/v2\/tags?post=7901"}],"curies":[{"name":"wp","href":"https:\/\/api.w.org\/{rel}","templated":true}]}}