{"id":6177,"date":"2015-04-15T12:22:20","date_gmt":"2015-04-15T15:22:20","guid":{"rendered":"https:\/\/tvovo.org\/portal\/?p=6177"},"modified":"2021-11-30T13:23:14","modified_gmt":"2021-11-30T16:23:14","slug":"alunos-do-projeto-escola-na-tela-encaram-a-edicao","status":"publish","type":"post","link":"https:\/\/tvovo.org\/portal\/alunos-do-projeto-escola-na-tela-encaram-a-edicao\/","title":{"rendered":"Alunos do projeto Escola na Tela encaram a edi\u00e7\u00e3o"},"content":{"rendered":"\t\t<div data-elementor-type=\"wp-post\" data-elementor-id=\"6177\" class=\"elementor elementor-6177\" data-elementor-post-type=\"post\">\n\t\t\t\t\t\t<section class=\"elementor-section elementor-top-section elementor-element elementor-element-d7909db elementor-section-boxed elementor-section-height-default elementor-section-height-default\" data-id=\"d7909db\" data-element_type=\"section\" data-e-type=\"section\">\n\t\t\t\t\t\t<div class=\"elementor-container elementor-column-gap-default\">\n\t\t\t\t\t<div class=\"elementor-column elementor-col-100 elementor-top-column elementor-element elementor-element-701b80a\" data-id=\"701b80a\" data-element_type=\"column\" data-e-type=\"column\">\n\t\t\t<div class=\"elementor-widget-wrap elementor-element-populated\">\n\t\t\t\t\t\t<div class=\"elementor-element elementor-element-3a6f3651 elementor-widget elementor-widget-text-editor\" data-id=\"3a6f3651\" data-element_type=\"widget\" data-e-type=\"widget\" data-widget_type=\"text-editor.default\">\n\t\t\t\t<div class=\"elementor-widget-container\">\n\t\t\t\t\t\t\t\t\t<p><a href=\"https:\/\/tvovo.org\/portal\/wp-content\/uploads\/2015\/04\/Escola-na-tela_edi\u00e7\u00e3o1.jpg\"><img fetchpriority=\"high\" decoding=\"async\" class=\"alignleft size-medium wp-image-6178\" src=\"https:\/\/tvovo.org\/portal\/wp-content\/uploads\/2015\/04\/Escola-na-tela_edi\u00e7\u00e3o1-300x175.jpg\" alt=\"Escola na tela_edi\u00e7\u00e3o1\" width=\"300\" height=\"175\" srcset=\"https:\/\/tvovo.org\/portal\/wp-content\/uploads\/2015\/04\/Escola-na-tela_edi\u00e7\u00e3o1-300x175.jpg 300w, https:\/\/tvovo.org\/portal\/wp-content\/uploads\/2015\/04\/Escola-na-tela_edi\u00e7\u00e3o1.jpg 854w\" sizes=\"(max-width: 300px) 100vw, 300px\" \/><\/a>O projeto <em>Escola na Tela,<\/em> realizado pela Escola Estadual de Ensino B\u00e1sico Augusto Ruschi em parceria com a TV OVO, atrav\u00e9s do programa Mais Cultura Nas Escolas dos Minist\u00e9rios da Educa\u00e7\u00e3o e Cultura, \u00a0iniciou no segundo semestre de 2014 e continua\u00a0a todo vapor.<\/p><p>Na manh\u00e3 desta ter\u00e7a-feira (14\/04), os alunos e a professora Marcia Araujo, que acompanha os encontros, participaram de uma oficina de edi\u00e7\u00e3o de v\u00eddeo na sede da TV OVO. Ao todo, ser\u00e3o cinco encontros que t\u00eam por objetivo ensinar os primeiros passos de edi\u00e7\u00e3o em programas profissionais.<\/p><p>Al\u00e9m disso, o <em>Escola na Tela<\/em> continua com os encontros semanais, todas as quartas-feiras, nas depend\u00eancias da escola, at\u00e9 o final do semestre. O projeto desenvolve com os participantes todas as etapas da produ\u00e7\u00e3o cinematogr\u00e1fica, alternando atividades te\u00f3ricas e pr\u00e1ticas. O resultado final ser\u00e1 um curta-metragem concebido e realizado pelos alunos.<\/p><p>Texto e fotos: Heitor Leal<\/p><p><a href=\"https:\/\/tvovo.org\/portal\/wp-content\/uploads\/2015\/04\/ET2015-Enc-07-oficina-de-edi\u00e7\u00e3o-10.jpg\"><img decoding=\"async\" class=\"alignleft size-medium wp-image-6179\" src=\"https:\/\/tvovo.org\/portal\/wp-content\/uploads\/2015\/04\/ET2015-Enc-07-oficina-de-edi\u00e7\u00e3o-10.jpg\" alt=\"Escola na Tela_edi\u00e7\u00e3o2\" width=\"1\" height=\"1\" \/><\/a><\/p><p>\u00a0<\/p>\t\t\t\t\t\t\t\t<\/div>\n\t\t\t\t<\/div>\n\t\t\t\t\t<\/div>\n\t\t<\/div>\n\t\t\t\t\t<\/div>\n\t\t<\/section>\n\t\t\t\t<\/div>\n\t\t","protected":false},"excerpt":{"rendered":"<p>O projeto Escola na Tela, realizado pela Escola Estadual de Ensino B\u00e1sico Augusto Ruschi em parceria com a TV OVO, atrav\u00e9s do programa Mais Cultura Nas Escolas dos Minist\u00e9rios da Educa\u00e7\u00e3o e Cultura, \u00a0iniciou no segundo semestre de 2014 e continua\u00a0a todo vapor. Na manh\u00e3 desta ter\u00e7a-feira (14\/04), os alunos e a professora Marcia Araujo, [&hellip;]<\/p>\n","protected":false},"author":1,"featured_media":6178,"comment_status":"open","ping_status":"open","sticky":false,"template":"","format":"standard","meta":{"footnotes":""},"categories":[22],"tags":[],"class_list":["post-6177","post","type-post","status-publish","format-standard","has-post-thumbnail","hentry","category-noticias"],"_links":{"self":[{"href":"https:\/\/tvovo.org\/portal\/wp-json\/wp\/v2\/posts\/6177","targetHints":{"allow":["GET"]}}],"collection":[{"href":"https:\/\/tvovo.org\/portal\/wp-json\/wp\/v2\/posts"}],"about":[{"href":"https:\/\/tvovo.org\/portal\/wp-json\/wp\/v2\/types\/post"}],"author":[{"embeddable":true,"href":"https:\/\/tvovo.org\/portal\/wp-json\/wp\/v2\/users\/1"}],"replies":[{"embeddable":true,"href":"https:\/\/tvovo.org\/portal\/wp-json\/wp\/v2\/comments?post=6177"}],"version-history":[{"count":0,"href":"https:\/\/tvovo.org\/portal\/wp-json\/wp\/v2\/posts\/6177\/revisions"}],"wp:featuredmedia":[{"embeddable":true,"href":"https:\/\/tvovo.org\/portal\/wp-json\/wp\/v2\/media\/6178"}],"wp:attachment":[{"href":"https:\/\/tvovo.org\/portal\/wp-json\/wp\/v2\/media?parent=6177"}],"wp:term":[{"taxonomy":"category","embeddable":true,"href":"https:\/\/tvovo.org\/portal\/wp-json\/wp\/v2\/categories?post=6177"},{"taxonomy":"post_tag","embeddable":true,"href":"https:\/\/tvovo.org\/portal\/wp-json\/wp\/v2\/tags?post=6177"}],"curies":[{"name":"wp","href":"https:\/\/api.w.org\/{rel}","templated":true}]}}