{"id":6171,"date":"2015-04-16T10:22:04","date_gmt":"2015-04-16T13:22:04","guid":{"rendered":"https:\/\/tvovo.org\/portal\/?p=6171"},"modified":"2021-11-30T13:11:51","modified_gmt":"2021-11-30T16:11:51","slug":"novos-voluntarios","status":"publish","type":"post","link":"https:\/\/tvovo.org\/portal\/novos-voluntarios\/","title":{"rendered":"Novos volunt\u00e1rios"},"content":{"rendered":"<p>Camila Porciuncula, Larissa Cardoso e Rodrigo Rodrigues foram os volunt\u00e1rios selecionados na chamada que a TV OVO realizou no m\u00eas de mar\u00e7o. Al\u00e9m deles, Cibele Zardo tamb\u00e9m ir\u00e1 integrar a equipe para realizar seu est\u00e1gio curricular do curso de Jornalismo da Universidade Federal de Santa Maria.<\/p>\n<p>Como primeira atividade, eles se entrevistaram para se conhecerem e elaboraram um pequeno texto de perfil. Devido a incompatibilidade de hor\u00e1rios da Cibele, ela n\u00e3o participou da din\u00e2mica, mas logo postaremos algo sobre ela.<\/p>\n<p><strong>Camila Severo Porciuncula<\/strong><\/p>\n<p>24 Anos. Cursa o 7\u00ba semestre de Jornalismo na Unifra.<br \/>\nNatural de Ros\u00e1rio do Sul, por\u00e9m mora h\u00e1 16 anos em Santa Maria.<\/p>\n<p>Pensou em fazer Odontologia; pensou em fazer Publicidade e Propaganda; Por\u00e9m, optou por Jornalismo. A princ\u00edpio por uma quest\u00e3o de hor\u00e1rios, pois trabalhava \u00e0 tarde no com\u00e9rcio. Pensava que Jornalismo era s\u00f3 TV e Jornal. N\u00e3o gostava de aparecer em frente \u00e0s c\u00e2meras e come\u00e7ou a se interessar pela produ\u00e7\u00e3o. Descobriu a assessoria de comunica\u00e7\u00e3o e se identificou.Fez est\u00e1gio na Intensa Comunica\u00e7\u00e3o, como diagramadora do Caderno de Empregos, e, em suas pr\u00f3prias palavras, \u201cquis abra\u00e7ar tudo\u201d, indo fazer mais um est\u00e1gio, na Emater, pelo turno da manh\u00e3. Devido ao TFG (Trabalho Final de Gradua\u00e7\u00e3o) e ao pouco tempo,decidiu&nbsp;ficar apenas na Emater. Ent\u00e3o, decidiu \u201cabra\u00e7ar a TV OVO\u201d, por querer aprender a produzir, j\u00e1 que sua experi\u00eancia se limitava \u00e0&nbsp;assessoria.<\/p>\n<p>Sobre a experi\u00eancia com comunica\u00e7\u00e3o comunit\u00e1ria, Camila fez a disciplina de Comunica\u00e7\u00e3o Comunit\u00e1ria&nbsp;no seu curso, em que&nbsp;realizou um trabalho com crian\u00e7as no Templo das Na\u00e7\u00f5es. Ela sabe que para trabalhar com a comunidade&nbsp;precisa gostar e se doar. A&nbsp;expectativa dela \u00e9 de adquirir mais experi\u00eancias para entrar no mercado de trabalho, al\u00e9m das horas de atividade extra-curriculares que a TV OVO proporciona.<\/p>\n<p>Por Rodrigo Rodrigues<\/p>\n<p>&nbsp;<\/p>\n<p><strong>Larissa da Rosa Rabelo Cardoso<\/strong><\/p>\n<p>18 anos. Cursa o 1\u00ba semestre de Jornalismo na Unifra.<br \/>\nFoi transferida da faculdade de Chapec\u00f3, cidade em que residia. Antes do Jornalismo,&nbsp;cursava Moda, mas suas expectativas n\u00e3o foram alcan\u00e7adas.<\/p>\n<p>Larissa mora com os av\u00f3s na cidade de Santa Maria e conta que uma de suas op\u00e7\u00f5es ap\u00f3s concluir o Ensino M\u00e9dio sempre foi o Jornalismo, ent\u00e3o logo que teve a decep\u00e7\u00e3o com o curso de Moda resolveu ingressar na Comunica\u00e7\u00e3o. Filha de Artista Pl\u00e1stica, escolheu Jornalismo assim que teve conviv\u00eancia com acad\u00eamicos do curso. Eles fizeram&nbsp;despertar o interesse em fun\u00e7\u00e3o da&nbsp;vis\u00e3o aberta e comunicativa que tinham sobre o mundo.<\/p>\n<p>Larissa \u00e9 uma menina com mil ideias na cabe\u00e7a. Em processo de forma\u00e7\u00e3o, ela ainda n\u00e3o consegue delimitar o que realmente quer na sua profiss\u00e3o, mas tem curiosidade para e sobre tudo.<\/p>\n<p>Suas expectativas com a TV OVO s\u00e3o de acrescentar ao seu curr\u00edculo experi\u00eancia. Al\u00e9m disso, ela acredita ser motivacional participar de um projeto como este. \u201cSou capaz de realizar todas as atividades, pois todos come\u00e7am de algum lugar primeiro\u201d, conclui a nova integrante&nbsp;da&nbsp;TV OVO.<\/p>\n<p>Por Camila Severo<\/p>\n<p>&nbsp;<\/p>\n<p><strong>Rodrigo da Rosa Miranda Rodrigues<\/strong><\/p>\n<p>25 anos. Cursa Publicidade e Propaganda na Unifra.<br \/>\n\u00c9 natural de Santana do Livramento.<\/p>\n<p>Antes de procurar a \u00e1rea da Comunica\u00e7\u00e3o, Rodrigo cursou Arquivologia na UFSM, pois viu um filme sobre arquivologista e achou interessante. Depois de 4 semestres de curso \u00e9 que percebeu que sua grande paix\u00e3o era a produ\u00e7\u00e3o audiovisual. Guiado pela vontade de fazer audiovisual, ele procurou a Publicidade e Propagada, onde adquiriu experi\u00eancia na \u00e1rea de fotografia e edi\u00e7\u00e3o de v\u00eddeo.<\/p>\n<p>Rodrigo procurou a TV OVO com expectativa de adquirir experi\u00eancia e com a grande motiva\u00e7\u00e3o de se fazer \u00fatil para&nbsp;a comunidade, produzindo conte\u00fado para ajudar outras pessoas.<\/p>\n<p>Por Larissa da Rosa<\/p>\n<p><a href=\"https:\/\/tvovo.org\/portal\/wp-content\/uploads\/2015\/04\/Perfil1.jpg\"><img decoding=\"async\" class=\"alignleft size-medium wp-image-6203\" src=\"https:\/\/tvovo.org\/portal\/wp-content\/uploads\/2015\/04\/Perfil1.jpg\" alt=\"Perfil\" width=\"1\" height=\"1\"><\/a><\/p>\n<div id='gallery-1' class='gallery galleryid-6171 gallery-columns-3 gallery-size-thumbnail'><figure class='gallery-item'>\n\t\t\t<div class='gallery-icon portrait'>\n\t\t\t\t<a href='https:\/\/tvovo.org\/portal\/novos-voluntarios\/img_2803\/'><img decoding=\"async\" width=\"150\" height=\"150\" src=\"https:\/\/tvovo.org\/portal\/wp-content\/uploads\/2015\/04\/IMG_2803-150x150.jpg\" class=\"attachment-thumbnail size-thumbnail\" alt=\"\" aria-describedby=\"gallery-1-6172\" \/><\/a>\n\t\t\t<\/div>\n\t\t\t\t<figcaption class='wp-caption-text gallery-caption' id='gallery-1-6172'>\n\t\t\t\tCamila Porciuncula\n\t\t\t\t<\/figcaption><\/figure><figure class='gallery-item'>\n\t\t\t<div class='gallery-icon portrait'>\n\t\t\t\t<a href='https:\/\/tvovo.org\/portal\/novos-voluntarios\/img_2804-3\/'><img decoding=\"async\" width=\"150\" height=\"150\" src=\"https:\/\/tvovo.org\/portal\/wp-content\/uploads\/2015\/04\/IMG_28042-150x150.jpg\" class=\"attachment-thumbnail size-thumbnail\" alt=\"\" aria-describedby=\"gallery-1-6175\" \/><\/a>\n\t\t\t<\/div>\n\t\t\t\t<figcaption class='wp-caption-text gallery-caption' id='gallery-1-6175'>\n\t\t\t\tLarissa Cardoso\n\t\t\t\t<\/figcaption><\/figure><figure class='gallery-item'>\n\t\t\t<div class='gallery-icon portrait'>\n\t\t\t\t<a href='https:\/\/tvovo.org\/portal\/img_2805\/'><img loading=\"lazy\" decoding=\"async\" width=\"150\" height=\"150\" src=\"https:\/\/tvovo.org\/portal\/wp-content\/uploads\/2015\/04\/IMG_2805-150x150.jpg\" class=\"attachment-thumbnail size-thumbnail\" alt=\"\" aria-describedby=\"gallery-1-6202\" \/><\/a>\n\t\t\t<\/div>\n\t\t\t\t<figcaption class='wp-caption-text gallery-caption' id='gallery-1-6202'>\n\t\t\t\tRodrigo Rodrigues\n\t\t\t\t<\/figcaption><\/figure>\n\t\t<\/div>\n\n","protected":false},"excerpt":{"rendered":"<p>Camila Porciuncula, Larissa Cardoso e Rodrigo Rodrigues foram os volunt\u00e1rios selecionados na chamada que a TV OVO realizou no m\u00eas de mar\u00e7o. Al\u00e9m deles, Cibele Zardo tamb\u00e9m ir\u00e1 integrar a equipe para realizar seu est\u00e1gio curricular do curso de Jornalismo da Universidade Federal de Santa Maria. Como primeira atividade, eles se entrevistaram para se conhecerem [&hellip;]<\/p>\n","protected":false},"author":1,"featured_media":6203,"comment_status":"open","ping_status":"open","sticky":false,"template":"","format":"aside","meta":{"footnotes":""},"categories":[22],"tags":[],"class_list":["post-6171","post","type-post","status-publish","format-aside","has-post-thumbnail","hentry","category-noticias","post_format-post-format-aside"],"_links":{"self":[{"href":"https:\/\/tvovo.org\/portal\/wp-json\/wp\/v2\/posts\/6171","targetHints":{"allow":["GET"]}}],"collection":[{"href":"https:\/\/tvovo.org\/portal\/wp-json\/wp\/v2\/posts"}],"about":[{"href":"https:\/\/tvovo.org\/portal\/wp-json\/wp\/v2\/types\/post"}],"author":[{"embeddable":true,"href":"https:\/\/tvovo.org\/portal\/wp-json\/wp\/v2\/users\/1"}],"replies":[{"embeddable":true,"href":"https:\/\/tvovo.org\/portal\/wp-json\/wp\/v2\/comments?post=6171"}],"version-history":[{"count":0,"href":"https:\/\/tvovo.org\/portal\/wp-json\/wp\/v2\/posts\/6171\/revisions"}],"wp:featuredmedia":[{"embeddable":true,"href":"https:\/\/tvovo.org\/portal\/wp-json\/wp\/v2\/media\/6203"}],"wp:attachment":[{"href":"https:\/\/tvovo.org\/portal\/wp-json\/wp\/v2\/media?parent=6171"}],"wp:term":[{"taxonomy":"category","embeddable":true,"href":"https:\/\/tvovo.org\/portal\/wp-json\/wp\/v2\/categories?post=6171"},{"taxonomy":"post_tag","embeddable":true,"href":"https:\/\/tvovo.org\/portal\/wp-json\/wp\/v2\/tags?post=6171"}],"curies":[{"name":"wp","href":"https:\/\/api.w.org\/{rel}","templated":true}]}}