{"id":6159,"date":"2015-03-27T10:42:21","date_gmt":"2015-03-27T13:42:21","guid":{"rendered":"https:\/\/tvovo.org\/portal\/?p=6159"},"modified":"2021-11-30T13:30:12","modified_gmt":"2021-11-30T16:30:12","slug":"documentario-palestino-e-exibido-na-camara-de-vereadores","status":"publish","type":"post","link":"https:\/\/tvovo.org\/portal\/documentario-palestino-e-exibido-na-camara-de-vereadores\/","title":{"rendered":"Document\u00e1rio palestino \u00e9 exibido na C\u00e2mara de Vereadores"},"content":{"rendered":"\t\t<div data-elementor-type=\"wp-post\" data-elementor-id=\"6159\" class=\"elementor elementor-6159\" data-elementor-post-type=\"post\">\n\t\t\t\t\t\t<section class=\"elementor-section elementor-top-section elementor-element elementor-element-19151b28 elementor-section-boxed elementor-section-height-default elementor-section-height-default\" data-id=\"19151b28\" data-element_type=\"section\" data-e-type=\"section\">\n\t\t\t\t\t\t<div class=\"elementor-container elementor-column-gap-default\">\n\t\t\t\t\t<div class=\"elementor-column elementor-col-100 elementor-top-column elementor-element elementor-element-52690f11\" data-id=\"52690f11\" data-element_type=\"column\" data-e-type=\"column\">\n\t\t\t<div class=\"elementor-widget-wrap elementor-element-populated\">\n\t\t\t\t\t\t<div class=\"elementor-element elementor-element-5e89dbb2 elementor-widget elementor-widget-text-editor\" data-id=\"5e89dbb2\" data-element_type=\"widget\" data-e-type=\"widget\" data-widget_type=\"text-editor.default\">\n\t\t\t\t<div class=\"elementor-widget-container\">\n\t\t\t\t\t\t\t\t\t<p><span style=\"color: #141823\"><a href=\"https:\/\/tvovo.org\/portal\/wp-content\/uploads\/2015\/03\/doc.jpg\"><img decoding=\"async\" class=\"size-medium wp-image-6160 alignleft\" src=\"https:\/\/tvovo.org\/portal\/wp-content\/uploads\/2015\/03\/doc-300x124.jpg\" alt=\"5 cameras quebradas\" width=\"300\" height=\"124\" srcset=\"https:\/\/tvovo.org\/portal\/wp-content\/uploads\/2015\/03\/doc-300x124.jpg 300w, https:\/\/tvovo.org\/portal\/wp-content\/uploads\/2015\/03\/doc.jpg 400w\" sizes=\"(max-width: 300px) 100vw, 300px\" \/><\/a>Hoje (27\/03) tem exibi\u00e7\u00e3o do document\u00e1rio Cinco C\u00e2meras Quebradas (5 Broken Cameras), \u00e0s 19h, na C\u00e2mera de Vereadores. O diretor palestino Emad Burnat estar\u00e1 presente na sess\u00e3o para um bate-papo. O document\u00e1rio foi indicado ao Oscar em 2013. Gravado ao longo de oito anos, o filme fala sobre o massacre sistem\u00e1tico operado pelo estado de Israel contra fam\u00edlias palestinas. A atividade \u00e9 uma realiza\u00e7\u00e3o do\u00a0<span style=\"color: #000000\">Comit\u00ea Santa-mariense de Solidariedade ao Povo Palestino.<\/span><\/span><\/p><p><span style=\"color: #000000\">O diretor palestino vem ao Brasil realizar uma s\u00e9rie de palestras em diversas universidades e junto \u00e0s comunidades palestinas de v\u00e1rias regi\u00f5es do pa\u00eds. Abdo cita algumas datas: na segunda-feira, 29, far\u00e1 atividade com a comunidade palestina de Porto Alegre, j\u00e1 na ter\u00e7a estar\u00e1 em um espa\u00e7o organizado na Unisinos. No dia 31, ele vai at\u00e9 Santa Catarina participar de um debate na Ufsc e permanece em Florian\u00f3polis para eventos junto aos palestinos de l\u00e1. Nos dias sete e oito estar\u00e1 em Bras\u00edlia e, no dia 9, em Recife \u2013 local que abriga a maior e mais antiga comunidade palestina no Brasil.<\/span><\/p><p>Fonte:\u00a0Assessoria de Imprensa da SEDUFSM<\/p><p>\u00a0<\/p>\t\t\t\t\t\t\t\t<\/div>\n\t\t\t\t<\/div>\n\t\t\t\t\t<\/div>\n\t\t<\/div>\n\t\t\t\t\t<\/div>\n\t\t<\/section>\n\t\t\t\t<\/div>\n\t\t","protected":false},"excerpt":{"rendered":"<p>Hoje (27\/03) tem exibi\u00e7\u00e3o do document\u00e1rio Cinco C\u00e2meras Quebradas (5 Broken Cameras), \u00e0s 19h, na C\u00e2mera de Vereadores. O diretor palestino Emad Burnat estar\u00e1 presente na sess\u00e3o para um bate-papo. O document\u00e1rio foi indicado ao Oscar em 2013. Gravado ao longo de oito anos, o filme fala sobre o massacre sistem\u00e1tico operado pelo estado de [&hellip;]<\/p>\n","protected":false},"author":1,"featured_media":6160,"comment_status":"open","ping_status":"open","sticky":false,"template":"","format":"standard","meta":{"footnotes":""},"categories":[22],"tags":[714,713,717,715,716],"class_list":["post-6159","post","type-post","status-publish","format-standard","has-post-thumbnail","hentry","category-noticias","tag-camera-de-vereadores","tag-cinco-cameras-quebrada","tag-comite-santa-mariense-de-solidariedade-ao-povo-palestino","tag-emad-burnat","tag-sedufsm"],"_links":{"self":[{"href":"https:\/\/tvovo.org\/portal\/wp-json\/wp\/v2\/posts\/6159","targetHints":{"allow":["GET"]}}],"collection":[{"href":"https:\/\/tvovo.org\/portal\/wp-json\/wp\/v2\/posts"}],"about":[{"href":"https:\/\/tvovo.org\/portal\/wp-json\/wp\/v2\/types\/post"}],"author":[{"embeddable":true,"href":"https:\/\/tvovo.org\/portal\/wp-json\/wp\/v2\/users\/1"}],"replies":[{"embeddable":true,"href":"https:\/\/tvovo.org\/portal\/wp-json\/wp\/v2\/comments?post=6159"}],"version-history":[{"count":0,"href":"https:\/\/tvovo.org\/portal\/wp-json\/wp\/v2\/posts\/6159\/revisions"}],"wp:featuredmedia":[{"embeddable":true,"href":"https:\/\/tvovo.org\/portal\/wp-json\/wp\/v2\/media\/6160"}],"wp:attachment":[{"href":"https:\/\/tvovo.org\/portal\/wp-json\/wp\/v2\/media?parent=6159"}],"wp:term":[{"taxonomy":"category","embeddable":true,"href":"https:\/\/tvovo.org\/portal\/wp-json\/wp\/v2\/categories?post=6159"},{"taxonomy":"post_tag","embeddable":true,"href":"https:\/\/tvovo.org\/portal\/wp-json\/wp\/v2\/tags?post=6159"}],"curies":[{"name":"wp","href":"https:\/\/api.w.org\/{rel}","templated":true}]}}