{"id":6146,"date":"2015-03-26T17:48:34","date_gmt":"2015-03-26T20:48:34","guid":{"rendered":"https:\/\/tvovo.org\/portal\/?p=6146"},"modified":"2021-11-30T13:35:55","modified_gmt":"2021-11-30T16:35:55","slug":"frequencias-do-interior-esta-em-pre-producao","status":"publish","type":"post","link":"https:\/\/tvovo.org\/portal\/frequencias-do-interior-esta-em-pre-producao\/","title":{"rendered":"Frequ\u00eancias do Interior: novo document\u00e1rio aprovado pelo Fac est\u00e1 em pr\u00e9-produ\u00e7\u00e3o"},"content":{"rendered":"\t\t<div data-elementor-type=\"wp-post\" data-elementor-id=\"6146\" class=\"elementor elementor-6146\" data-elementor-post-type=\"post\">\n\t\t\t\t\t\t<section class=\"elementor-section elementor-top-section elementor-element elementor-element-2bc5eba7 elementor-section-boxed elementor-section-height-default elementor-section-height-default\" data-id=\"2bc5eba7\" data-element_type=\"section\" data-e-type=\"section\">\n\t\t\t\t\t\t<div class=\"elementor-container elementor-column-gap-default\">\n\t\t\t\t\t<div class=\"elementor-column elementor-col-100 elementor-top-column elementor-element elementor-element-2affd123\" data-id=\"2affd123\" data-element_type=\"column\" data-e-type=\"column\">\n\t\t\t<div class=\"elementor-widget-wrap elementor-element-populated\">\n\t\t\t\t\t\t<div class=\"elementor-element elementor-element-24764d00 elementor-widget elementor-widget-text-editor\" data-id=\"24764d00\" data-element_type=\"widget\" data-e-type=\"widget\" data-widget_type=\"text-editor.default\">\n\t\t\t\t<div class=\"elementor-widget-container\">\n\t\t\t\t\t\t\t\t\t<p style=\"color: #222222\"><a href=\"https:\/\/tvovo.org\/portal\/wp-content\/uploads\/2015\/03\/web.jpg\"><img fetchpriority=\"high\" decoding=\"async\" class=\"size-medium wp-image-6152 alignleft\" src=\"https:\/\/tvovo.org\/portal\/wp-content\/uploads\/2015\/03\/web-300x225.jpg\" alt=\"_web\" width=\"300\" height=\"225\" srcset=\"https:\/\/tvovo.org\/portal\/wp-content\/uploads\/2015\/03\/web-300x225.jpg 300w, https:\/\/tvovo.org\/portal\/wp-content\/uploads\/2015\/03\/web.jpg 640w\" sizes=\"(max-width: 300px) 100vw, 300px\" \/><\/a>Ouvir uma m\u00fasica ou saber o que acontece na sua cidade pelo r\u00e1dio. Todo mundo j\u00e1 deve ter feito isso pelo menos uma vez na vida. Mesmo que outros ve\u00edculos e novas plataformas tenham assumido um papel importante na busca de informa\u00e7\u00e3o e at\u00e9 mesmo na intermedia\u00e7\u00e3o de rela\u00e7\u00f5es sociais, h\u00e1 locais em que o r\u00e1dio ainda \u00e9 o principal meio de comunica\u00e7\u00e3o. Mais do que isso, ele \u00e9 companheiro e tamb\u00e9m faz cora\u00e7\u00f5es baterem forte.<\/p><p style=\"color: #222222\">S\u00e3o essas as hist\u00f3rias que a TV OVO busca registrar no document\u00e1rio\u00a0<i>Frequ\u00eancias do Interior<\/i>, aprovado no edital RS P\u00f3lo Audiovisual \u2013 Hist\u00f3rias do Sul, do Fundo de Apoio \u00e0 Cultura (FAC) da Secretaria do Estado da Cultura.<\/p><p style=\"color: #222222\">O filme ser\u00e1 gravado no Norte do Estado, nas cidades de Carazinho, Almirante Tamandar\u00e9 do Sul e Sarandi. A ideia do projeto surgiu no ano passado, quando a equipe ouviu o quadro<em>\u00a0Cantinho do Amor<\/em><em>\u00a0do programa radiof\u00f4nico\u00a0Festa do Interior<\/em>, transmitido pela emissora Gazeta AM 670, de Carazinho. H\u00e1 tr\u00eas anos, o quadro, que tem apresenta\u00e7\u00e3o de Vilson Kolling, promove encontros entre ouvintes que buscam um(a) companheiro(a). Por meio do r\u00e1dio, diversas pessoas j\u00e1 se encontraram naquela regi\u00e3o.<\/p><p style=\"color: #222222\">Em fase de pr\u00e9-produ\u00e7\u00e3o, a equipe da TV OVO acompanhou a transmiss\u00e3o ao vivo do programa no \u00faltimo s\u00e1bado (21\/03) e foi em busca de hist\u00f3rias para contar. Entre os entrevistados est\u00e3o um casal de aposentados que se encontraram por interm\u00e9dio do programa e h\u00e1 tr\u00eas anos moram juntos. A equipe tamb\u00e9m conversou com Davi e Dalva Jacomelli, que, h\u00e1 mais de cinco d\u00e9cadas, tem o r\u00e1dio como fonte de informa\u00e7\u00e3o di\u00e1ria durante suas lidas na zona rural de Almirante Tamandar\u00e9 do Sul. As grava\u00e7\u00f5es come\u00e7am no pr\u00f3ximo final de semana.<\/p>\t\t\t\t\t\t\t\t<\/div>\n\t\t\t\t<\/div>\n\t\t\t\t<section class=\"elementor-section elementor-inner-section elementor-element elementor-element-3f779a8 elementor-section-boxed elementor-section-height-default elementor-section-height-default\" data-id=\"3f779a8\" data-element_type=\"section\" data-e-type=\"section\">\n\t\t\t\t\t\t<div class=\"elementor-container elementor-column-gap-default\">\n\t\t\t\t\t<div class=\"elementor-column elementor-col-50 elementor-inner-column elementor-element elementor-element-10119a2\" data-id=\"10119a2\" data-element_type=\"column\" data-e-type=\"column\">\n\t\t\t<div class=\"elementor-widget-wrap elementor-element-populated\">\n\t\t\t\t\t\t<div class=\"elementor-element elementor-element-e3c8a50 elementor-widget elementor-widget-image\" data-id=\"e3c8a50\" data-element_type=\"widget\" data-e-type=\"widget\" data-widget_type=\"image.default\">\n\t\t\t\t<div class=\"elementor-widget-container\">\n\t\t\t\t\t\t\t\t\t\t\t\t<figure class=\"wp-caption\">\n\t\t\t\t\t\t\t\t\t\t<img decoding=\"async\" width=\"800\" height=\"524\" src=\"https:\/\/tvovo.org\/portal\/wp-content\/uploads\/2015\/03\/Davi-e-Dalva-Jacomelli_web.jpg\" class=\"attachment-large size-large wp-image-6149\" alt=\"\" srcset=\"https:\/\/tvovo.org\/portal\/wp-content\/uploads\/2015\/03\/Davi-e-Dalva-Jacomelli_web.jpg 800w, https:\/\/tvovo.org\/portal\/wp-content\/uploads\/2015\/03\/Davi-e-Dalva-Jacomelli_web-300x196.jpg 300w\" sizes=\"(max-width: 800px) 100vw, 800px\" \/>\t\t\t\t\t\t\t\t\t\t\t<figcaption class=\"widget-image-caption wp-caption-text\">Davi e Dalva Jacomelli relembram programas radiof\u00f4nicos de antigamente.<\/figcaption>\n\t\t\t\t\t\t\t\t\t\t<\/figure>\n\t\t\t\t\t\t\t\t\t<\/div>\n\t\t\t\t<\/div>\n\t\t\t\t\t<\/div>\n\t\t<\/div>\n\t\t\t\t<div class=\"elementor-column elementor-col-50 elementor-inner-column elementor-element elementor-element-71335cb\" data-id=\"71335cb\" data-element_type=\"column\" data-e-type=\"column\">\n\t\t\t<div class=\"elementor-widget-wrap elementor-element-populated\">\n\t\t\t\t\t\t<div class=\"elementor-element elementor-element-686143f elementor-widget elementor-widget-image\" data-id=\"686143f\" data-element_type=\"widget\" data-e-type=\"widget\" data-widget_type=\"image.default\">\n\t\t\t\t<div class=\"elementor-widget-container\">\n\t\t\t\t\t\t\t\t\t\t\t\t\t\t\t<img decoding=\"async\" width=\"800\" height=\"449\" src=\"https:\/\/tvovo.org\/portal\/wp-content\/uploads\/2015\/03\/frequencias-web.jpg\" class=\"attachment-large size-large wp-image-6156\" alt=\"\" srcset=\"https:\/\/tvovo.org\/portal\/wp-content\/uploads\/2015\/03\/frequencias-web.jpg 800w, https:\/\/tvovo.org\/portal\/wp-content\/uploads\/2015\/03\/frequencias-web-300x168.jpg 300w\" sizes=\"(max-width: 800px) 100vw, 800px\" \/>\t\t\t\t\t\t\t\t\t\t\t\t\t\t\t<\/div>\n\t\t\t\t<\/div>\n\t\t\t\t\t<\/div>\n\t\t<\/div>\n\t\t\t\t\t<\/div>\n\t\t<\/section>\n\t\t\t\t\t<\/div>\n\t\t<\/div>\n\t\t\t\t\t<\/div>\n\t\t<\/section>\n\t\t\t\t<\/div>\n\t\t","protected":false},"excerpt":{"rendered":"<p>Ouvir uma m\u00fasica ou saber o que acontece na sua cidade pelo r\u00e1dio. Todo mundo j\u00e1 deve ter feito isso pelo menos uma vez na vida. Mesmo que outros ve\u00edculos e novas plataformas tenham assumido um papel importante na busca de informa\u00e7\u00e3o e at\u00e9 mesmo na intermedia\u00e7\u00e3o de rela\u00e7\u00f5es sociais, h\u00e1 locais em que o [&hellip;]<\/p>\n","protected":false},"author":1,"featured_media":6152,"comment_status":"open","ping_status":"open","sticky":false,"template":"","format":"standard","meta":{"footnotes":""},"categories":[22],"tags":[711,607,605,712,602,83,159,710,558,136],"class_list":["post-6146","post","type-post","status-publish","format-standard","has-post-thumbnail","hentry","category-noticias","tag-almirante-tamandare-do-sul","tag-cantinho-do-amor","tag-carazinho","tag-facrs","tag-frequencias-do-interior","tag-radio","tag-santa-maria","tag-sarandi","tag-sedac","tag-tv-ovo"],"_links":{"self":[{"href":"https:\/\/tvovo.org\/portal\/wp-json\/wp\/v2\/posts\/6146","targetHints":{"allow":["GET"]}}],"collection":[{"href":"https:\/\/tvovo.org\/portal\/wp-json\/wp\/v2\/posts"}],"about":[{"href":"https:\/\/tvovo.org\/portal\/wp-json\/wp\/v2\/types\/post"}],"author":[{"embeddable":true,"href":"https:\/\/tvovo.org\/portal\/wp-json\/wp\/v2\/users\/1"}],"replies":[{"embeddable":true,"href":"https:\/\/tvovo.org\/portal\/wp-json\/wp\/v2\/comments?post=6146"}],"version-history":[{"count":0,"href":"https:\/\/tvovo.org\/portal\/wp-json\/wp\/v2\/posts\/6146\/revisions"}],"wp:featuredmedia":[{"embeddable":true,"href":"https:\/\/tvovo.org\/portal\/wp-json\/wp\/v2\/media\/6152"}],"wp:attachment":[{"href":"https:\/\/tvovo.org\/portal\/wp-json\/wp\/v2\/media?parent=6146"}],"wp:term":[{"taxonomy":"category","embeddable":true,"href":"https:\/\/tvovo.org\/portal\/wp-json\/wp\/v2\/categories?post=6146"},{"taxonomy":"post_tag","embeddable":true,"href":"https:\/\/tvovo.org\/portal\/wp-json\/wp\/v2\/tags?post=6146"}],"curies":[{"name":"wp","href":"https:\/\/api.w.org\/{rel}","templated":true}]}}