{"id":6131,"date":"2015-03-19T16:00:29","date_gmt":"2015-03-19T19:00:29","guid":{"rendered":"https:\/\/tvovo.org\/portal\/?p=6131"},"modified":"2021-11-30T13:39:38","modified_gmt":"2021-11-30T16:39:38","slug":"edital-da-tve-e-relancado","status":"publish","type":"post","link":"https:\/\/tvovo.org\/portal\/edital-da-tve-e-relancado\/","title":{"rendered":"Edital para s\u00e9ries da TVE\/RS \u00e9 relan\u00e7ado"},"content":{"rendered":"\t\t<div data-elementor-type=\"wp-post\" data-elementor-id=\"6131\" class=\"elementor elementor-6131\" data-elementor-post-type=\"post\">\n\t\t\t\t\t\t<section class=\"elementor-section elementor-top-section elementor-element elementor-element-54fca5ba elementor-section-boxed elementor-section-height-default elementor-section-height-default\" data-id=\"54fca5ba\" data-element_type=\"section\" data-e-type=\"section\">\n\t\t\t\t\t\t<div class=\"elementor-container elementor-column-gap-default\">\n\t\t\t\t\t<div class=\"elementor-column elementor-col-100 elementor-top-column elementor-element elementor-element-212137df\" data-id=\"212137df\" data-element_type=\"column\" data-e-type=\"column\">\n\t\t\t<div class=\"elementor-widget-wrap elementor-element-populated\">\n\t\t\t\t\t\t<div class=\"elementor-element elementor-element-78a012d9 elementor-widget elementor-widget-text-editor\" data-id=\"78a012d9\" data-element_type=\"widget\" data-e-type=\"widget\" data-widget_type=\"text-editor.default\">\n\t\t\t\t<div class=\"elementor-widget-container\">\n\t\t\t\t\t\t\t\t\t<div style=\"color: #222222\"><a href=\"https:\/\/tvovo.org\/portal\/wp-content\/uploads\/2015\/01\/HD_20111202164940logo_tve.jpg\"><img fetchpriority=\"high\" decoding=\"async\" class=\"size-medium wp-image-6105 alignleft\" src=\"https:\/\/tvovo.org\/portal\/wp-content\/uploads\/2015\/01\/HD_20111202164940logo_tve-300x193.jpg\" alt=\"HD_20111202164940logo_tve\" width=\"300\" height=\"193\" srcset=\"https:\/\/tvovo.org\/portal\/wp-content\/uploads\/2015\/01\/HD_20111202164940logo_tve-300x193.jpg 300w, https:\/\/tvovo.org\/portal\/wp-content\/uploads\/2015\/01\/HD_20111202164940logo_tve.jpg 800w\" sizes=\"(max-width: 300px) 100vw, 300px\" \/><\/a>O edital da TVE para financiamento de cinco s\u00e9ries televisivas\u00a0com investimentos do Fundo Setorial do Audiovisual (FSA), que havia sido cancelado no in\u00edcio desse ano, foi relan\u00e7ado na \u00faltima ter\u00e7a-feira (17\/03) e publicado no Di\u00e1rio Oficial do Estado nesta quarta-feira (18\/03).<\/div><div style=\"color: #222222\">\u00a0<\/div><div style=\"color: #222222\">O edital prev\u00ea a sele\u00e7\u00e3o de cinco s\u00e9ries para a televis\u00e3o, realizadas por produtoras ga\u00fachas. O financiamento ser\u00e1 por meio do Plano Plurianual (PPA) da Funda\u00e7\u00e3o Piratini (R$ 300.645), Ag\u00eancia Nacional de Cinema (Ancine) e BRDE com recursos do FSA (R$ 3.930.000,00).<\/div><div style=\"color: #222222\">\u00a0<\/div><div style=\"color: #222222\">As inscri\u00e7\u00f5es dever\u00e3o ser feitas entre os dias 23 de mar\u00e7o e 6 de maio. Os projetos poder\u00e3o ser inscritos em uma das cinco diferentes categorias, tr\u00eas de fic\u00e7\u00e3o (infantil, adolescente e adulto) e duas de document\u00e1rio (turismo e cultura criativa). A an\u00e1lise dos trabalhos, de acordo com o cronograma, ser\u00e1 feita no per\u00edodo de 23 de maio a 8 de julho, e a lista dos projetos selecionados deve sair em 21 de julho.<\/div><div style=\"color: #222222\">\u00a0<\/div><div style=\"color: #222222\">As produtoras que haviam se inscrito podem retirar os documentos para readequa\u00e7\u00e3o no per\u00edodo de 18 a 27\/03, diretamente na Funda\u00e7\u00e3o Piratini (Rua Corr\u00eaa Lima, 2118, sala 102 Bairro Santa Tereza, Porto Alegre), das 10h \u00e0s 12h e das 14h \u00e0s 17h, de segunda a sexta-feira, conforme o<a href=\"http:\/\/www.tve.com.br\/wp-content\/uploads\/2015\/03\/AVISO-DE-DEVOLUCAO-DE-DOCUMENTOS-EDITAL-CHAMAMENTO-PUBLICO-TVE-01_2014.pdf\"> aviso de retirada de documenta\u00e7\u00e3o<\/a>.<\/div><div style=\"color: #222222\">\u00a0<\/div><div style=\"color: #222222\">O edital retificado pode ser conferido<a href=\"http:\/\/www.tve.com.br\/wp-content\/uploads\/2015\/03\/Edital-retificado-Chamamento-P%C3%BAblico-001-2014-TVE-PRODAV.pdf\"> aqui<\/a>.<\/div><div style=\"color: #222222\">\u00a0<\/div><div style=\"color: #222222\">\u00a0<\/div>\t\t\t\t\t\t\t\t<\/div>\n\t\t\t\t<\/div>\n\t\t\t\t\t<\/div>\n\t\t<\/div>\n\t\t\t\t\t<\/div>\n\t\t<\/section>\n\t\t\t\t<\/div>\n\t\t","protected":false},"excerpt":{"rendered":"<p>O edital da TVE para financiamento de cinco s\u00e9ries televisivas\u00a0com investimentos do Fundo Setorial do Audiovisual (FSA), que havia sido cancelado no in\u00edcio desse ano, foi relan\u00e7ado na \u00faltima ter\u00e7a-feira (17\/03) e publicado no Di\u00e1rio Oficial do Estado nesta quarta-feira (18\/03).\u00a0O edital prev\u00ea a sele\u00e7\u00e3o de cinco s\u00e9ries para a televis\u00e3o, realizadas por produtoras ga\u00fachas. [&hellip;]<\/p>\n","protected":false},"author":1,"featured_media":8366,"comment_status":"open","ping_status":"open","sticky":false,"template":"","format":"standard","meta":{"footnotes":""},"categories":[22],"tags":[703,709,580],"class_list":["post-6131","post","type-post","status-publish","format-standard","has-post-thumbnail","hentry","category-noticias","tag-edital","tag-serie-de-televisao","tag-tve"],"_links":{"self":[{"href":"https:\/\/tvovo.org\/portal\/wp-json\/wp\/v2\/posts\/6131","targetHints":{"allow":["GET"]}}],"collection":[{"href":"https:\/\/tvovo.org\/portal\/wp-json\/wp\/v2\/posts"}],"about":[{"href":"https:\/\/tvovo.org\/portal\/wp-json\/wp\/v2\/types\/post"}],"author":[{"embeddable":true,"href":"https:\/\/tvovo.org\/portal\/wp-json\/wp\/v2\/users\/1"}],"replies":[{"embeddable":true,"href":"https:\/\/tvovo.org\/portal\/wp-json\/wp\/v2\/comments?post=6131"}],"version-history":[{"count":0,"href":"https:\/\/tvovo.org\/portal\/wp-json\/wp\/v2\/posts\/6131\/revisions"}],"wp:featuredmedia":[{"embeddable":true,"href":"https:\/\/tvovo.org\/portal\/wp-json\/wp\/v2\/media\/8366"}],"wp:attachment":[{"href":"https:\/\/tvovo.org\/portal\/wp-json\/wp\/v2\/media?parent=6131"}],"wp:term":[{"taxonomy":"category","embeddable":true,"href":"https:\/\/tvovo.org\/portal\/wp-json\/wp\/v2\/categories?post=6131"},{"taxonomy":"post_tag","embeddable":true,"href":"https:\/\/tvovo.org\/portal\/wp-json\/wp\/v2\/tags?post=6131"}],"curies":[{"name":"wp","href":"https:\/\/api.w.org\/{rel}","templated":true}]}}