{"id":5562,"date":"2014-04-10T10:22:43","date_gmt":"2014-04-10T13:22:43","guid":{"rendered":"https:\/\/tvovo.org\/portal\/?p=5562"},"modified":"2021-12-03T16:36:57","modified_gmt":"2021-12-03T19:36:57","slug":"audiovisual-santa-mariense-movimenta-a-cidade","status":"publish","type":"post","link":"https:\/\/tvovo.org\/portal\/audiovisual-santa-mariense-movimenta-a-cidade\/","title":{"rendered":"Audiovisual santa-mariense movimenta a cidade"},"content":{"rendered":"\t\t<div data-elementor-type=\"wp-post\" data-elementor-id=\"5562\" class=\"elementor elementor-5562\" data-elementor-post-type=\"post\">\n\t\t\t\t\t\t<section class=\"elementor-section elementor-top-section elementor-element elementor-element-7b2ee488 elementor-section-boxed elementor-section-height-default elementor-section-height-default\" data-id=\"7b2ee488\" data-element_type=\"section\" data-e-type=\"section\">\n\t\t\t\t\t\t<div class=\"elementor-container elementor-column-gap-default\">\n\t\t\t\t\t<div class=\"elementor-column elementor-col-100 elementor-top-column elementor-element elementor-element-24ba0cc8\" data-id=\"24ba0cc8\" data-element_type=\"column\" data-e-type=\"column\">\n\t\t\t<div class=\"elementor-widget-wrap elementor-element-populated\">\n\t\t\t\t\t\t<div class=\"elementor-element elementor-element-32fd489b elementor-widget elementor-widget-text-editor\" data-id=\"32fd489b\" data-element_type=\"widget\" data-e-type=\"widget\" data-widget_type=\"text-editor.default\">\n\t\t\t\t<div class=\"elementor-widget-container\">\n\t\t\t\t\t\t\t\t\t<p>Pela primeira vez, Santa Maria tem tr\u00eas curtas-metragens aprovados no Pr\u00eamio Iecine, da Secretaria da Cultura do Estado. Os roteiros e detalhes das produ\u00e7\u00f5es, que ser\u00e3o rodados durante este ano, foram apresentados ao prefeito, secret\u00e1rios e produtores culturais da cidade. A cerim\u00f4nia, que ocorreu Sal\u00e3o de Eventos da sede da Prefeitura (antiga SUCV) na noite de quarta-feira (09\/04), teve como mestre de cerim\u00f4nia o integrante da TV OVO, Marcos Borba.<\/p><figure id=\"attachment_5559\" aria-describedby=\"caption-attachment-5559\" style=\"width: 300px\" class=\"wp-caption alignleft\"><a href=\"https:\/\/tvovo.org\/portal\/wp-content\/uploads\/2014\/04\/Canterle.jpg\" rel=\"attachment wp-att-5559\"><img fetchpriority=\"high\" decoding=\"async\" class=\"size-medium wp-image-5559\" src=\"https:\/\/tvovo.org\/portal\/wp-content\/uploads\/2014\/04\/Canterle-300x223.jpg\" alt=\"Canterle\" width=\"300\" height=\"223\" srcset=\"https:\/\/tvovo.org\/portal\/wp-content\/uploads\/2014\/04\/Canterle-300x223.jpg 300w, https:\/\/tvovo.org\/portal\/wp-content\/uploads\/2014\/04\/Canterle-1024x763.jpg 1024w, https:\/\/tvovo.org\/portal\/wp-content\/uploads\/2014\/04\/Canterle.jpg 1118w\" sizes=\"(max-width: 300px) 100vw, 300px\" \/><\/a><figcaption id=\"caption-attachment-5559\" class=\"wp-caption-text\">Maur\u00edcio Canterle falou da rela\u00e7\u00e3o do filme Espelho Hexagonal dom Santa Maria. Foto: N\u00edcholas Fonseca<\/figcaption><\/figure><p>Em sua 12\u00aa edi\u00e7\u00e3o, o Pr\u00eamio Iecine trar\u00e1 um investimento de R$ 240 mil, por meio do Fundo de Apoio \u00e0 Cultura (FAC-RS), para as produ\u00e7\u00f5es locais. Os curtas-metragens aprovados s\u00e3o: Poeira (TV OVO), Espelho Hexagonal (Finish Produtora) e Quanto Mais Suicidas Menos Suicidas (D. Marin).<\/p><p>Os diretores e produtores dos filmes enfatizaram, em pronunciamentos no evento, que Santa Maria e regi\u00e3o t\u00eam potencial para projetos audiovisuais, al\u00e9m de frisarem a import\u00e2ncia da uni\u00e3o dos realizadores locais e a parceria do poder p\u00fablico com a s\u00e9tima arte.<\/p><p>\u2013 Esse pr\u00eamio \u00e9 uma forma de mostrar que a gente tamb\u00e9m pode participar de editais estaduais e fazer cinema aqui. Concorremos com grandes produtoras da Capital \u2013 lembra Maur\u00edcio Canterle, diretor dos curtas Espelho Hexagonal e Quanto Mais Suicidas Menos Suicidas.<\/p><figure id=\"attachment_5561\" aria-describedby=\"caption-attachment-5561\" style=\"width: 232px\" class=\"wp-caption alignleft\"><a href=\"https:\/\/tvovo.org\/portal\/wp-content\/uploads\/2014\/04\/PauloT.jpg\" rel=\"attachment wp-att-5561\"><img decoding=\"async\" class=\"size-medium wp-image-5561 \" src=\"https:\/\/tvovo.org\/portal\/wp-content\/uploads\/2014\/04\/PauloT-232x300.jpg\" alt=\"PauloT\" width=\"232\" height=\"300\" srcset=\"https:\/\/tvovo.org\/portal\/wp-content\/uploads\/2014\/04\/PauloT-232x300.jpg 232w, https:\/\/tvovo.org\/portal\/wp-content\/uploads\/2014\/04\/PauloT-794x1024.jpg 794w, https:\/\/tvovo.org\/portal\/wp-content\/uploads\/2014\/04\/PauloT.jpg 1248w\" sizes=\"(max-width: 232px) 100vw, 232px\" \/><\/a><figcaption id=\"caption-attachment-5561\" class=\"wp-caption-text\">Paulo Tavares explica que a quest\u00e3o central do curta Poeira \u00e9 a morte de uma profiss\u00e3o. Foto: N\u00edcholas Fonseca<\/figcaption><\/figure><p>J\u00e1 Paulo Tavares, diretor do curta Poeira (filme que tem produ\u00e7\u00e3o santa-mariense e ser\u00e1 rodado em Toropi), enfatizou a import\u00e2ncia da cria\u00e7\u00e3o da Film Comission de Santa Maria:<\/p><p>\u2013 Que ela facilite a realiza\u00e7\u00e3o de novas hist\u00f3rias e pense no potencial regional, e n\u00e3o s\u00f3 no audiovisual feito na cidade.<\/p><p>Em seu pronunciamento, o Prefeito de Santa Maria, Cezar Schirmer, falou sobre a rela\u00e7\u00e3o entre o poder p\u00fablico, artistas e produtores culturais da cidade: \u201c\u00e9 necess\u00e1rio potencializar a cultura, mas, antes, precisamos nos valorizar e nos unir\u201d. O prefeito assumiu o compromisso com os cineastas presentes no evento e solicitou \u00e0 secret\u00e1ria de Cultura, Mar\u00edlia Chartune Teixeira, agilizasse a cria\u00e7\u00e3o da Film Comission em um prazo de 30 dias.<\/p><p>\u2013 Podemos ser refer\u00eancia em audiovisual no pa\u00eds e, com isso gerar emprego e renda. Santa Maria tem tudo para ser um p\u00f3lo. Temos uma paisagem urbana e natural que outras cidades n\u00e3o tem. Temos quart\u00e9is, blindados, via\u00e7\u00e3o f\u00e9rrea e vag\u00f5es antigos e restaurados, os pampas, os morros e cachoeiras ao redor da cidade.<\/p><p><i>N\u00edcholas Fonseca \u2013 TV OVO<\/i><\/p>\t\t\t\t\t\t\t\t<\/div>\n\t\t\t\t<\/div>\n\t\t\t\t\t<\/div>\n\t\t<\/div>\n\t\t\t\t\t<\/div>\n\t\t<\/section>\n\t\t\t\t<\/div>\n\t\t","protected":false},"excerpt":{"rendered":"<p>Pela primeira vez, Santa Maria tem tr\u00eas curtas-metragens aprovados no Pr\u00eamio Iecine, da Secretaria da Cultura do Estado. Os roteiros e detalhes das produ\u00e7\u00f5es, que ser\u00e3o rodados durante este ano, foram apresentados ao prefeito, secret\u00e1rios e produtores culturais da cidade. A cerim\u00f4nia, que ocorreu Sal\u00e3o de Eventos da sede da Prefeitura (antiga SUCV) na noite [&hellip;]<\/p>\n","protected":false},"author":4,"featured_media":5561,"comment_status":"open","ping_status":"open","sticky":false,"template":"","format":"standard","meta":{"_acf_changed":false,"footnotes":""},"categories":[22],"tags":[571,574,576,573,575,360,563,578,577,159,572,136],"class_list":["post-5562","post","type-post","status-publish","format-standard","has-post-thumbnail","hentry","category-noticias","tag-12-premio-iecine","tag-d-marin","tag-espelho-hexagonal","tag-finish","tag-mauricio-canterle","tag-paulo-tavares","tag-poeira","tag-prefeitura-municipal-de-santa-maria","tag-quanto-mais-suicidas-menos-cuicidas","tag-santa-maria","tag-sucv","tag-tv-ovo"],"acf":[],"_links":{"self":[{"href":"https:\/\/tvovo.org\/portal\/wp-json\/wp\/v2\/posts\/5562","targetHints":{"allow":["GET"]}}],"collection":[{"href":"https:\/\/tvovo.org\/portal\/wp-json\/wp\/v2\/posts"}],"about":[{"href":"https:\/\/tvovo.org\/portal\/wp-json\/wp\/v2\/types\/post"}],"author":[{"embeddable":true,"href":"https:\/\/tvovo.org\/portal\/wp-json\/wp\/v2\/users\/4"}],"replies":[{"embeddable":true,"href":"https:\/\/tvovo.org\/portal\/wp-json\/wp\/v2\/comments?post=5562"}],"version-history":[{"count":0,"href":"https:\/\/tvovo.org\/portal\/wp-json\/wp\/v2\/posts\/5562\/revisions"}],"wp:featuredmedia":[{"embeddable":true,"href":"https:\/\/tvovo.org\/portal\/wp-json\/wp\/v2\/media\/5561"}],"wp:attachment":[{"href":"https:\/\/tvovo.org\/portal\/wp-json\/wp\/v2\/media?parent=5562"}],"wp:term":[{"taxonomy":"category","embeddable":true,"href":"https:\/\/tvovo.org\/portal\/wp-json\/wp\/v2\/categories?post=5562"},{"taxonomy":"post_tag","embeddable":true,"href":"https:\/\/tvovo.org\/portal\/wp-json\/wp\/v2\/tags?post=5562"}],"curies":[{"name":"wp","href":"https:\/\/api.w.org\/{rel}","templated":true}]}}