{"id":5443,"date":"2013-12-10T22:35:04","date_gmt":"2013-12-11T00:35:04","guid":{"rendered":"https:\/\/tvovo.org\/portal\/?p=5443"},"modified":"2021-12-03T16:50:26","modified_gmt":"2021-12-03T19:50:26","slug":"convocacao-para-assembleia-geral-ordinaria-tv-ovo","status":"publish","type":"post","link":"https:\/\/tvovo.org\/portal\/convocacao-para-assembleia-geral-ordinaria-tv-ovo\/","title":{"rendered":"Convoca\u00e7\u00e3o para Assembleia Geral Ordin\u00e1ria &#8211; TV OVO"},"content":{"rendered":"<p>A Coordena\u00e7\u00e3o da Oficina de V\u00eddeo \u2013 TV OVO, no cumprimento de suas atribui\u00e7\u00f5es, tendo em vista o disposto nos Artigos: 15, 17, 19, 21 e 26 do Estatuto, CONVOCA os associados para reunirem-se em Assembleia Geral Extraordin\u00e1ria, a realizar-se no dia 15 de dezembro de 2013, \u00e0s 17 horas, na sede da institui\u00e7\u00e3o situada a Rua Coronel Ernesto Becker, n\u00famero 1685, Sala 102, Bairro Nossa Senhora do Ros\u00e1rio, Santa Maria, RS. Seguem abaixo especificados os itens de pauta a serem apreciados:<br \/>\n1. Atualiza\u00e7\u00e3o do quadro social;<br \/>\n2. Elei\u00e7\u00e3o da Coordena\u00e7\u00e3o e Conselho Fiscal para com mandato 2014-2015;<br \/>\n3. Posse do Coordena\u00e7\u00e3o e Conselho Fiscal;<br \/>\n4. Assuntos Gerais.<br \/>\nOs associados eleitos assumir\u00e3o seus cargo no dia 01 de Janeiro de 2014 e concluir\u00e3o o mandato em 31 de dezembro de 2015.<br \/>\nTer\u00e3o direito a voto todos os associados efetivos quites com suas obriga\u00e7\u00f5es sociais.<a href=\"https:\/\/tvovo.org\/portal\/wp-content\/uploads\/2013\/12\/Edital_03_2013-convoca\u00e7\u00e3o_ELEICAO.pdf\"><\/a><\/p>\n<p><a href=\"https:\/\/tvovo.org\/portal\/wp-content\/uploads\/2013\/12\/Edital_03_2013-convoca\u00e7\u00e3o_ELEICAO.pdf\">Confira a \u00edntegra da convoca\u00e7\u00e3o &#8211; edital 03_2013<\/a><\/p>\n","protected":false},"excerpt":{"rendered":"<p>A Coordena\u00e7\u00e3o da Oficina de V\u00eddeo \u2013 TV OVO, no cumprimento de suas atribui\u00e7\u00f5es, tendo em vista o disposto nos Artigos: 15, 17, 19, 21 e 26 do Estatuto, CONVOCA os associados para reunirem-se em Assembleia Geral Extraordin\u00e1ria, a realizar-se no dia 15 de dezembro de 2013, \u00e0s 17 horas, na sede da institui\u00e7\u00e3o situada [&hellip;]<\/p>\n","protected":false},"author":1,"featured_media":8501,"comment_status":"open","ping_status":"open","sticky":false,"template":"","format":"standard","meta":{"_acf_changed":false,"footnotes":""},"categories":[22],"tags":[539,136],"class_list":["post-5443","post","type-post","status-publish","format-standard","has-post-thumbnail","hentry","category-noticias","tag-assembleia-geral","tag-tv-ovo"],"acf":[],"_links":{"self":[{"href":"https:\/\/tvovo.org\/portal\/wp-json\/wp\/v2\/posts\/5443","targetHints":{"allow":["GET"]}}],"collection":[{"href":"https:\/\/tvovo.org\/portal\/wp-json\/wp\/v2\/posts"}],"about":[{"href":"https:\/\/tvovo.org\/portal\/wp-json\/wp\/v2\/types\/post"}],"author":[{"embeddable":true,"href":"https:\/\/tvovo.org\/portal\/wp-json\/wp\/v2\/users\/1"}],"replies":[{"embeddable":true,"href":"https:\/\/tvovo.org\/portal\/wp-json\/wp\/v2\/comments?post=5443"}],"version-history":[{"count":0,"href":"https:\/\/tvovo.org\/portal\/wp-json\/wp\/v2\/posts\/5443\/revisions"}],"wp:featuredmedia":[{"embeddable":true,"href":"https:\/\/tvovo.org\/portal\/wp-json\/wp\/v2\/media\/8501"}],"wp:attachment":[{"href":"https:\/\/tvovo.org\/portal\/wp-json\/wp\/v2\/media?parent=5443"}],"wp:term":[{"taxonomy":"category","embeddable":true,"href":"https:\/\/tvovo.org\/portal\/wp-json\/wp\/v2\/categories?post=5443"},{"taxonomy":"post_tag","embeddable":true,"href":"https:\/\/tvovo.org\/portal\/wp-json\/wp\/v2\/tags?post=5443"}],"curies":[{"name":"wp","href":"https:\/\/api.w.org\/{rel}","templated":true}]}}