{"id":3133,"date":"2011-03-30T18:14:32","date_gmt":"2011-03-30T18:14:32","guid":{"rendered":"https:\/\/tvovo.org\/portal\/?p=3133"},"modified":"2011-03-30T18:15:59","modified_gmt":"2011-03-30T18:15:59","slug":"na-sua-cidade-tem-tv-comunitaria","status":"publish","type":"post","link":"https:\/\/tvovo.org\/portal\/na-sua-cidade-tem-tv-comunitaria\/","title":{"rendered":"Na sua cidade tem TV Comunit\u00e1ria?"},"content":{"rendered":"<p>H\u00e1 quase um ano est\u00e1 sendo realizado um mapeamento das televis\u00f5es comunit\u00e1rias no Brasil. O n\u00famero de TV\u00b4s, at\u00e9 o momento, gira em torno de 250 canais, mas apenas 67 est\u00e3o ocupados. O mapeamento surgiu como uma iniciativa para apresentar o potencial que a comunica\u00e7\u00e3o comunit\u00e1ria tem na televis\u00e3o brasileira. Desde o in\u00edcio do mapeamento, j\u00e1 foram mais de 10 mil exibi\u00e7\u00f5es em todo o Brasi em diversas regi\u00f5es.<\/p>\n<p>Ocupar os canais ociosos \u00e9 colaborar para a democratiza\u00e7\u00e3o da comunica\u00e7\u00e3o e  da pluralidade de vozes das comunidades. A televis\u00e3o comunit\u00e1ria est\u00e1  relacionada com o fomento de pol\u00edticas p\u00fablicas, al\u00e9m da produ\u00e7\u00e3o audiovisual brasileira feita de forma independente.<\/p>\n<p style=\"text-align: center;\"><img fetchpriority=\"high\" decoding=\"async\" class=\"aligncenter\" src=\"http:\/\/150anos.itajai.sc.gov.br\/imagens\/linha_tempo\/248.jpg\" alt=\"\" width=\"280\" height=\"210\" \/><\/p>\n<p><strong>Curioso para saber se h\u00e1 uma televis\u00e3o comunit\u00e1ria na sua cidade ou regi\u00e3o? Clique <a href=\"http:\/\/www.canalcomunitario.net\/mapas.html\" target=\"_blank\">aqui<\/a>!<\/strong><\/p>\n<div><span style=\"font-size: medium;\"><strong> <\/strong><\/span><\/p>\n<\/div>\n","protected":false},"excerpt":{"rendered":"<p>H\u00e1 quase um ano est\u00e1 sendo realizado um mapeamento das televis\u00f5es comunit\u00e1rias no Brasil. O n\u00famero de TV\u00b4s, at\u00e9 o momento, gira em torno de 250 canais, mas apenas 67 est\u00e3o ocupados. O mapeamento surgiu como uma iniciativa para apresentar o potencial que a comunica\u00e7\u00e3o comunit\u00e1ria tem na televis\u00e3o brasileira. Desde o in\u00edcio do mapeamento, [&hellip;]<\/p>\n","protected":false},"author":1,"featured_media":0,"comment_status":"open","ping_status":"open","sticky":false,"template":"","format":"standard","meta":{"_acf_changed":false,"footnotes":""},"categories":[22],"tags":[114,13,84,89,77,159,74],"class_list":["post-3133","post","type-post","status-publish","format-standard","hentry","category-noticias","tag-audiovisual","tag-comunicacao","tag-cultura","tag-espelho-da-comunidade","tag-protagonismo-juvenil","tag-santa-maria","tag-tvovo"],"acf":[],"_links":{"self":[{"href":"https:\/\/tvovo.org\/portal\/wp-json\/wp\/v2\/posts\/3133","targetHints":{"allow":["GET"]}}],"collection":[{"href":"https:\/\/tvovo.org\/portal\/wp-json\/wp\/v2\/posts"}],"about":[{"href":"https:\/\/tvovo.org\/portal\/wp-json\/wp\/v2\/types\/post"}],"author":[{"embeddable":true,"href":"https:\/\/tvovo.org\/portal\/wp-json\/wp\/v2\/users\/1"}],"replies":[{"embeddable":true,"href":"https:\/\/tvovo.org\/portal\/wp-json\/wp\/v2\/comments?post=3133"}],"version-history":[{"count":0,"href":"https:\/\/tvovo.org\/portal\/wp-json\/wp\/v2\/posts\/3133\/revisions"}],"wp:attachment":[{"href":"https:\/\/tvovo.org\/portal\/wp-json\/wp\/v2\/media?parent=3133"}],"wp:term":[{"taxonomy":"category","embeddable":true,"href":"https:\/\/tvovo.org\/portal\/wp-json\/wp\/v2\/categories?post=3133"},{"taxonomy":"post_tag","embeddable":true,"href":"https:\/\/tvovo.org\/portal\/wp-json\/wp\/v2\/tags?post=3133"}],"curies":[{"name":"wp","href":"https:\/\/api.w.org\/{rel}","templated":true}]}}