{"id":3129,"date":"2011-03-30T17:34:37","date_gmt":"2011-03-30T17:34:37","guid":{"rendered":"https:\/\/tvovo.org\/portal\/?p=3129"},"modified":"2011-03-30T23:32:28","modified_gmt":"2011-03-30T23:32:28","slug":"noticias-da-ecosol","status":"publish","type":"post","link":"https:\/\/tvovo.org\/portal\/noticias-da-ecosol\/","title":{"rendered":"Not\u00edcias da Ecosol"},"content":{"rendered":"<p style=\"text-align: center;\"><img fetchpriority=\"high\" decoding=\"async\" class=\"aligncenter\" src=\"http:\/\/farm5.static.flickr.com\/4139\/4782575643_dcc40e311b.jpg\" alt=\"\" width=\"336\" height=\"253\" \/><\/p>\n<p style=\"text-align: center;\"><em>Venda de produtos org\u00e2nicos diretamente com o produtor rural \u00e9 uma das  realidades <\/em><\/p>\n<p style=\"text-align: center;\"><em>das feiras de economia solid\u00e1ria. Foto: J\u00falia Schnorr &#8211; 17\u00aa  Feicoop<\/em><\/p>\n<p style=\"text-align: center;\"><em><br \/>\n<\/em><\/p>\n<p style=\"text-align: center;\">\n<p style=\"text-align: center;\">Santa Maria continua sendo uma cidade polo para a Economia Solid\u00e1ria na Am\u00e9rica Latina. Prova disso est\u00e1 no cotidiano da cidade, que conta com feiras de agricultura familiar que trabalham com uma forma solid\u00e1ria de vender alimentos e artesanatos. Uma das caracter\u00edsticas principais da Economia Solid\u00e1ria \u00e9 a venda direta do produto, sem a utiliza\u00e7\u00e3o do famoso &#8221;atravessador&#8221;. Assim, o consumidor pode conhecer o agricultor\/artes\u00e3o e estabelecer outros la\u00e7os al\u00e9m do consumo. \u00c9 o que chamamos de consumo consciente.<\/p>\n<p style=\"text-align: center;\"><strong>Segue abaixo a agenda do Projeto Esperan\u00e7a\/Coopesperan\u00e7a para os pr\u00f3ximos meses:<\/strong><\/p>\n<p><strong>-&gt; 19 anos do Feir\u00e3o Colonial<\/strong> <strong>\u2013 Dia 02 de abril de 2011<\/strong> &#8211; O Feir\u00e3o ocorre no <em>Centro de Referencia<\/em> de <em>Economia Solid\u00e1ria Dom<\/em> Ivo Lorscheiter, na Rua Heitor Campos, s\/n\u00ba, todos os s\u00e1bados, sendo que a partir do dia 6 de abril, o Feir\u00e3o ocorrer\u00e1 tamb\u00e9m nas quartas-feiras. Em breve ser\u00e1 colocado tamb\u00e9m no Feir\u00e3o Colonial um <strong>Telecentro<\/strong> em parceria com os Maristas e o Governo Federal, atrav\u00e9s das Pol\u00edticas dos <strong>Telecentros<\/strong>.<\/p>\n<p><strong>Todos os s\u00e1bados: 7h \u00e0s 11h30min.<\/strong><\/p>\n<p><strong> Todas as quartas-feiras:<\/strong> <strong>7h \u00e0s 11h30min<\/strong>. a partir de 06\/04\/2011<strong> <\/strong><\/p>\n<p><strong>-&gt; FEIR\u00c3O NA PRA\u00c7A SATURNINO DE BRITO \u2013 <\/strong>De 04 a 08 de abril de 2011, das 8h \u00e0s 18 horas.<\/p>\n<p><strong> <\/strong><\/p>\n<p><strong>-&gt; <\/strong><strong>7\u00aa FEIRA DE ECONOMIA SOLID\u00c1RIA DO MERCOSUL e 18\u00aa FEICOOP \u2013 De <\/strong><strong>08 a 10 de julho de 2011<\/strong><\/p>\n<p>Informa\u00e7\u00f5es e inscri\u00e7\u00f5es pelo site: <a href=\"http:\/\/www.esperancacooesperanca.org.br\/\" target=\"_blank\">www.esperancacooesperanca.org.br<\/a>.<\/p>\n<p><strong><br \/>\n<\/strong><\/p>\n<p>Com informa\u00e7\u00f5es da Assessoria de Imprensa<\/p>\n<p>Telefone para contato: 55 3222 6152 \/ 3219 4599<\/p>\n","protected":false},"excerpt":{"rendered":"<p>Venda de produtos org\u00e2nicos diretamente com o produtor rural \u00e9 uma das realidades das feiras de economia solid\u00e1ria. Foto: J\u00falia Schnorr &#8211; 17\u00aa Feicoop Santa Maria continua sendo uma cidade polo para a Economia Solid\u00e1ria na Am\u00e9rica Latina. Prova disso est\u00e1 no cotidiano da cidade, que conta com feiras de agricultura familiar que trabalham com [&hellip;]<\/p>\n","protected":false},"author":1,"featured_media":0,"comment_status":"open","ping_status":"open","sticky":false,"template":"","format":"standard","meta":{"_acf_changed":false,"footnotes":""},"categories":[22],"tags":[160,165,154],"class_list":["post-3129","post","type-post","status-publish","format-standard","hentry","category-noticias","tag-economia-solidaria","tag-ecosol","tag-feira-do-cooperativismo"],"acf":[],"_links":{"self":[{"href":"https:\/\/tvovo.org\/portal\/wp-json\/wp\/v2\/posts\/3129","targetHints":{"allow":["GET"]}}],"collection":[{"href":"https:\/\/tvovo.org\/portal\/wp-json\/wp\/v2\/posts"}],"about":[{"href":"https:\/\/tvovo.org\/portal\/wp-json\/wp\/v2\/types\/post"}],"author":[{"embeddable":true,"href":"https:\/\/tvovo.org\/portal\/wp-json\/wp\/v2\/users\/1"}],"replies":[{"embeddable":true,"href":"https:\/\/tvovo.org\/portal\/wp-json\/wp\/v2\/comments?post=3129"}],"version-history":[{"count":0,"href":"https:\/\/tvovo.org\/portal\/wp-json\/wp\/v2\/posts\/3129\/revisions"}],"wp:attachment":[{"href":"https:\/\/tvovo.org\/portal\/wp-json\/wp\/v2\/media?parent=3129"}],"wp:term":[{"taxonomy":"category","embeddable":true,"href":"https:\/\/tvovo.org\/portal\/wp-json\/wp\/v2\/categories?post=3129"},{"taxonomy":"post_tag","embeddable":true,"href":"https:\/\/tvovo.org\/portal\/wp-json\/wp\/v2\/tags?post=3129"}],"curies":[{"name":"wp","href":"https:\/\/api.w.org\/{rel}","templated":true}]}}