{"id":15948,"date":"2026-04-21T16:00:00","date_gmt":"2026-04-21T19:00:00","guid":{"rendered":"https:\/\/tvovo.org\/portal\/?p=15948"},"modified":"2026-09-04T16:06:40","modified_gmt":"2026-09-04T19:06:40","slug":"tv-ovo-recebe-projeto-taifa","status":"publish","type":"post","link":"https:\/\/tvovo.org\/portal\/tv-ovo-recebe-projeto-taifa\/","title":{"rendered":"TV OVO recebe Projeto TAIFA para um encontro de integra\u00e7\u00e3o, mem\u00f3ria e audiovisual"},"content":{"rendered":"\t\t<div data-elementor-type=\"wp-post\" data-elementor-id=\"15948\" class=\"elementor elementor-15948\" data-elementor-post-type=\"post\">\n\t\t\t\t<div class=\"elementor-element elementor-element-c1c456e e-flex e-con-boxed e-con e-parent\" data-id=\"c1c456e\" data-element_type=\"container\" data-e-type=\"container\">\n\t\t\t\t\t<div class=\"e-con-inner\">\n\t\t\t\t<div class=\"elementor-element elementor-element-a1cc3f4 elementor-widget elementor-widget-image\" data-id=\"a1cc3f4\" data-element_type=\"widget\" data-e-type=\"widget\" data-widget_type=\"image.default\">\n\t\t\t\t<div class=\"elementor-widget-container\">\n\t\t\t\t\t\t\t\t\t\t\t\t<figure class=\"wp-caption\">\n\t\t\t\t\t\t\t\t\t\t<img fetchpriority=\"high\" decoding=\"async\" width=\"800\" height=\"450\" src=\"https:\/\/tvovo.org\/portal\/wp-content\/uploads\/2026\/09\/VisitaTAIFA_-@tvovosm-3-1024x576.jpg\" class=\"attachment-large size-large wp-image-15950\" alt=\"\" srcset=\"https:\/\/tvovo.org\/portal\/wp-content\/uploads\/2026\/09\/VisitaTAIFA_-@tvovosm-3-1024x576.jpg 1024w, https:\/\/tvovo.org\/portal\/wp-content\/uploads\/2026\/09\/VisitaTAIFA_-@tvovosm-3-300x169.jpg 300w, https:\/\/tvovo.org\/portal\/wp-content\/uploads\/2026\/09\/VisitaTAIFA_-@tvovosm-3-768x432.jpg 768w, https:\/\/tvovo.org\/portal\/wp-content\/uploads\/2026\/09\/VisitaTAIFA_-@tvovosm-3-1536x864.jpg 1536w, https:\/\/tvovo.org\/portal\/wp-content\/uploads\/2026\/09\/VisitaTAIFA_-@tvovosm-3.jpg 2000w\" sizes=\"(max-width: 800px) 100vw, 800px\" \/>\t\t\t\t\t\t\t\t\t\t\t<figcaption class=\"widget-image-caption wp-caption-text\">Integrantes do Projeto TAIFA. Fotografia: Jo\u00e3o Pedro Ribas<\/figcaption>\n\t\t\t\t\t\t\t\t\t\t<\/figure>\n\t\t\t\t\t\t\t\t\t<\/div>\n\t\t\t\t<\/div>\n\t\t\t\t\t<\/div>\n\t\t\t\t<\/div>\n\t\t<div class=\"elementor-element elementor-element-e99a07a e-flex e-con-boxed e-con e-parent\" data-id=\"e99a07a\" data-element_type=\"container\" data-e-type=\"container\">\n\t\t\t\t\t<div class=\"e-con-inner\">\n\t\t\t\t<div class=\"elementor-element elementor-element-ee7290c elementor-widget elementor-widget-text-editor\" data-id=\"ee7290c\" data-element_type=\"widget\" data-e-type=\"widget\" data-widget_type=\"text-editor.default\">\n\t\t\t\t<div class=\"elementor-widget-container\">\n\t\t\t\t\t\t\t\t\t<p><span style=\"font-weight: 400\">Na segunda-feira, dia 20 de abril, a TV OVO abriu as portas para receber o <a href=\"https:\/\/www.instagram.com\/projeto_taifa\/\"><strong>Projeto TAIFA<\/strong><\/a>, de Santiago (RS), em um encontro de integra\u00e7\u00e3o entre Pontos de Cultura. A atividade contou com a participa\u00e7\u00e3o de crian\u00e7as e adolescentes que integram o projeto, al\u00e9m de seus familiares.<\/span><\/p><p><span style=\"font-weight: 400\">Com mais de 30 anos de atua\u00e7\u00e3o, o Projeto TAIFA tem constru\u00eddo uma trajet\u00f3ria de <strong>impacto social junto \u00e0 comunidade<\/strong>. Ao longo desse percurso, tornou-se um importante ponto de apoio para crian\u00e7as, adolescentes e suas fam\u00edlias, promovendo desenvolvimento humano, oportunidades e novas perspectivas de futuro.<\/span><\/p><p><span style=\"font-weight: 400\">O encontro proporcionou um espa\u00e7o de escuta, troca e intera\u00e7\u00e3o entre os grupos. Durante a conversa, foram compartilhadas experi\u00eancias sobre a atua\u00e7\u00e3o como Ponto de Cultura, al\u00e9m dos sonhos e projetos da TV OVO para o futuro, que ganham forma no <a href=\"https:\/\/tvovo.org\/portal\/sobrado\/projeto\/\"><strong>Sobrado Centro Cultural<\/strong><\/a>.<\/span><\/p><p><span style=\"font-weight: 400\">A atividade tamb\u00e9m aproximou os participantes do universo audiovisual. Crian\u00e7as e adolescentes do TAIFA puderam conhecer um pouco mais sobre os processos de produ\u00e7\u00e3o, enquanto seus familiares vivenciaram, na pr\u00e1tica, a experi\u00eancia de um set de grava\u00e7\u00e3o, com c\u00e2mera, capta\u00e7\u00e3o de som e os diferentes elementos que fazem parte de uma produ\u00e7\u00e3o audiovisual.<\/span><\/p><p><span style=\"font-weight: 400\">Para completar a experi\u00eancia, os participantes registraram m\u00fasicas tradicionalistas interpretadas pelo grupo, transformando o encontro em um momento de conviv\u00eancia, aprendizado e troca de saberes. <strong>A visita refor\u00e7a a import\u00e2ncia dos Pontos de Cultura como espa\u00e7os de encontro, mem\u00f3ria, forma\u00e7\u00e3o e constru\u00e7\u00e3o coletiva.<\/strong><\/span><\/p>\t\t\t\t\t\t\t\t<\/div>\n\t\t\t\t<\/div>\n\t\t\t\t\t<\/div>\n\t\t\t\t<\/div>\n\t\t<div class=\"elementor-element elementor-element-97e1c8e e-flex e-con-boxed e-con e-parent\" data-id=\"97e1c8e\" data-element_type=\"container\" data-e-type=\"container\">\n\t\t\t\t\t<div class=\"e-con-inner\">\n\t\t\t\t<div class=\"elementor-element elementor-element-9f7d2e0 elementor-widget elementor-widget-image\" data-id=\"9f7d2e0\" data-element_type=\"widget\" data-e-type=\"widget\" data-widget_type=\"image.default\">\n\t\t\t\t<div class=\"elementor-widget-container\">\n\t\t\t\t\t\t\t\t\t\t\t\t<figure class=\"wp-caption\">\n\t\t\t\t\t\t\t\t\t\t<img decoding=\"async\" width=\"800\" height=\"450\" src=\"https:\/\/tvovo.org\/portal\/wp-content\/uploads\/2026\/09\/VisitaTAIFA_-@tvovosm-5-1024x576.jpg\" class=\"attachment-large size-large wp-image-15951\" alt=\"\" srcset=\"https:\/\/tvovo.org\/portal\/wp-content\/uploads\/2026\/09\/VisitaTAIFA_-@tvovosm-5-1024x576.jpg 1024w, https:\/\/tvovo.org\/portal\/wp-content\/uploads\/2026\/09\/VisitaTAIFA_-@tvovosm-5-300x169.jpg 300w, https:\/\/tvovo.org\/portal\/wp-content\/uploads\/2026\/09\/VisitaTAIFA_-@tvovosm-5-768x432.jpg 768w, https:\/\/tvovo.org\/portal\/wp-content\/uploads\/2026\/09\/VisitaTAIFA_-@tvovosm-5-1536x864.jpg 1536w, https:\/\/tvovo.org\/portal\/wp-content\/uploads\/2026\/09\/VisitaTAIFA_-@tvovosm-5.jpg 2000w\" sizes=\"(max-width: 800px) 100vw, 800px\" \/>\t\t\t\t\t\t\t\t\t\t\t<figcaption class=\"widget-image-caption wp-caption-text\">Registro do encontro entre TAIFA e TV OVO. Fotografia: Jo\u00e3o Pedro Ribas<\/figcaption>\n\t\t\t\t\t\t\t\t\t\t<\/figure>\n\t\t\t\t\t\t\t\t\t<\/div>\n\t\t\t\t<\/div>\n\t\t\t\t<div class=\"elementor-element elementor-element-d89585f elementor-widget elementor-widget-button\" data-id=\"d89585f\" data-element_type=\"widget\" data-e-type=\"widget\" data-widget_type=\"button.default\">\n\t\t\t\t<div class=\"elementor-widget-container\">\n\t\t\t\t\t\t\t\t\t<div class=\"elementor-button-wrapper\">\n\t\t\t\t\t<a class=\"elementor-button elementor-button-link elementor-size-sm\" href=\"https:\/\/www.instagram.com\/projeto_taifa\/\">\n\t\t\t\t\t\t<span class=\"elementor-button-content-wrapper\">\n\t\t\t\t\t\t\t\t\t<span class=\"elementor-button-text\">Conhe\u00e7a o projeto TAIFA<\/span>\n\t\t\t\t\t<\/span>\n\t\t\t\t\t<\/a>\n\t\t\t\t<\/div>\n\t\t\t\t\t\t\t\t<\/div>\n\t\t\t\t<\/div>\n\t\t\t\t\t\n<hr class=\"e-2305080-58e1f18 e-divider-base\" data-interaction-id=\"2305080\"  data-e-type=\"widget\" data-id=\"2305080\" \/>\n\t\t\t\t<div class=\"elementor-element elementor-element-e5012c3 elementor-widget elementor-widget-text-editor\" data-id=\"e5012c3\" data-element_type=\"widget\" data-e-type=\"widget\" data-widget_type=\"text-editor.default\">\n\t\t\t\t<div class=\"elementor-widget-container\">\n\t\t\t\t\t\t\t\t\t<p><b>Mat\u00e9ria por: <\/b>Isaac Brum<br \/><strong>Fotografia:<\/strong> Jo\u00e3o Pedro Ribas<\/p>\t\t\t\t\t\t\t\t<\/div>\n\t\t\t\t<\/div>\n\t\t\t\t\t<\/div>\n\t\t\t\t<\/div>\n\t\t\t\t<\/div>\n\t\t","protected":false},"excerpt":{"rendered":"<p>Integrantes do Projeto TAIFA. Fotografia: Jo\u00e3o Pedro Ribas Na segunda-feira, dia 20 de abril, a TV OVO abriu as portas para receber o Projeto TAIFA, de Santiago (RS), em um encontro de integra\u00e7\u00e3o entre Pontos de Cultura. A atividade contou com a participa\u00e7\u00e3o de crian\u00e7as e adolescentes que integram o projeto, al\u00e9m de seus familiares. [&hellip;]<\/p>\n","protected":false},"author":31,"featured_media":15955,"comment_status":"closed","ping_status":"closed","sticky":false,"template":"","format":"standard","meta":{"_acf_changed":false,"footnotes":""},"categories":[22],"tags":[114,87,1397,136],"class_list":["post-15948","post","type-post","status-publish","format-standard","has-post-thumbnail","hentry","category-noticias","tag-audiovisual","tag-ponto-de-cultura","tag-projeto-taifa","tag-tv-ovo"],"acf":[],"_links":{"self":[{"href":"https:\/\/tvovo.org\/portal\/wp-json\/wp\/v2\/posts\/15948","targetHints":{"allow":["GET"]}}],"collection":[{"href":"https:\/\/tvovo.org\/portal\/wp-json\/wp\/v2\/posts"}],"about":[{"href":"https:\/\/tvovo.org\/portal\/wp-json\/wp\/v2\/types\/post"}],"author":[{"embeddable":true,"href":"https:\/\/tvovo.org\/portal\/wp-json\/wp\/v2\/users\/31"}],"replies":[{"embeddable":true,"href":"https:\/\/tvovo.org\/portal\/wp-json\/wp\/v2\/comments?post=15948"}],"version-history":[{"count":6,"href":"https:\/\/tvovo.org\/portal\/wp-json\/wp\/v2\/posts\/15948\/revisions"}],"predecessor-version":[{"id":15965,"href":"https:\/\/tvovo.org\/portal\/wp-json\/wp\/v2\/posts\/15948\/revisions\/15965"}],"wp:featuredmedia":[{"embeddable":true,"href":"https:\/\/tvovo.org\/portal\/wp-json\/wp\/v2\/media\/15955"}],"wp:attachment":[{"href":"https:\/\/tvovo.org\/portal\/wp-json\/wp\/v2\/media?parent=15948"}],"wp:term":[{"taxonomy":"category","embeddable":true,"href":"https:\/\/tvovo.org\/portal\/wp-json\/wp\/v2\/categories?post=15948"},{"taxonomy":"post_tag","embeddable":true,"href":"https:\/\/tvovo.org\/portal\/wp-json\/wp\/v2\/tags?post=15948"}],"curies":[{"name":"wp","href":"https:\/\/api.w.org\/{rel}","templated":true}]}}