{"id":15933,"date":"2026-09-03T16:51:38","date_gmt":"2026-09-03T19:51:38","guid":{"rendered":"https:\/\/tvovo.org\/portal\/?p=15933"},"modified":"2026-09-04T16:05:53","modified_gmt":"2026-09-04T19:05:53","slug":"entre-gestos-e-enquadramentos-a-danca-encontra-a-camera","status":"publish","type":"post","link":"https:\/\/tvovo.org\/portal\/entre-gestos-e-enquadramentos-a-danca-encontra-a-camera\/","title":{"rendered":"Entre gestos e enquadramentos, a dan\u00e7a encontra a c\u00e2mera"},"content":{"rendered":"\t\t<div data-elementor-type=\"wp-post\" data-elementor-id=\"15933\" class=\"elementor elementor-15933\" data-elementor-post-type=\"post\">\n\t\t\t\t<div class=\"elementor-element elementor-element-4f245ac e-flex e-con-boxed e-con e-parent\" data-id=\"4f245ac\" data-element_type=\"container\" data-e-type=\"container\">\n\t\t\t\t\t<div class=\"e-con-inner\">\n\t\t\t\t<div class=\"elementor-element elementor-element-a21880f elementor-widget elementor-widget-heading\" data-id=\"a21880f\" data-element_type=\"widget\" data-e-type=\"widget\" data-widget_type=\"heading.default\">\n\t\t\t\t<div class=\"elementor-widget-container\">\n\t\t\t\t\t<h5 class=\"elementor-heading-title elementor-size-default\">Atividade promoveu uma troca de experi\u00eancias sobre audiovisual e convidou estudantes a explorar novas possibilidades de cria\u00e7\u00e3o entre o corpo, a c\u00e2mera e a videodan\u00e7a.<\/h5>\t\t\t\t<\/div>\n\t\t\t\t<\/div>\n\t\t\t\t\t\n<hr class=\"e-8b1ff31-6b18db2 e-divider-base\" data-interaction-id=\"8b1ff31\"  data-e-type=\"widget\" data-id=\"8b1ff31\" \/>\n\t\t\t\t<div class=\"elementor-element elementor-element-adfa04b elementor-widget elementor-widget-image\" data-id=\"adfa04b\" data-element_type=\"widget\" data-e-type=\"widget\" data-widget_type=\"image.default\">\n\t\t\t\t<div class=\"elementor-widget-container\">\n\t\t\t\t\t\t\t\t\t\t\t\t<figure class=\"wp-caption\">\n\t\t\t\t\t\t\t\t\t\t<img fetchpriority=\"high\" decoding=\"async\" width=\"800\" height=\"600\" src=\"https:\/\/tvovo.org\/portal\/wp-content\/uploads\/2026\/09\/Foto-01-Neli-Mombelli-apresenta-a-linguagem-audiovisual-@Maria-Eduard-Rossato.jpg\" class=\"attachment-large size-large wp-image-15936\" alt=\"\" srcset=\"https:\/\/tvovo.org\/portal\/wp-content\/uploads\/2026\/09\/Foto-01-Neli-Mombelli-apresenta-a-linguagem-audiovisual-@Maria-Eduard-Rossato.jpg 1024w, https:\/\/tvovo.org\/portal\/wp-content\/uploads\/2026\/09\/Foto-01-Neli-Mombelli-apresenta-a-linguagem-audiovisual-@Maria-Eduard-Rossato-300x225.jpg 300w, https:\/\/tvovo.org\/portal\/wp-content\/uploads\/2026\/09\/Foto-01-Neli-Mombelli-apresenta-a-linguagem-audiovisual-@Maria-Eduard-Rossato-768x576.jpg 768w\" sizes=\"(max-width: 800px) 100vw, 800px\" \/>\t\t\t\t\t\t\t\t\t\t\t<figcaption class=\"widget-image-caption wp-caption-text\">Neli Mombelli aborda a linguagem audiovisual. Fotografia: Maria Eduard Rossato<\/figcaption>\n\t\t\t\t\t\t\t\t\t\t<\/figure>\n\t\t\t\t\t\t\t\t\t<\/div>\n\t\t\t\t<\/div>\n\t\t\t\t\t<\/div>\n\t\t\t\t<\/div>\n\t\t<div class=\"elementor-element elementor-element-59c09b1 e-flex e-con-boxed e-con e-parent\" data-id=\"59c09b1\" data-element_type=\"container\" data-e-type=\"container\">\n\t\t\t\t\t<div class=\"e-con-inner\">\n\t\t\t\t<div class=\"elementor-element elementor-element-d80defc elementor-widget elementor-widget-text-editor\" data-id=\"d80defc\" data-element_type=\"widget\" data-e-type=\"widget\" data-widget_type=\"text-editor.default\">\n\t\t\t\t<div class=\"elementor-widget-container\">\n\t\t\t\t\t\t\t\t\t<p><span style=\"font-weight: 400\">Na manh\u00e3 de quarta-feira, dia 2 de setembro, a diretora <\/span><b>Neli Mombelli<\/b><span style=\"font-weight: 400\"> encontrou-se com estudantes do curso de Dan\u00e7a da Universidade Federal de Santa Maria (UFSM) para compartilhar suas viv\u00eancias no campo do audiovisual. Convidada pela professora <\/span><b>M\u00f4nica Corr\u00eaa de Borba Barboza<\/b><span style=\"font-weight: 400\">, Neli participou de uma atividade da disciplina <em>\u201cEstudos do Corpo IV: Dan\u00e7a e Meio Ambiente\u201d<\/em>.<\/span><\/p><p><span style=\"font-weight: 400\">O encontro apresentou a linguagem audiovisual voltada \u00e0 videodan\u00e7a, mostrando que a c\u00e2mera pode fazer mais do que registrar um movimento. Ao escolher o que revelar, acompanhar um gesto e <\/span>captar<span style=\"font-weight: 400\"> detalhes quase impercept\u00edveis at\u00e9 mesmo ao olhar mais atento, ela tamb\u00e9m passa a integrar a dan\u00e7a e criar novos sentidos.<\/span><i><\/i><b><i><\/i><\/b><\/p>\t\t\t\t\t\t\t\t<\/div>\n\t\t\t\t<\/div>\n\t\t\t\t<div class=\"elementor-element elementor-element-472c35c elementor-widget elementor-widget-image\" data-id=\"472c35c\" data-element_type=\"widget\" data-e-type=\"widget\" data-widget_type=\"image.default\">\n\t\t\t\t<div class=\"elementor-widget-container\">\n\t\t\t\t\t\t\t\t\t\t\t\t<figure class=\"wp-caption\">\n\t\t\t\t\t\t\t\t\t\t<img decoding=\"async\" width=\"800\" height=\"600\" src=\"https:\/\/tvovo.org\/portal\/wp-content\/uploads\/2026\/09\/Foto-03-Estudantes-experimentam-a-videodanca-em-atividade-pratica-@Maria-Eduarda-Rossato-1.jpg\" class=\"attachment-large size-large wp-image-15937\" alt=\"\" srcset=\"https:\/\/tvovo.org\/portal\/wp-content\/uploads\/2026\/09\/Foto-03-Estudantes-experimentam-a-videodanca-em-atividade-pratica-@Maria-Eduarda-Rossato-1.jpg 1024w, https:\/\/tvovo.org\/portal\/wp-content\/uploads\/2026\/09\/Foto-03-Estudantes-experimentam-a-videodanca-em-atividade-pratica-@Maria-Eduarda-Rossato-1-300x225.jpg 300w, https:\/\/tvovo.org\/portal\/wp-content\/uploads\/2026\/09\/Foto-03-Estudantes-experimentam-a-videodanca-em-atividade-pratica-@Maria-Eduarda-Rossato-1-768x576.jpg 768w\" sizes=\"(max-width: 800px) 100vw, 800px\" \/>\t\t\t\t\t\t\t\t\t\t\t<figcaption class=\"widget-image-caption wp-caption-text\">Estudantes experimentam a videodan\u00e7a em atividade pr\u00e1tica. Fotografia: Maria Eduarda Rossato<\/figcaption>\n\t\t\t\t\t\t\t\t\t\t<\/figure>\n\t\t\t\t\t\t\t\t\t<\/div>\n\t\t\t\t<\/div>\n\t\t\t\t<div class=\"elementor-element elementor-element-241a737 elementor-widget elementor-widget-text-editor\" data-id=\"241a737\" data-element_type=\"widget\" data-e-type=\"widget\" data-widget_type=\"text-editor.default\">\n\t\t\t\t<div class=\"elementor-widget-container\">\n\t\t\t\t\t\t\t\t\t<p><span style=\"font-weight: 400\">Durante a conversa, Neli trouxe a experi\u00eancia de produ\u00e7\u00e3o do longa-metragem <\/span><b>\u201cQuando a Gente Menina Cresce\u201d<\/b><span style=\"font-weight: 400\">. A partir dessa trajet\u00f3ria, foram abordadas as rela\u00e7\u00f5es entre audiovisual e dan\u00e7a na cria\u00e7\u00e3o de videodan\u00e7as.\u00a0 Depois das explica\u00e7\u00f5es, os estudantes levaram esse aprendizado para uma atividade pr\u00e1tica de grava\u00e7\u00e3o. Eles puderam experimentar, por meio da imagem, o ato de filmar uma continuidade do corpo e como compor na edi\u00e7\u00e3o.<\/span><\/p><p><span style=\"font-weight: 400\">Ao final da manh\u00e3, ficou a sensa\u00e7\u00e3o de que dan\u00e7a e audiovisual se encontram como parceiros do movimento: enquanto um acontece no instante, o outro o guarda para que possa dan\u00e7ar novamente, outras vezes e em outros lugares.\u00a0<\/span><\/p>\t\t\t\t\t\t\t\t<\/div>\n\t\t\t\t<\/div>\n\t\t\t\t<div class=\"elementor-element elementor-element-eecb940 elementor-widget elementor-widget-image\" data-id=\"eecb940\" data-element_type=\"widget\" data-e-type=\"widget\" data-widget_type=\"image.default\">\n\t\t\t\t<div class=\"elementor-widget-container\">\n\t\t\t\t\t\t\t\t\t\t\t\t<figure class=\"wp-caption\">\n\t\t\t\t\t\t\t\t\t\t<img decoding=\"async\" width=\"800\" height=\"600\" src=\"https:\/\/tvovo.org\/portal\/wp-content\/uploads\/2026\/09\/Foto-02-Estudantes-de-Danca-e-Neli-Mombelli-apos-a-atividade-@Maria-Eduard-Rossato.jpg\" class=\"attachment-large size-large wp-image-15938\" alt=\"\" srcset=\"https:\/\/tvovo.org\/portal\/wp-content\/uploads\/2026\/09\/Foto-02-Estudantes-de-Danca-e-Neli-Mombelli-apos-a-atividade-@Maria-Eduard-Rossato.jpg 1024w, https:\/\/tvovo.org\/portal\/wp-content\/uploads\/2026\/09\/Foto-02-Estudantes-de-Danca-e-Neli-Mombelli-apos-a-atividade-@Maria-Eduard-Rossato-300x225.jpg 300w, https:\/\/tvovo.org\/portal\/wp-content\/uploads\/2026\/09\/Foto-02-Estudantes-de-Danca-e-Neli-Mombelli-apos-a-atividade-@Maria-Eduard-Rossato-768x576.jpg 768w\" sizes=\"(max-width: 800px) 100vw, 800px\" \/>\t\t\t\t\t\t\t\t\t\t\t<figcaption class=\"widget-image-caption wp-caption-text\">Estudantes de Dan\u00e7a e Neli Mombelli ap\u00f3s a atividade. Fotografia: Maria Eduard Rossato<\/figcaption>\n\t\t\t\t\t\t\t\t\t\t<\/figure>\n\t\t\t\t\t\t\t\t\t<\/div>\n\t\t\t\t<\/div>\n\t\t\t\t<div class=\"elementor-element elementor-element-9278bd3 elementor-widget elementor-widget-text-editor\" data-id=\"9278bd3\" data-element_type=\"widget\" data-e-type=\"widget\" data-widget_type=\"text-editor.default\">\n\t\t\t\t<div class=\"elementor-widget-container\">\n\t\t\t\t\t\t\t\t\t<p><b>Texto\/Fotos:. <\/b>Maria Eduarda Rossato<\/p>\t\t\t\t\t\t\t\t<\/div>\n\t\t\t\t<\/div>\n\t\t\t\t\t<\/div>\n\t\t\t\t<\/div>\n\t\t\t\t<\/div>\n\t\t","protected":false},"excerpt":{"rendered":"<p>Atividade promoveu uma troca de experi\u00eancias sobre audiovisual e convidou estudantes a explorar novas possibilidades de cria\u00e7\u00e3o entre o corpo, a c\u00e2mera e a videodan\u00e7a. Neli Mombelli aborda a linguagem audiovisual. Fotografia: Maria Eduard Rossato Na manh\u00e3 de quarta-feira, dia 2 de setembro, a diretora Neli Mombelli encontrou-se com estudantes do curso de Dan\u00e7a da [&hellip;]<\/p>\n","protected":false},"author":31,"featured_media":15935,"comment_status":"closed","ping_status":"closed","sticky":false,"template":"","format":"standard","meta":{"_acf_changed":false,"footnotes":""},"categories":[22,1370],"tags":[411,1381,136,330],"class_list":["post-15933","post","type-post","status-publish","format-standard","has-post-thumbnail","hentry","category-noticias","category-qmc","tag-danca","tag-quando-a-gente-menina-cresce","tag-tv-ovo","tag-ufsm"],"acf":[],"_links":{"self":[{"href":"https:\/\/tvovo.org\/portal\/wp-json\/wp\/v2\/posts\/15933","targetHints":{"allow":["GET"]}}],"collection":[{"href":"https:\/\/tvovo.org\/portal\/wp-json\/wp\/v2\/posts"}],"about":[{"href":"https:\/\/tvovo.org\/portal\/wp-json\/wp\/v2\/types\/post"}],"author":[{"embeddable":true,"href":"https:\/\/tvovo.org\/portal\/wp-json\/wp\/v2\/users\/31"}],"replies":[{"embeddable":true,"href":"https:\/\/tvovo.org\/portal\/wp-json\/wp\/v2\/comments?post=15933"}],"version-history":[{"count":10,"href":"https:\/\/tvovo.org\/portal\/wp-json\/wp\/v2\/posts\/15933\/revisions"}],"predecessor-version":[{"id":15947,"href":"https:\/\/tvovo.org\/portal\/wp-json\/wp\/v2\/posts\/15933\/revisions\/15947"}],"wp:featuredmedia":[{"embeddable":true,"href":"https:\/\/tvovo.org\/portal\/wp-json\/wp\/v2\/media\/15935"}],"wp:attachment":[{"href":"https:\/\/tvovo.org\/portal\/wp-json\/wp\/v2\/media?parent=15933"}],"wp:term":[{"taxonomy":"category","embeddable":true,"href":"https:\/\/tvovo.org\/portal\/wp-json\/wp\/v2\/categories?post=15933"},{"taxonomy":"post_tag","embeddable":true,"href":"https:\/\/tvovo.org\/portal\/wp-json\/wp\/v2\/tags?post=15933"}],"curies":[{"name":"wp","href":"https:\/\/api.w.org\/{rel}","templated":true}]}}