{"id":14827,"date":"2025-07-23T16:09:09","date_gmt":"2025-07-23T19:09:09","guid":{"rendered":"https:\/\/tvovo.org\/portal\/?p=14827"},"modified":"2026-04-16T19:21:17","modified_gmt":"2026-04-16T22:21:17","slug":"quando-a-gente-menina-cresce-marca-estreia-da-tv-ovo-em-longa-metragem-no-festival-de-gramado","status":"publish","type":"post","link":"https:\/\/tvovo.org\/portal\/quando-a-gente-menina-cresce-marca-estreia-da-tv-ovo-em-longa-metragem-no-festival-de-gramado\/","title":{"rendered":"\u201cQuando a Gente Menina Cresce\u201d marca estreia da TV OVO em longa-metragem no Festival de Gramado"},"content":{"rendered":"\t\t<div data-elementor-type=\"wp-post\" data-elementor-id=\"14827\" class=\"elementor elementor-14827\" data-elementor-post-type=\"post\">\n\t\t\t\t<div class=\"elementor-element elementor-element-c0ca155 e-con-full e-flex e-con e-parent\" data-id=\"c0ca155\" data-element_type=\"container\" data-e-type=\"container\">\n\t\t\t\t<div class=\"elementor-element elementor-element-b52fa46 elementor-widget elementor-widget-image\" data-id=\"b52fa46\" data-element_type=\"widget\" data-e-type=\"widget\" data-widget_type=\"image.default\">\n\t\t\t\t<div class=\"elementor-widget-container\">\n\t\t\t\t\t\t\t\t\t\t\t\t\t\t\t<img fetchpriority=\"high\" decoding=\"async\" width=\"800\" height=\"450\" src=\"https:\/\/tvovo.org\/portal\/wp-content\/uploads\/2025\/07\/P1880652-1024x576.jpg\" class=\"attachment-large size-large wp-image-14830\" alt=\"\" srcset=\"https:\/\/tvovo.org\/portal\/wp-content\/uploads\/2025\/07\/P1880652-1024x576.jpg 1024w, https:\/\/tvovo.org\/portal\/wp-content\/uploads\/2025\/07\/P1880652-300x169.jpg 300w, https:\/\/tvovo.org\/portal\/wp-content\/uploads\/2025\/07\/P1880652-768x432.jpg 768w, https:\/\/tvovo.org\/portal\/wp-content\/uploads\/2025\/07\/P1880652-1536x864.jpg 1536w, https:\/\/tvovo.org\/portal\/wp-content\/uploads\/2025\/07\/P1880652.jpg 1920w\" sizes=\"(max-width: 800px) 100vw, 800px\" \/>\t\t\t\t\t\t\t\t\t\t\t\t\t\t\t<\/div>\n\t\t\t\t<\/div>\n\t\t\t\t<div class=\"elementor-element elementor-element-6787c4f elementor-widget elementor-widget-text-editor\" data-id=\"6787c4f\" data-element_type=\"widget\" data-e-type=\"widget\" data-widget_type=\"text-editor.default\">\n\t\t\t\t<div class=\"elementor-widget-container\">\n\t\t\t\t\t\t\t\t\t<p>Quando a gente menina cresce, os sonhos florescem junto com as transforma\u00e7\u00f5es f\u00edsicas e emocionais que marcam essa fase da vida. Floresce tamb\u00e9m o desejo de ocupar espa\u00e7os, de ser ouvida, de construir novos caminhos. \u00c9 com o mesmo brilho no olhar com que as crian\u00e7as descobrem o mundo que temos a alegria de anunciar: o longa-metragem <strong><em>Quando a Gente Menina Cresce,<\/em><\/strong> realizado pela TV OVO, est\u00e1 entre os selecionados para o <strong>53\u00ba Festival de Cinema de Gramado<\/strong>, que ocorre entre os dias 13 e 23 de agosto, na Serra Ga\u00facha.<\/p>\t\t\t\t\t\t\t\t<\/div>\n\t\t\t\t<\/div>\n\t\t\t\t<div class=\"elementor-element elementor-element-7556072 elementor-align-justify elementor-widget elementor-widget-button\" data-id=\"7556072\" data-element_type=\"widget\" data-e-type=\"widget\" data-widget_type=\"button.default\">\n\t\t\t\t<div class=\"elementor-widget-container\">\n\t\t\t\t\t\t\t\t\t<div class=\"elementor-button-wrapper\">\n\t\t\t\t\t<a class=\"elementor-button elementor-button-link elementor-size-sm\" href=\"https:\/\/tvovo.org\/portal\/longa-documental-tesmoforias-dialoga-com-a-primavera-em-nova-etapa-de-gravacoes\/\">\n\t\t\t\t\t\t<span class=\"elementor-button-content-wrapper\">\n\t\t\t\t\t\t\t\t\t<span class=\"elementor-button-text\">Longa documental Tesmof\u00f3rias dialoga com a primavera em nova etapa de grava\u00e7\u00f5es<\/span>\n\t\t\t\t\t<\/span>\n\t\t\t\t\t<\/a>\n\t\t\t\t<\/div>\n\t\t\t\t\t\t\t\t<\/div>\n\t\t\t\t<\/div>\n\t\t\t\t<div class=\"elementor-element elementor-element-5c0d439 elementor-widget elementor-widget-spacer\" data-id=\"5c0d439\" data-element_type=\"widget\" data-e-type=\"widget\" data-widget_type=\"spacer.default\">\n\t\t\t\t<div class=\"elementor-widget-container\">\n\t\t\t\t\t\t\t<div class=\"elementor-spacer\">\n\t\t\t<div class=\"elementor-spacer-inner\"><\/div>\n\t\t<\/div>\n\t\t\t\t\t\t<\/div>\n\t\t\t\t<\/div>\n\t\t\t\t<div class=\"elementor-element elementor-element-4e99aa0 elementor-widget elementor-widget-text-editor\" data-id=\"4e99aa0\" data-element_type=\"widget\" data-e-type=\"widget\" data-widget_type=\"text-editor.default\">\n\t\t\t\t<div class=\"elementor-widget-container\">\n\t\t\t\t\t\t\t\t\t<p><span style=\"font-weight: 400\">O document\u00e1rio, dirigido por <\/span><b>Neli Mombelli<\/b><span style=\"font-weight: 400\">, \u00e9 um dos cinco t\u00edtulos escolhidos para a <\/span><i><span style=\"font-weight: 400\">Mostra Sedac\/Iecine de Longas Ga\u00fachos,<\/span><\/i><span style=\"font-weight: 400\"> que integra a programa\u00e7\u00e3o do mais tradicional festival de cinema do pa\u00eds. Com sensibilidade e leveza, <\/span><i><span style=\"font-weight: 400\">Quando a Gente Menina Cresce<\/span><\/i><span style=\"font-weight: 400\"> trata de um tema ainda cercado de tabus: a primeira menstrua\u00e7\u00e3o. O filme acompanhou a transi\u00e7\u00e3o vivida por meninas entre 9 e 12 anos ao longo de um ano letivo em uma escola p\u00fablica da periferia de Santa Maria, no centro do Rio Grande do Sul.<\/span><\/p><p><span style=\"font-weight: 400\">&#8220;\u00c9 uma alegria imensa a sele\u00e7\u00e3o para o Festival de Gramado. Ser\u00e1 a estreia do filme e pretendemos levar as meninas e familiares para o Pal\u00e1cio dos Festivais para assistirem ele pela primeira vez. Ser\u00e1 um dia m\u00e1gico para todos n\u00f3s, de diferentes formas. Ser\u00e1 o dia em que o filme tamb\u00e9m se encontrar\u00e1 com o p\u00fablico\u201d, comemora Neli.<\/span><\/p>\t\t\t\t\t\t\t\t<\/div>\n\t\t\t\t<\/div>\n\t\t\t\t<div class=\"elementor-element elementor-element-49629dc elementor-widget elementor-widget-image\" data-id=\"49629dc\" data-element_type=\"widget\" data-e-type=\"widget\" data-widget_type=\"image.default\">\n\t\t\t\t<div class=\"elementor-widget-container\">\n\t\t\t\t\t\t\t\t\t\t\t\t\t\t\t<img decoding=\"async\" width=\"800\" height=\"450\" src=\"https:\/\/tvovo.org\/portal\/wp-content\/uploads\/2025\/07\/QGMC_41_15-1024x576.png\" class=\"attachment-large size-large wp-image-14831\" alt=\"\" srcset=\"https:\/\/tvovo.org\/portal\/wp-content\/uploads\/2025\/07\/QGMC_41_15-1024x576.png 1024w, https:\/\/tvovo.org\/portal\/wp-content\/uploads\/2025\/07\/QGMC_41_15-300x169.png 300w, https:\/\/tvovo.org\/portal\/wp-content\/uploads\/2025\/07\/QGMC_41_15-768x432.png 768w, https:\/\/tvovo.org\/portal\/wp-content\/uploads\/2025\/07\/QGMC_41_15-1536x864.png 1536w, https:\/\/tvovo.org\/portal\/wp-content\/uploads\/2025\/07\/QGMC_41_15.png 1920w\" sizes=\"(max-width: 800px) 100vw, 800px\" \/>\t\t\t\t\t\t\t\t\t\t\t\t\t\t\t<\/div>\n\t\t\t\t<\/div>\n\t\t\t\t<div class=\"elementor-element elementor-element-4d575e7 elementor-widget elementor-widget-text-editor\" data-id=\"4d575e7\" data-element_type=\"widget\" data-e-type=\"widget\" data-widget_type=\"text-editor.default\">\n\t\t\t\t<div class=\"elementor-widget-container\">\n\t\t\t\t\t\t\t\t\t<p><span style=\"font-weight: 400\">Para abordar um tema historicamente invisibilizado, o filme precisou, antes de tudo, construir um ambiente de escuta e confian\u00e7a. Segundo a diretora, o processo come\u00e7ou com o fortalecimento dos la\u00e7os entre a equipe, as meninas e suas fam\u00edlias:<\/span><\/p><p><span style=\"font-weight: 400\">\u201cFizemos reuni\u00f5es com os familiares e com as personagens e seus colegas de turma, fizemos um m\u00eas de oficina de audiovisual para que soubessem como tudo funcionava, desde a c\u00e2mera at\u00e9 a capta\u00e7\u00e3o do som pelos diferentes tipos de microfones usados.\u201d<\/span><\/p><p><span style=\"font-weight: 400\">Esse cuidado inicial permitiu que as meninas se sentissem \u00e0 vontade para compartilhar, em conversas espont\u00e2neas, seus sentimentos, desejos, medos e as transforma\u00e7\u00f5es f\u00edsicas e emocionais que acompanham essa nova fase de descobertas. Elas revelaram aprendizados herdados de suas m\u00e3es, mas tamb\u00e9m se mostraram questionadoras, capazes de romper com padr\u00f5es e quebrar o ciclo geracional.<\/span><\/p><p><span style=\"font-weight: 400\">A proposta do filme tamb\u00e9m se reflete na equipe que o realizou: a produ\u00e7\u00e3o \u00e9 conduzida majoritariamente por mulheres, com presen\u00e7a feminina em frentes como roteiro, dire\u00e7\u00e3o, dire\u00e7\u00e3o de produ\u00e7\u00e3o, som direto, fotografia e produ\u00e7\u00e3o executiva. Essa composi\u00e7\u00e3o fortaleceu a constru\u00e7\u00e3o de um ambiente de confian\u00e7a e acolhimento, contribuindo para que as meninas se sentissem \u00e0 vontade diante das c\u00e2meras e participassem ativamente do processo. Al\u00e9m disso, a presen\u00e7a de mulheres em diferentes etapas da produ\u00e7\u00e3o tamb\u00e9m funcionou como refer\u00eancia para as meninas, ao evidenciar possibilidades de atua\u00e7\u00e3o em \u00e1reas do audiovisual ainda marcadas pela predomin\u00e2ncia masculina.<\/span><\/p>\t\t\t\t\t\t\t\t<\/div>\n\t\t\t\t<\/div>\n\t\t\t\t<div class=\"elementor-element elementor-element-4ccdc59 elementor-widget elementor-widget-image\" data-id=\"4ccdc59\" data-element_type=\"widget\" data-e-type=\"widget\" data-widget_type=\"image.default\">\n\t\t\t\t<div class=\"elementor-widget-container\">\n\t\t\t\t\t\t\t\t\t\t\t\t\t\t\t<img decoding=\"async\" width=\"800\" height=\"534\" src=\"https:\/\/tvovo.org\/portal\/wp-content\/uploads\/2025\/07\/thaila-1024x683.jpeg\" class=\"attachment-large size-large wp-image-14832\" alt=\"\" srcset=\"https:\/\/tvovo.org\/portal\/wp-content\/uploads\/2025\/07\/thaila-1024x683.jpeg 1024w, https:\/\/tvovo.org\/portal\/wp-content\/uploads\/2025\/07\/thaila-300x200.jpeg 300w, https:\/\/tvovo.org\/portal\/wp-content\/uploads\/2025\/07\/thaila-768x512.jpeg 768w, https:\/\/tvovo.org\/portal\/wp-content\/uploads\/2025\/07\/thaila-1536x1024.jpeg 1536w, https:\/\/tvovo.org\/portal\/wp-content\/uploads\/2025\/07\/thaila-2048x1365.jpeg 2048w, https:\/\/tvovo.org\/portal\/wp-content\/uploads\/2025\/07\/thaila-930x620.jpeg 930w\" sizes=\"(max-width: 800px) 100vw, 800px\" \/>\t\t\t\t\t\t\t\t\t\t\t\t\t\t\t<\/div>\n\t\t\t\t<\/div>\n\t\t\t\t<div class=\"elementor-element elementor-element-c839ea9 elementor-widget elementor-widget-spacer\" data-id=\"c839ea9\" data-element_type=\"widget\" data-e-type=\"widget\" data-widget_type=\"spacer.default\">\n\t\t\t\t<div class=\"elementor-widget-container\">\n\t\t\t\t\t\t\t<div class=\"elementor-spacer\">\n\t\t\t<div class=\"elementor-spacer-inner\"><\/div>\n\t\t<\/div>\n\t\t\t\t\t\t<\/div>\n\t\t\t\t<\/div>\n\t\t\t\t<div class=\"elementor-element elementor-element-e02db3f elementor-widget elementor-widget-heading\" data-id=\"e02db3f\" data-element_type=\"widget\" data-e-type=\"widget\" data-widget_type=\"heading.default\">\n\t\t\t\t<div class=\"elementor-widget-container\">\n\t\t\t\t\t<h4 class=\"elementor-heading-title elementor-size-default\">Para al\u00e9m dos muros da escola<\/h4>\t\t\t\t<\/div>\n\t\t\t\t<\/div>\n\t\t\t\t<div class=\"elementor-element elementor-element-89ea597 elementor-widget elementor-widget-spacer\" data-id=\"89ea597\" data-element_type=\"widget\" data-e-type=\"widget\" data-widget_type=\"spacer.default\">\n\t\t\t\t<div class=\"elementor-widget-container\">\n\t\t\t\t\t\t\t<div class=\"elementor-spacer\">\n\t\t\t<div class=\"elementor-spacer-inner\"><\/div>\n\t\t<\/div>\n\t\t\t\t\t\t<\/div>\n\t\t\t\t<\/div>\n\t\t\t\t<div class=\"elementor-element elementor-element-bddf00b elementor-widget elementor-widget-text-editor\" data-id=\"bddf00b\" data-element_type=\"widget\" data-e-type=\"widget\" data-widget_type=\"text-editor.default\">\n\t\t\t\t<div class=\"elementor-widget-container\">\n\t\t\t\t\t\t\t\t\t<p><span style=\"font-family: var( --e-global-typography-text-font-family ), Sans-serif;text-align: var(--text-align);font-size: 14px;letter-spacing: var(--bodyletterspacing);text-transform: var(--bodytexttransform)\">Ao longo de um ano de trabalho, a equipe mergulhou na rotina da escola e na conviv\u00eancia com as meninas, com os educadores da <\/span><b style=\"font-family: var( --e-global-typography-text-font-family ), Sans-serif;text-align: var(--text-align);font-size: 14px;letter-spacing: var(--bodyletterspacing);text-transform: var(--bodytexttransform)\">Escola Municipal de Ensino Fundamental (Emef) Professor S\u00e9rgio Lopes<\/b><span style=\"font-family: var( --e-global-typography-text-font-family ), Sans-serif;text-align: var(--text-align);font-size: 14px;letter-spacing: var(--bodyletterspacing);text-transform: var(--bodytexttransform)\"> e com as fam\u00edlias do Bairro Renascen\u00e7a. Neli destaca que o envolvimento foi intenso e marcado por trocas significativas com o territ\u00f3rio que acolheu o projeto. O filme, segundo ela, \u00e9 uma constru\u00e7\u00e3o coletiva que revela a pureza, a delicadeza e a pot\u00eancia de <\/span><b style=\"font-family: var( --e-global-typography-text-font-family ), Sans-serif;text-align: var(--text-align);font-size: 14px;letter-spacing: var(--bodyletterspacing);text-transform: var(--bodytexttransform)\">Alana, Ana Julia, Emilly, Isadora, Taiane e Thaila<\/b><span style=\"font-family: var( --e-global-typography-text-font-family ), Sans-serif;text-align: var(--text-align);font-size: 14px;letter-spacing: var(--bodyletterspacing);text-transform: var(--bodytexttransform)\">, que assumem o centro dessa narrativa de escuta, descoberta e afirma\u00e7\u00e3o.<\/span><\/p><p>\u201cEsse filme \u00e9 como uma ora\u00e7\u00e3o para elas e para que todas as meninas possam viver suas inf\u00e2ncias, conhecer e decidir sobre seu pr\u00f3prio corpo, sonhar e ter a possibilidade de ser o que quiserem ser\u201d, declara a diretora.<\/p>\t\t\t\t\t\t\t\t<\/div>\n\t\t\t\t<\/div>\n\t\t\t\t<div class=\"elementor-element elementor-element-c999169 elementor-widget elementor-widget-button\" data-id=\"c999169\" data-element_type=\"widget\" data-e-type=\"widget\" data-widget_type=\"button.default\">\n\t\t\t\t<div class=\"elementor-widget-container\">\n\t\t\t\t\t\t\t\t\t<div class=\"elementor-button-wrapper\">\n\t\t\t\t\t<a class=\"elementor-button elementor-button-link elementor-size-sm\" href=\"https:\/\/tvovo.org\/portal\/com-14-mulheres-na-equipe-tv-ovo-grava-longa-metragem-que-acompanha-a-chegada-da-primeira-menstruacao-na-vida-de-meninas\/\">\n\t\t\t\t\t\t<span class=\"elementor-button-content-wrapper\">\n\t\t\t\t\t\t\t\t\t<span class=\"elementor-button-text\">Com 14 mulheres na equipe, TV OVO grava longa-metragem que acompanha a chegada da primeira menstrua\u00e7\u00e3o na vida de meninas <\/span>\n\t\t\t\t\t<\/span>\n\t\t\t\t\t<\/a>\n\t\t\t\t<\/div>\n\t\t\t\t\t\t\t\t<\/div>\n\t\t\t\t<\/div>\n\t\t\t\t<div class=\"elementor-element elementor-element-1dff726 elementor-widget elementor-widget-text-editor\" data-id=\"1dff726\" data-element_type=\"widget\" data-e-type=\"widget\" data-widget_type=\"text-editor.default\">\n\t\t\t\t<div class=\"elementor-widget-container\">\n\t\t\t\t\t\t\t\t\t<p>\u00a0<\/p><p><span style=\"font-family: var( --e-global-typography-text-font-family ), Sans-serif;text-align: var(--text-align);font-size: 14px;letter-spacing: var(--bodyletterspacing);text-transform: var(--bodytexttransform)\">Quem acompanha o cotidiano da escola tamb\u00e9m celebrou a sele\u00e7\u00e3o do filme. \u00c9 o caso da diretora da<\/span> <span style=\"font-family: var( --e-global-typography-text-font-family ), Sans-serif;text-align: var(--text-align);font-size: 14px;letter-spacing: var(--bodyletterspacing);text-transform: var(--bodytexttransform)\">Emef S\u00e9rgio Lopes, <\/span><b style=\"font-family: var( --e-global-typography-text-font-family ), Sans-serif;text-align: var(--text-align);font-size: 14px;letter-spacing: var(--bodyletterspacing);text-transform: var(--bodytexttransform)\">Andreia Schorn<\/b><span style=\"font-family: var( --e-global-typography-text-font-family ), Sans-serif;text-align: var(--text-align);font-size: 14px;letter-spacing: var(--bodyletterspacing);text-transform: var(--bodytexttransform)\">, que recebeu a not\u00edcia com grande emo\u00e7\u00e3o. Para ela, o reconhecimento do document\u00e1rio evidencia a for\u00e7a de um projeto que vai muito al\u00e9m de registrar a vida das estudantes: ele preserva a mem\u00f3ria da escola, dos professores e da comunidade. Andreia destaca o papel transformador do cinema, que acolheu a escola que, mesmo com desafios estruturais, \u00e9 repleta de pot\u00eancia criativa.<\/span><\/p><p><span style=\"font-weight: 400\">\u201cNo nosso projeto pedag\u00f3gico est\u00e1 escrito que a gente \u00e9 uma escola feminista, uma escola que valoriza a hist\u00f3ria das mulheres, um lugar onde as meninas s\u00e3o incentivadas a serem quem elas quiserem ser. E esse filme traz um pouco de tudo isso, sabe? Mostra que n\u00e3o \u00e9 s\u00f3 uma ideia no papel, que a gente trabalha pra que essas meninas realmente se sintam assim\u201d, enfatiza a diretora da escola.<\/span><\/p><p><span style=\"font-weight: 400\">Ela destaca ainda que, mesmo diante das dificuldades e da sobrecarga enfrentada diariamente pelos educadores, a confian\u00e7a no projeto se manteve firme.\u00a0<\/span><\/p><p><span style=\"font-weight: 400\">\u201cTodo o nosso envolvimento valeu a pena. Eu pensava que ia valer a pena s\u00f3 por elas se verem ali, mas ver essa hist\u00f3ria numa tela de cinema mostra que tudo valeu ainda mais. N\u00e3o era s\u00f3 mais um dia de trabalho, n\u00e3o era s\u00f3 um projeto. Era a certeza de que estamos fazendo o melhor que podemos nas condi\u00e7\u00f5es que temos, at\u00e9 termos condi\u00e7\u00f5es melhores para fazer mais\u201d, comenta Andreia emocionada.<\/span><\/p><p><span style=\"font-weight: 400\">Ao concluir, ela reconhece que o filme permite que as crian\u00e7as ultrapassem as fronteiras simb\u00f3licas e geogr\u00e1ficas que cercam suas trajet\u00f3rias:<\/span><\/p><p><span style=\"font-weight: 400\">\u201cA gente escreveu um projeto pra fazer as crian\u00e7as voarem. E agora elas v\u00e3o voar, sem pedir licen\u00e7a.\u201d<\/span><\/p>\t\t\t\t\t\t\t\t<\/div>\n\t\t\t\t<\/div>\n\t\t\t\t<div class=\"elementor-element elementor-element-84ca81e elementor-widget elementor-widget-spacer\" data-id=\"84ca81e\" data-element_type=\"widget\" data-e-type=\"widget\" data-widget_type=\"spacer.default\">\n\t\t\t\t<div class=\"elementor-widget-container\">\n\t\t\t\t\t\t\t<div class=\"elementor-spacer\">\n\t\t\t<div class=\"elementor-spacer-inner\"><\/div>\n\t\t<\/div>\n\t\t\t\t\t\t<\/div>\n\t\t\t\t<\/div>\n\t\t\t\t<div class=\"elementor-element elementor-element-7006b00 elementor-widget elementor-widget-heading\" data-id=\"7006b00\" data-element_type=\"widget\" data-e-type=\"widget\" data-widget_type=\"heading.default\">\n\t\t\t\t<div class=\"elementor-widget-container\">\n\t\t\t\t\t<h4 class=\"elementor-heading-title elementor-size-default\">Primeiro longa-metragem<\/h4>\t\t\t\t<\/div>\n\t\t\t\t<\/div>\n\t\t\t\t<\/div>\n\t\t<div class=\"elementor-element elementor-element-94835be e-flex e-con-boxed e-con e-parent\" data-id=\"94835be\" data-element_type=\"container\" data-e-type=\"container\">\n\t\t\t\t\t<div class=\"e-con-inner\">\n\t\t\t\t<div class=\"elementor-element elementor-element-c773140 elementor-widget elementor-widget-image\" data-id=\"c773140\" data-element_type=\"widget\" data-e-type=\"widget\" data-widget_type=\"image.default\">\n\t\t\t\t<div class=\"elementor-widget-container\">\n\t\t\t\t\t\t\t\t\t\t\t\t\t\t\t<img loading=\"lazy\" decoding=\"async\" width=\"800\" height=\"600\" src=\"https:\/\/tvovo.org\/portal\/wp-content\/uploads\/2025\/07\/videodanca-1024x768.jpeg\" class=\"attachment-large size-large wp-image-14833\" alt=\"\" srcset=\"https:\/\/tvovo.org\/portal\/wp-content\/uploads\/2025\/07\/videodanca-1024x768.jpeg 1024w, https:\/\/tvovo.org\/portal\/wp-content\/uploads\/2025\/07\/videodanca-300x225.jpeg 300w, https:\/\/tvovo.org\/portal\/wp-content\/uploads\/2025\/07\/videodanca-768x576.jpeg 768w, https:\/\/tvovo.org\/portal\/wp-content\/uploads\/2025\/07\/videodanca.jpeg 1280w\" sizes=\"(max-width: 800px) 100vw, 800px\" \/>\t\t\t\t\t\t\t\t\t\t\t\t\t\t\t<\/div>\n\t\t\t\t<\/div>\n\t\t\t\t\t<\/div>\n\t\t\t\t<\/div>\n\t\t<div class=\"elementor-element elementor-element-980551c e-flex e-con-boxed e-con e-parent\" data-id=\"980551c\" data-element_type=\"container\" data-e-type=\"container\">\n\t\t\t\t\t<div class=\"e-con-inner\">\n\t\t\t\t<div class=\"elementor-element elementor-element-d78755d elementor-align-justify elementor-widget elementor-widget-button\" data-id=\"d78755d\" data-element_type=\"widget\" data-e-type=\"widget\" data-widget_type=\"button.default\">\n\t\t\t\t<div class=\"elementor-widget-container\">\n\t\t\t\t\t\t\t\t\t<div class=\"elementor-button-wrapper\">\n\t\t\t\t\t<a class=\"elementor-button elementor-button-link elementor-size-sm\" href=\"https:\/\/tvovo.org\/portal\/etapa-final-das-gravacoes-do-documentario-tesmoforias-retrata-a-natureza-humana-atraves-da-danca\/\">\n\t\t\t\t\t\t<span class=\"elementor-button-content-wrapper\">\n\t\t\t\t\t\t\t\t\t<span class=\"elementor-button-text\">Etapa final das grava\u00e7\u00f5es do document\u00e1rio Tesmof\u00f3rias retrata a natureza humana atrav\u00e9s da dan\u00e7a<\/span>\n\t\t\t\t\t<\/span>\n\t\t\t\t\t<\/a>\n\t\t\t\t<\/div>\n\t\t\t\t\t\t\t\t<\/div>\n\t\t\t\t<\/div>\n\t\t\t\t<div class=\"elementor-element elementor-element-9d2ba99 elementor-widget elementor-widget-spacer\" data-id=\"9d2ba99\" data-element_type=\"widget\" data-e-type=\"widget\" data-widget_type=\"spacer.default\">\n\t\t\t\t<div class=\"elementor-widget-container\">\n\t\t\t\t\t\t\t<div class=\"elementor-spacer\">\n\t\t\t<div class=\"elementor-spacer-inner\"><\/div>\n\t\t<\/div>\n\t\t\t\t\t\t<\/div>\n\t\t\t\t<\/div>\n\t\t\t\t<div class=\"elementor-element elementor-element-a2a4834 elementor-widget elementor-widget-text-editor\" data-id=\"a2a4834\" data-element_type=\"widget\" data-e-type=\"widget\" data-widget_type=\"text-editor.default\">\n\t\t\t\t<div class=\"elementor-widget-container\">\n\t\t\t\t\t\t\t\t\t<p><span style=\"font-weight: 400\">A sele\u00e7\u00e3o do document\u00e1rio tamb\u00e9m marca um momento hist\u00f3rico para a <\/span><b>TV OVO<\/b><span style=\"font-weight: 400\">: este \u00e9 o primeiro longa-metragem do coletivo, que completa 30 anos em 2026. Com quase tr\u00eas d\u00e9cadas de atua\u00e7\u00e3o, a TV OVO construiu sua trajet\u00f3ria com foco na forma\u00e7\u00e3o em audiovisual para jovens e na produ\u00e7\u00e3o de conte\u00fados que retratam a vida das comunidades e a mem\u00f3ria local. Para<\/span><b> Denise Copetti<\/b><span style=\"font-weight: 400\">, integrante da TV OVO e produtora executiva do filme, a conquista \u00e9 resultado direto dessa caminhada:<\/span><\/p><p><span style=\"font-weight: 400\">\u201cToda a trajet\u00f3ria da TV \u00e9 marcada principalmente pela forma\u00e7\u00e3o em audiovisual para jovens e pela produ\u00e7\u00e3o de document\u00e1rios retratando as comunidades, a vida desses jovens. A TV OVO veio se aprimorando, amadurecendo a forma de contar essas hist\u00f3rias. Estar no Festival de Gramado com nosso primeiro longa \u00e9 sinal de que esse processo todo est\u00e1 dando frutos maiores, de reconhecimento\u201d, avalia.<\/span><\/p><p><span style=\"font-weight: 400\">A participa\u00e7\u00e3o no festival n\u00e3o \u00e9 in\u00e9dita. Em 2020, o curta-metragem <\/span><b><i>Quando te Avisto<\/i><\/b><span style=\"font-weight: 400\">, dirigido por Neli Mombelli e Denise Copetti, foi selecionado para a programa\u00e7\u00e3o. No entanto, por conta da pandemia, a equipe n\u00e3o p\u00f4de acompanhar a exibi\u00e7\u00e3o presencialmente. Agora, com a nova produ\u00e7\u00e3o selecionada para a Mostra Sedac\/Iecine, a presen\u00e7a em Gramado ganha novo significado.<\/span><\/p><p><span style=\"font-weight: 400\">\u201cEu acho que \u00e9 um momento muito feliz para a TV OVO e para todo mundo que faz parte dessa produ\u00e7\u00e3o. A gente tem percebido um amadurecimento nos trabalhos da TV, nos desafios que nos foram propostos nos \u00faltimos anos. Acho que temos melhorado muito a forma como contamos essas hist\u00f3rias\u201d, observa Denise.<\/span><\/p><p><span style=\"font-weight: 400\">Aprovado no Edital SEDAC n\u00b0 01\/2022 \u2013 FAC Filma RS \u2013 Financiamento Pr\u00f3-cultura RS, o filme <\/span><i><span style=\"font-weight: 400\">Quando a Gente Menina Cresce<\/span><\/i><span style=\"font-weight: 400\"> conta com o apoio institucional da Secretaria de Munic\u00edpio de Cultura e da Santa Maria Film Commission.<\/span><\/p><p>Texto: Nath\u00e1lia Arantes \/ TV OVO<\/p>\t\t\t\t\t\t\t\t<\/div>\n\t\t\t\t<\/div>\n\t\t\t\t\t<\/div>\n\t\t\t\t<\/div>\n\t\t\t\t<\/div>\n\t\t","protected":false},"excerpt":{"rendered":"<p>Quando a gente menina cresce, os sonhos florescem junto com as transforma\u00e7\u00f5es f\u00edsicas e emocionais que marcam essa fase da vida. Floresce tamb\u00e9m o desejo de ocupar espa\u00e7os, de ser ouvida, de construir novos caminhos. \u00c9 com o mesmo brilho no olhar com que as crian\u00e7as descobrem o mundo que temos a alegria de anunciar: [&hellip;]<\/p>\n","protected":false},"author":25,"featured_media":14838,"comment_status":"closed","ping_status":"open","sticky":false,"template":"","format":"standard","meta":{"footnotes":""},"categories":[22,1370],"tags":[273,590,618,1372,1373,1371],"class_list":["post-14827","post","type-post","status-publish","format-standard","has-post-thumbnail","hentry","category-noticias","category-qmc","tag-documentario","tag-filme","tag-longa-metragem","tag-menina","tag-mestruacao","tag-quando-menina-cresce"],"_links":{"self":[{"href":"https:\/\/tvovo.org\/portal\/wp-json\/wp\/v2\/posts\/14827","targetHints":{"allow":["GET"]}}],"collection":[{"href":"https:\/\/tvovo.org\/portal\/wp-json\/wp\/v2\/posts"}],"about":[{"href":"https:\/\/tvovo.org\/portal\/wp-json\/wp\/v2\/types\/post"}],"author":[{"embeddable":true,"href":"https:\/\/tvovo.org\/portal\/wp-json\/wp\/v2\/users\/25"}],"replies":[{"embeddable":true,"href":"https:\/\/tvovo.org\/portal\/wp-json\/wp\/v2\/comments?post=14827"}],"version-history":[{"count":18,"href":"https:\/\/tvovo.org\/portal\/wp-json\/wp\/v2\/posts\/14827\/revisions"}],"predecessor-version":[{"id":15130,"href":"https:\/\/tvovo.org\/portal\/wp-json\/wp\/v2\/posts\/14827\/revisions\/15130"}],"wp:featuredmedia":[{"embeddable":true,"href":"https:\/\/tvovo.org\/portal\/wp-json\/wp\/v2\/media\/14838"}],"wp:attachment":[{"href":"https:\/\/tvovo.org\/portal\/wp-json\/wp\/v2\/media?parent=14827"}],"wp:term":[{"taxonomy":"category","embeddable":true,"href":"https:\/\/tvovo.org\/portal\/wp-json\/wp\/v2\/categories?post=14827"},{"taxonomy":"post_tag","embeddable":true,"href":"https:\/\/tvovo.org\/portal\/wp-json\/wp\/v2\/tags?post=14827"}],"curies":[{"name":"wp","href":"https:\/\/api.w.org\/{rel}","templated":true}]}}