{"id":14789,"date":"2025-05-26T09:35:49","date_gmt":"2025-05-26T12:35:49","guid":{"rendered":"https:\/\/tvovo.org\/portal\/?p=14789"},"modified":"2025-10-05T18:10:26","modified_gmt":"2025-10-05T21:10:26","slug":"documentario-morada-sera-pre-lancado-no-cineclube-da-boca-na-ufsm","status":"publish","type":"post","link":"https:\/\/tvovo.org\/portal\/documentario-morada-sera-pre-lancado-no-cineclube-da-boca-na-ufsm\/","title":{"rendered":"Document\u00e1rio Morada ter\u00e1 pr\u00e9-lan\u00e7amento no Cineclube da Boca da UFSM\u00a0"},"content":{"rendered":"\t\t<div data-elementor-type=\"wp-post\" data-elementor-id=\"14789\" class=\"elementor elementor-14789\" data-elementor-post-type=\"post\">\n\t\t\t\t<div class=\"elementor-element elementor-element-9ea588c e-flex e-con-boxed e-con e-parent\" data-id=\"9ea588c\" data-element_type=\"container\" data-e-type=\"container\">\n\t\t\t\t\t<div class=\"e-con-inner\">\n\t\t\t\t<div class=\"elementor-element elementor-element-f2cf570 elementor-widget elementor-widget-image\" data-id=\"f2cf570\" data-element_type=\"widget\" data-e-type=\"widget\" data-widget_type=\"image.default\">\n\t\t\t\t<div class=\"elementor-widget-container\">\n\t\t\t\t\t\t\t\t\t\t\t\t\t\t\t<img fetchpriority=\"high\" decoding=\"async\" width=\"800\" height=\"600\" src=\"https:\/\/tvovo.org\/portal\/wp-content\/uploads\/2025\/05\/clcl.png\" class=\"attachment-large size-large wp-image-14796\" alt=\"\" srcset=\"https:\/\/tvovo.org\/portal\/wp-content\/uploads\/2025\/05\/clcl.png 1024w, https:\/\/tvovo.org\/portal\/wp-content\/uploads\/2025\/05\/clcl-300x225.png 300w, https:\/\/tvovo.org\/portal\/wp-content\/uploads\/2025\/05\/clcl-768x576.png 768w\" sizes=\"(max-width: 800px) 100vw, 800px\" \/>\t\t\t\t\t\t\t\t\t\t\t\t\t\t\t<\/div>\n\t\t\t\t<\/div>\n\t\t\t\t<div class=\"elementor-element elementor-element-91707f8 elementor-widget elementor-widget-text-editor\" data-id=\"91707f8\" data-element_type=\"widget\" data-e-type=\"widget\" data-widget_type=\"text-editor.default\">\n\t\t\t\t<div class=\"elementor-widget-container\">\n\t\t\t\t\t\t\t\t\t<p><span style=\"font-weight: 400\">O filme Morada ter\u00e1 seu pr\u00e9-lan\u00e7amento no dia 28 de maio, \u00e0s 19h, no Cineclube da Boca, em sess\u00e3o com libras. Com dire\u00e7\u00e3o e roteiro de Neli Mombelli, o document\u00e1rio apresenta uma narrativa sens\u00edvel e instigante que se passa na Casa do Estudante ll do campus da Universidade Federal de Santa Maria. Um espa\u00e7o onde hist\u00f3rias e sonhos se entrela\u00e7am.\u00a0<\/span><\/p><p><span style=\"font-weight: 400\">Morada acompanha os \u00faltimos dias de Eduarda Magalh\u00e3es, estudante de Artes Visuais da UFSM e moradora da CEU II. Ao observar o apartamento em que mora, descobre um papel amassado dentro de um buraco na parede com data de 1989. Movida pela curiosidade e pelas diversas narrativas de jovens que atravessam aquele local em busca dos seus sonhos, ela inicia uma jornada de si e de quem poderia ser aquele peda\u00e7o de papel com vest\u00edgios de um hist\u00f3ria no tempo.\u00a0\u00a0<\/span><\/p><p><span style=\"font-weight: 400\">A CEU II \u00e9 a maior casa do estudante do Brasil e representa um importante s\u00edmbolo de assist\u00eancia estudantil. O local recebe estudantes de diferentes regi\u00f5es do pa\u00eds e abriga hist\u00f3rias, sonhos, dificuldades e conquistas de jovens que encontram ali n\u00e3o apenas um teto, mas a possibilidade de acesso ao ensino superior.\u00a0\u00a0<\/span><\/p>\t\t\t\t\t\t\t\t<\/div>\n\t\t\t\t<\/div>\n\t\t\t\t<div class=\"elementor-element elementor-element-af56e92 elementor-widget elementor-widget-image\" data-id=\"af56e92\" data-element_type=\"widget\" data-e-type=\"widget\" data-widget_type=\"image.default\">\n\t\t\t\t<div class=\"elementor-widget-container\">\n\t\t\t\t\t\t\t\t\t\t\t\t\t\t\t<img decoding=\"async\" width=\"800\" height=\"600\" src=\"https:\/\/tvovo.org\/portal\/wp-content\/uploads\/2025\/05\/dentro.png\" class=\"attachment-large size-large wp-image-14797\" alt=\"\" srcset=\"https:\/\/tvovo.org\/portal\/wp-content\/uploads\/2025\/05\/dentro.png 1024w, https:\/\/tvovo.org\/portal\/wp-content\/uploads\/2025\/05\/dentro-300x225.png 300w, https:\/\/tvovo.org\/portal\/wp-content\/uploads\/2025\/05\/dentro-768x576.png 768w\" sizes=\"(max-width: 800px) 100vw, 800px\" \/>\t\t\t\t\t\t\t\t\t\t\t\t\t\t\t<\/div>\n\t\t\t\t<\/div>\n\t\t\t\t<div class=\"elementor-element elementor-element-f6837b7 elementor-widget elementor-widget-text-editor\" data-id=\"f6837b7\" data-element_type=\"widget\" data-e-type=\"widget\" data-widget_type=\"text-editor.default\">\n\t\t\t\t<div class=\"elementor-widget-container\">\n\t\t\t\t\t\t\t\t\t<p><span style=\"font-weight: 400\">A diretora Neli Mombelli comenta sobre a tem\u00e1tica do curta e as reflex\u00f5es que espera despertar no p\u00fablico: \u201cO eixo central do filme diz respeito ao acesso \u00e0 moradia estudantil, sobre a import\u00e2ncia desse tipo de pol\u00edtica p\u00fablica para que estudantes de baixa renda possam ter acesso ao ensino superior. Ao mesmo tempo, o filme toca em temas que perpassam aquele espa\u00e7o, que s\u00e3o dif\u00edceis e precisam ser debatidos, como o adoecimento mental dos moradores da Casa.\u201d, destaca.\u00a0\u00a0<\/span><\/p><p><span style=\"font-weight: 400\">A hist\u00f3ria de Eduarda conecta passado e presente a partir da viv\u00eancia no espa\u00e7o de acolhimento. Morada \u00e9 um retrato atual, feito por quem conhece de dentro a realidade da vida na Casa do Estudante. A pr\u00f3pria trajet\u00f3ria da diretora foi marcada pela viv\u00eancia na CEU. Ter acesso \u00e0 moradia estudantil foi o que permitiu Neli se mudar para Santa Maria e fazer o curso que tanto sonhava, al\u00e9m de fazer outras gradua\u00e7\u00f5es e p\u00f3s-gradua\u00e7\u00e3o na UFSM.\u00a0<\/span><\/p><p><span style=\"font-weight: 400\">O document\u00e1rio \u00e9 um convite \u00e0 reflex\u00e3o sobre pertencimento, direitos estudantis e as marcas que carregamos, e deixamos, nos lugares por onde passamos. O curta carrega um significado especial para quem morou, mora ou se conecta afetivamente com a CEU. Fica o convite a todos para prestigiar a pr\u00e9-estreia!\u00a0\u00a0<\/span><\/p><p><span style=\"font-weight: 400\">Morada \u00e9 uma realiza\u00e7\u00e3o de Denise Copetti Produ\u00e7\u00f5es em coprodu\u00e7\u00e3o com a TV OVO. O projeto foi contemplado pelo edital 002\/2023 da Lei Paulo Gustavo da Secretaria de Cultura de Santa Maria.\u00a0<\/span><\/p><p><span style=\"font-weight: 400\">Texto: Heloisa Helena Canabarro\/TVOVO<\/span><\/p><p><span style=\"font-weight: 400\">Fotos: Jo\u00e3o Pedro Ribas\/TVOVO\u00a0<\/span><\/p>\t\t\t\t\t\t\t\t<\/div>\n\t\t\t\t<\/div>\n\t\t\t\t<div class=\"elementor-element elementor-element-88acb34 elementor-widget elementor-widget-heading\" data-id=\"88acb34\" data-element_type=\"widget\" data-e-type=\"widget\" data-widget_type=\"heading.default\">\n\t\t\t\t<div class=\"elementor-widget-container\">\n\t\t\t\t\t<span class=\"elementor-heading-title elementor-size-default\">Fica o convite a todos para prestigiar a pr\u00e9-estreia!  <\/span>\t\t\t\t<\/div>\n\t\t\t\t<\/div>\n\t\t\t\t<div class=\"elementor-element elementor-element-eb620c9 elementor-widget elementor-widget-text-editor\" data-id=\"eb620c9\" data-element_type=\"widget\" data-e-type=\"widget\" data-widget_type=\"text-editor.default\">\n\t\t\t\t<div class=\"elementor-widget-container\">\n\t\t\t\t\t\t\t\t\t<p><b>Pr\u00e9-lan\u00e7amento do document\u00e1rio Morada \u2013 Sess\u00e3o com libras\u00a0<\/b><\/p><p><span style=\"font-weight: 400\">Quando: 28 de maio, quarta-feira\u00a0<\/span><\/p><p><span style=\"font-weight: 400\">Hor\u00e1rio: 19 horas\u00a0<\/span><\/p><p><span style=\"font-weight: 400\">Onde: Cineclube da Boca (audit\u00f3rio do pr\u00e9dio 67 da UFSM)<\/span><\/p><p><span style=\"font-weight: 400\">Entrada Gratuita\u00a0<\/span><\/p>\t\t\t\t\t\t\t\t<\/div>\n\t\t\t\t<\/div>\n\t\t\t\t\t<\/div>\n\t\t\t\t<\/div>\n\t\t\t\t<\/div>\n\t\t","protected":false},"excerpt":{"rendered":"<p>O filme Morada ter\u00e1 seu pr\u00e9-lan\u00e7amento no dia 28 de maio, \u00e0s 19h, no Cineclube da Boca (audit\u00f3rio do pr\u00e9dio 67 da UFSM). Com dire\u00e7\u00e3o e roteiro de Neli Mombelli, o document\u00e1rio apresenta uma narrativa sens\u00edvel e instigante que se passa na Casa<br \/>\ndo Estudante ll da UFSM. <\/p>\n","protected":false},"author":26,"featured_media":14817,"comment_status":"closed","ping_status":"open","sticky":false,"template":"","format":"standard","meta":{"footnotes":""},"categories":[22],"tags":[114,1368,273,681,1343,136],"class_list":["post-14789","post","type-post","status-publish","format-standard","has-post-thumbnail","hentry","category-noticias","tag-audiovisual","tag-ceu-ll","tag-documentario","tag-exibicao","tag-morada","tag-tv-ovo"],"_links":{"self":[{"href":"https:\/\/tvovo.org\/portal\/wp-json\/wp\/v2\/posts\/14789","targetHints":{"allow":["GET"]}}],"collection":[{"href":"https:\/\/tvovo.org\/portal\/wp-json\/wp\/v2\/posts"}],"about":[{"href":"https:\/\/tvovo.org\/portal\/wp-json\/wp\/v2\/types\/post"}],"author":[{"embeddable":true,"href":"https:\/\/tvovo.org\/portal\/wp-json\/wp\/v2\/users\/26"}],"replies":[{"embeddable":true,"href":"https:\/\/tvovo.org\/portal\/wp-json\/wp\/v2\/comments?post=14789"}],"version-history":[{"count":3,"href":"https:\/\/tvovo.org\/portal\/wp-json\/wp\/v2\/posts\/14789\/revisions"}],"predecessor-version":[{"id":15124,"href":"https:\/\/tvovo.org\/portal\/wp-json\/wp\/v2\/posts\/14789\/revisions\/15124"}],"wp:featuredmedia":[{"embeddable":true,"href":"https:\/\/tvovo.org\/portal\/wp-json\/wp\/v2\/media\/14817"}],"wp:attachment":[{"href":"https:\/\/tvovo.org\/portal\/wp-json\/wp\/v2\/media?parent=14789"}],"wp:term":[{"taxonomy":"category","embeddable":true,"href":"https:\/\/tvovo.org\/portal\/wp-json\/wp\/v2\/categories?post=14789"},{"taxonomy":"post_tag","embeddable":true,"href":"https:\/\/tvovo.org\/portal\/wp-json\/wp\/v2\/tags?post=14789"}],"curies":[{"name":"wp","href":"https:\/\/api.w.org\/{rel}","templated":true}]}}