{"id":14784,"date":"2025-05-26T09:28:30","date_gmt":"2025-05-26T12:28:30","guid":{"rendered":"https:\/\/tvovo.org\/portal\/?p=14784"},"modified":"2025-05-26T09:28:32","modified_gmt":"2025-05-26T12:28:32","slug":"tv-ovo-participa-de-encontro-com-pontos-de-cultura-de-santa-maria","status":"publish","type":"post","link":"https:\/\/tvovo.org\/portal\/tv-ovo-participa-de-encontro-com-pontos-de-cultura-de-santa-maria\/","title":{"rendered":"TV OVO participa de encontro com Pontos de Cultura de Santa Maria"},"content":{"rendered":"\t\t<div data-elementor-type=\"wp-post\" data-elementor-id=\"14784\" class=\"elementor elementor-14784\" data-elementor-post-type=\"post\">\n\t\t\t\t<div class=\"elementor-element elementor-element-e88d090 e-flex e-con-boxed e-con e-parent\" data-id=\"e88d090\" data-element_type=\"container\" data-e-type=\"container\">\n\t\t\t\t\t<div class=\"e-con-inner\">\n\t\t\t\t<div class=\"elementor-element elementor-element-7b34aee elementor-widget elementor-widget-image\" data-id=\"7b34aee\" data-element_type=\"widget\" data-e-type=\"widget\" data-widget_type=\"image.default\">\n\t\t\t\t<div class=\"elementor-widget-container\">\n\t\t\t\t\t\t\t\t\t\t\t\t\t\t\t<img fetchpriority=\"high\" decoding=\"async\" width=\"800\" height=\"600\" src=\"https:\/\/tvovo.org\/portal\/wp-content\/uploads\/2025\/05\/O-evento-reuniu-diversos-Pontos-de-Cultura-da-cidade-para-integracao-e-dialogo-sobre-fomento-a-cultura2.png\" class=\"attachment-large size-large wp-image-14801\" alt=\"\" srcset=\"https:\/\/tvovo.org\/portal\/wp-content\/uploads\/2025\/05\/O-evento-reuniu-diversos-Pontos-de-Cultura-da-cidade-para-integracao-e-dialogo-sobre-fomento-a-cultura2.png 1024w, https:\/\/tvovo.org\/portal\/wp-content\/uploads\/2025\/05\/O-evento-reuniu-diversos-Pontos-de-Cultura-da-cidade-para-integracao-e-dialogo-sobre-fomento-a-cultura2-300x225.png 300w, https:\/\/tvovo.org\/portal\/wp-content\/uploads\/2025\/05\/O-evento-reuniu-diversos-Pontos-de-Cultura-da-cidade-para-integracao-e-dialogo-sobre-fomento-a-cultura2-768x576.png 768w\" sizes=\"(max-width: 800px) 100vw, 800px\" \/>\t\t\t\t\t\t\t\t\t\t\t\t\t\t\t<\/div>\n\t\t\t\t<\/div>\n\t\t\t\t\t<\/div>\n\t\t\t\t<\/div>\n\t\t<div class=\"elementor-element elementor-element-aea34e0 e-flex e-con-boxed e-con e-parent\" data-id=\"aea34e0\" data-element_type=\"container\" data-e-type=\"container\">\n\t\t\t\t\t<div class=\"e-con-inner\">\n\t\t\t\t<div class=\"elementor-element elementor-element-40b63cb elementor-widget elementor-widget-text-editor\" data-id=\"40b63cb\" data-element_type=\"widget\" data-e-type=\"widget\" data-widget_type=\"text-editor.default\">\n\t\t\t\t<div class=\"elementor-widget-container\">\n\t\t\t\t\t\t\t\t\t<p><span style=\"font-weight: 400\">No dia 26 de abril, a <strong>TV OV<\/strong>O participou do <strong>Micro F\u00f3rum e Giro Cultural <\/strong><\/span><b>da Regi\u00e3o Funcional 8, <\/b><span style=\"font-weight: 400\">que ocorreu no audit\u00f3rio da CESMA e reuniu diversos Pontos de Cultura da Cidade. O encontro foi promovido pelo Projeto Ponto a Ponto Tecendo as Culturas Ga\u00fachas, Pont\u00e3o de Forma\u00e7\u00e3o RS e Il\u00ea Ax\u00e9 Cultural Assobecaty, com o apoio da Comiss\u00e3o de Pontos de Cultura de Santa Maria e da<strong> TV OVO<\/strong>.\u00a0\u00a0<\/span><\/p><p><span style=\"font-weight: 400\"><strong>Pontos de Cultura <\/strong>s\u00e3o entidades sem fins lucrativos, reconhecidas pelo Minist\u00e9rio da Cultura, que desenvolvem atividades culturais em suas comunidades. Institu\u00eddos pelo Programa Cultura Viva, o governo b<\/span><span style=\"font-weight: 400\">usca desburocratizar os processos de reconhecimento, presta\u00e7\u00e3o de contas e repasse de recursos para essas organiza\u00e7\u00f5es.\u00a0\u00a0<\/span><\/p><p><span style=\"font-weight: 400\">A programa\u00e7\u00e3o come\u00e7ou pela manh\u00e3 com a apresenta\u00e7\u00e3o dos projetos e uma importante conversa sobre de que forma cada iniciativa <\/span><span style=\"font-weight: 400\">valoriza e impulsiona a cultura local. Ao todo, j\u00e1 s\u00e3o 22 Pontos de Cultura em Santa Maria. <strong>A TV OVO faz parte dessa hist\u00f3ria desde o in\u00edcio, sendo um dos primeiros pontos da cidade.\u00a0<\/strong><\/span><\/p><p><span style=\"font-weight: 400\">Durante a tarde, foi apresentada uma performance do ponto de cultura Royale Escola de Danc\u0327a e Integra\u00e7\u00e3o Social, seguida de uma roda de conversa entre os representantes de cada ponto. Paulo Tavares, um dos fundadores da TV OVO, e a produtora cultural, Denise Copetti, representaram o coletivo audiovisual no encontro.\u00a0<\/span><\/p>\t\t\t\t\t\t\t\t<\/div>\n\t\t\t\t<\/div>\n\t\t\t\t\t<\/div>\n\t\t\t\t<\/div>\n\t\t<div class=\"elementor-element elementor-element-3d8051a e-flex e-con-boxed e-con e-parent\" data-id=\"3d8051a\" data-element_type=\"container\" data-e-type=\"container\">\n\t\t\t\t\t<div class=\"e-con-inner\">\n\t\t\t\t<div class=\"elementor-element elementor-element-8db0ee0 elementor-widget elementor-widget-image\" data-id=\"8db0ee0\" data-element_type=\"widget\" data-e-type=\"widget\" data-widget_type=\"image.default\">\n\t\t\t\t<div class=\"elementor-widget-container\">\n\t\t\t\t\t\t\t\t\t\t\t\t\t\t\t<img decoding=\"async\" width=\"800\" height=\"600\" src=\"https:\/\/tvovo.org\/portal\/wp-content\/uploads\/2025\/05\/w.png\" class=\"attachment-large size-large wp-image-14802\" alt=\"\" srcset=\"https:\/\/tvovo.org\/portal\/wp-content\/uploads\/2025\/05\/w.png 1024w, https:\/\/tvovo.org\/portal\/wp-content\/uploads\/2025\/05\/w-300x225.png 300w, https:\/\/tvovo.org\/portal\/wp-content\/uploads\/2025\/05\/w-768x576.png 768w\" sizes=\"(max-width: 800px) 100vw, 800px\" \/>\t\t\t\t\t\t\t\t\t\t\t\t\t\t\t<\/div>\n\t\t\t\t<\/div>\n\t\t\t\t\t<\/div>\n\t\t\t\t<\/div>\n\t\t<div class=\"elementor-element elementor-element-adac920 e-flex e-con-boxed e-con e-parent\" data-id=\"adac920\" data-element_type=\"container\" data-e-type=\"container\">\n\t\t\t\t\t<div class=\"e-con-inner\">\n\t\t\t\t<div class=\"elementor-element elementor-element-8985775 elementor-widget elementor-widget-text-editor\" data-id=\"8985775\" data-element_type=\"widget\" data-e-type=\"widget\" data-widget_type=\"text-editor.default\">\n\t\t\t\t<div class=\"elementor-widget-container\">\n\t\t\t\t\t\t\t\t\t<p><span style=\"font-weight: 400\">Al\u00e9m da TV OVO, participaram do evento os Pontos de Cultura: Royale Escola de Dan\u00e7a e Integra\u00e7\u00e3o Cultural, Projeto Viva a Crian\u00e7a, CESMA, Orquestrando Arte, <\/span><span style=\"font-weight: 400\">Associa\u00e7\u00e3o Beneficente Cultural Africana Templo de Yemanj\u00e1 &#8211; Assobecaty, <\/span><span style=\"font-weight: 400\">Associa\u00e7\u00e3o Tradicionalista Poncho Branco e Ijob\u00e1 Cultural.\u00a0<\/span><\/p><p><span style=\"font-weight: 400\">Agente Jovem Cultura Viva da regi\u00e3o 8, P\u00e2mela Brand\u00e3o, explica que o evento e o v\u00ednculo entre os Pontos \u00e9 muito relevante: <em>\u201c\u00c9 importante porque se os pontos n\u00e3o tiverem essa uni\u00e3o e articula\u00e7\u00e3o entre os pontos da Santa Maria, n\u00e3o vamos conseguir progredir fomentando a cultura e obtendo recursos\u201d.\u00a0<\/em><\/span><\/p><p><span style=\"font-weight: 400\">A coordenadora do Projeto Ponto a Ponto Tecendo as Culturas Ga\u00fachas, por meio do Pont\u00e3o de Forma\u00e7\u00e3o do Rio Grande do Sul &#8211; Il\u00ea Ax\u00e9 Cultural Assobecaty, M\u00e3e Carmen de Oxal\u00e1, esteve presente no evento e falou sobre a import\u00e2ncia de incentivar a cultura na cidade.<\/span><\/p><p><span style=\"font-weight: 400\"><strong>M\u00e3e Carmen<\/strong> destacou a diversidade presente nos 22 Pontos de Cultura do munic\u00edpio e enfatizou a import\u00e2ncia da retomada desse trabalho em rede: <em>\u201cEssa micro teia representa a rearticula\u00e7\u00e3o da rede municipal dos Pontos de Cultura de Santa Maria. \u00c9 um momento muito vivo, potente, e de muito cont\u00e1gio energ\u00e9tico da pot\u00eancia da cultura viva brotando novamente com toda for\u00e7a\u201d<\/em>.\u00a0<\/span><\/p>\t\t\t\t\t\t\t\t<\/div>\n\t\t\t\t<\/div>\n\t\t\t\t<div class=\"elementor-element elementor-element-95d392a elementor-widget elementor-widget-image\" data-id=\"95d392a\" data-element_type=\"widget\" data-e-type=\"widget\" data-widget_type=\"image.default\">\n\t\t\t\t<div class=\"elementor-widget-container\">\n\t\t\t\t\t\t\t\t\t\t\t\t\t\t\t<img decoding=\"async\" width=\"800\" height=\"600\" src=\"https:\/\/tvovo.org\/portal\/wp-content\/uploads\/2025\/05\/O-evento-reuniu-diversos-Pontos-de-Cultura-da-cidade-para-integracao-e-dialogo-sobre-fomento-a-cultura.png\" class=\"attachment-large size-large wp-image-14803\" alt=\"\" srcset=\"https:\/\/tvovo.org\/portal\/wp-content\/uploads\/2025\/05\/O-evento-reuniu-diversos-Pontos-de-Cultura-da-cidade-para-integracao-e-dialogo-sobre-fomento-a-cultura.png 1024w, https:\/\/tvovo.org\/portal\/wp-content\/uploads\/2025\/05\/O-evento-reuniu-diversos-Pontos-de-Cultura-da-cidade-para-integracao-e-dialogo-sobre-fomento-a-cultura-300x225.png 300w, https:\/\/tvovo.org\/portal\/wp-content\/uploads\/2025\/05\/O-evento-reuniu-diversos-Pontos-de-Cultura-da-cidade-para-integracao-e-dialogo-sobre-fomento-a-cultura-768x576.png 768w\" sizes=\"(max-width: 800px) 100vw, 800px\" \/>\t\t\t\t\t\t\t\t\t\t\t\t\t\t\t<\/div>\n\t\t\t\t<\/div>\n\t\t\t\t<div class=\"elementor-element elementor-element-b14d286 elementor-widget elementor-widget-text-editor\" data-id=\"b14d286\" data-element_type=\"widget\" data-e-type=\"widget\" data-widget_type=\"text-editor.default\">\n\t\t\t\t<div class=\"elementor-widget-container\">\n\t\t\t\t\t\t\t\t\t<p><span style=\"font-weight: 400\">Por: J\u00falia Almeida\/ Estagi\u00e1ria de jornalismo <\/span><\/p><p><span style=\"font-weight: 400\">Fotos: Nath\u00e1lia Arantes <\/span><\/p>\t\t\t\t\t\t\t\t<\/div>\n\t\t\t\t<\/div>\n\t\t\t\t\t<\/div>\n\t\t\t\t<\/div>\n\t\t\t\t<\/div>\n\t\t","protected":false},"excerpt":{"rendered":"<p>No dia 26 de abril, a TV OVO participou do Micro F\u00f3rum e Giro Cultural da Regi\u00e3o Funcional 8, que ocorreu no audit\u00f3rio da CESMA e reuniu diversos Pontos de Cultura da Cidade. <\/p>\n","protected":false},"author":26,"featured_media":14816,"comment_status":"open","ping_status":"open","sticky":false,"template":"","format":"standard","meta":{"footnotes":""},"categories":[22],"tags":[282,1367,87,136],"class_list":["post-14784","post","type-post","status-publish","format-standard","has-post-thumbnail","hentry","category-noticias","tag-memoria","tag-pontao-rs","tag-ponto-de-cultura","tag-tv-ovo"],"_links":{"self":[{"href":"https:\/\/tvovo.org\/portal\/wp-json\/wp\/v2\/posts\/14784","targetHints":{"allow":["GET"]}}],"collection":[{"href":"https:\/\/tvovo.org\/portal\/wp-json\/wp\/v2\/posts"}],"about":[{"href":"https:\/\/tvovo.org\/portal\/wp-json\/wp\/v2\/types\/post"}],"author":[{"embeddable":true,"href":"https:\/\/tvovo.org\/portal\/wp-json\/wp\/v2\/users\/26"}],"replies":[{"embeddable":true,"href":"https:\/\/tvovo.org\/portal\/wp-json\/wp\/v2\/comments?post=14784"}],"version-history":[{"count":0,"href":"https:\/\/tvovo.org\/portal\/wp-json\/wp\/v2\/posts\/14784\/revisions"}],"wp:featuredmedia":[{"embeddable":true,"href":"https:\/\/tvovo.org\/portal\/wp-json\/wp\/v2\/media\/14816"}],"wp:attachment":[{"href":"https:\/\/tvovo.org\/portal\/wp-json\/wp\/v2\/media?parent=14784"}],"wp:term":[{"taxonomy":"category","embeddable":true,"href":"https:\/\/tvovo.org\/portal\/wp-json\/wp\/v2\/categories?post=14784"},{"taxonomy":"post_tag","embeddable":true,"href":"https:\/\/tvovo.org\/portal\/wp-json\/wp\/v2\/tags?post=14784"}],"curies":[{"name":"wp","href":"https:\/\/api.w.org\/{rel}","templated":true}]}}