{"id":1477,"date":"2010-06-24T17:33:44","date_gmt":"2010-06-24T17:33:44","guid":{"rendered":"https:\/\/tvovo.org\/portal\/?p=1477"},"modified":"2010-06-24T17:41:01","modified_gmt":"2010-06-24T17:41:01","slug":"tv-ovo-abre-inscricoes-para-a-oficina-de-realizacao-audiovisual","status":"publish","type":"post","link":"https:\/\/tvovo.org\/portal\/tv-ovo-abre-inscricoes-para-a-oficina-de-realizacao-audiovisual\/","title":{"rendered":"TV OVO ABRE INSCRI\u00c7\u00d5ES PARA A OFICINA DE REALIZA\u00c7\u00c3O AUDIOVISUAL"},"content":{"rendered":"<p>Planos de grava\u00e7\u00e3o, enquadramentos, movimentos de c\u00e2mera, roteiro e edi\u00e7\u00e3o s\u00e3o alguns dos temas a serem tratados na Oficina de Realiza\u00e7\u00e3o Audiovisual que a Oficina de V\u00eddeo &#8211; TV OVO est\u00e1 preparando.<\/p>\n<p>As inscri\u00e7\u00f5es j\u00e1 est\u00e3o abertas e podem ser feitas na sede da TV OVO &#8211; Casa de Cultura, sala 26 &#8211; das 14h \u00e0s 18h, at\u00e9 o dia 2 de julho. Ser\u00e3o oferecidas 15 vagas e a taxa \u00fanica de inscri\u00e7\u00e3o \u00e9 de R$30,00.<\/p>\n<p>As aulas ser\u00e3o ministradas por<em> Marcos Borba.<\/em> O objetivo da oficina \u00e9 apresentar no\u00e7\u00f5es b\u00e1sicas de teoria e pr\u00e1tica audiovisual, al\u00e9m de estimular uma vis\u00e3o cr\u00edtica e criativa das produ\u00e7\u00f5es de cinema, televis\u00e3o e v\u00eddeo e tamb\u00e9m,  valorizar aspectos da cultura santamariense.  Durante os encontros, que ir\u00e3o ocorrer todos os s\u00e1bados, at\u00e9 o dia 4 de setembro, das 9h \u00e0s 12h, ser\u00e3o produzidos pelo menos, tr\u00eas mini-document\u00e1rios.<\/p>\n<p>A iniciativa faz parte das comemora\u00e7\u00f5es dos 14 anos da TV OVO, que ao longo do tempo se tornou uma refer\u00eancia de forma\u00e7\u00e3o na \u00e1rea audiovisual. Atualmente, com o Focu &#8211; Pont\u00e3o Fomento Cultural, a equipe da TV viaja por Santa Catarina, Paran\u00e1 e Rio Grande do Sul ministrando oficinas para integrantes de pontos de cultura.<\/p>\n<p>Servi\u00e7o:<\/p>\n<p><strong>que: <\/strong>oficina de realiza\u00e7\u00e3o audiovisual<\/p>\n<p><strong>quando:<\/strong> inscri\u00e7\u00f5es abertas at\u00e9 o dia 2 de julho.<\/p>\n<p><span style=\"color: #ff6600;\"><strong>In\u00edcio das aulas 3 de julho.<\/strong><\/span><\/p>\n<p><strong>onde:<\/strong> na sede da Oficina de V\u00eddeo TV OVO, na Casa de Cultura, sala 26.<\/p>\n<p><strong>quanto:<\/strong> R$30,00 a inscri\u00e7\u00e3o (taxa \u00fanica)<\/p>\n<p><strong>Informa\u00e7\u00f5es:<\/strong> <a href=\"mailto:tvovo@tvovo.org\" target=\"_blank\">tvovo@tvovo.org<\/a> e (55) 3026 &#8211; 3039<\/p>\n","protected":false},"excerpt":{"rendered":"<p>Planos de grava\u00e7\u00e3o, enquadramentos, movimentos de c\u00e2mera, roteiro e edi\u00e7\u00e3o s\u00e3o alguns dos temas a serem tratados na Oficina de Realiza\u00e7\u00e3o Audiovisual que a Oficina de V\u00eddeo &#8211; TV OVO est\u00e1 preparando. As inscri\u00e7\u00f5es j\u00e1 est\u00e3o abertas e podem ser feitas na sede da TV OVO &#8211; Casa de Cultura, sala 26 &#8211; das 14h [&hellip;]<\/p>\n","protected":false},"author":1,"featured_media":0,"comment_status":"open","ping_status":"open","sticky":false,"template":"","format":"standard","meta":{"_acf_changed":false,"footnotes":""},"categories":[22,73],"tags":[114,116,89,79,118,74,75],"class_list":["post-1477","post","type-post","status-publish","format-standard","hentry","category-noticias","category-ponto-espelho-da-comunidade","tag-audiovisual","tag-cultural","tag-espelho-da-comunidade","tag-formacao","tag-inscricoes","tag-tvovo","tag-video"],"acf":[],"_links":{"self":[{"href":"https:\/\/tvovo.org\/portal\/wp-json\/wp\/v2\/posts\/1477","targetHints":{"allow":["GET"]}}],"collection":[{"href":"https:\/\/tvovo.org\/portal\/wp-json\/wp\/v2\/posts"}],"about":[{"href":"https:\/\/tvovo.org\/portal\/wp-json\/wp\/v2\/types\/post"}],"author":[{"embeddable":true,"href":"https:\/\/tvovo.org\/portal\/wp-json\/wp\/v2\/users\/1"}],"replies":[{"embeddable":true,"href":"https:\/\/tvovo.org\/portal\/wp-json\/wp\/v2\/comments?post=1477"}],"version-history":[{"count":0,"href":"https:\/\/tvovo.org\/portal\/wp-json\/wp\/v2\/posts\/1477\/revisions"}],"wp:attachment":[{"href":"https:\/\/tvovo.org\/portal\/wp-json\/wp\/v2\/media?parent=1477"}],"wp:term":[{"taxonomy":"category","embeddable":true,"href":"https:\/\/tvovo.org\/portal\/wp-json\/wp\/v2\/categories?post=1477"},{"taxonomy":"post_tag","embeddable":true,"href":"https:\/\/tvovo.org\/portal\/wp-json\/wp\/v2\/tags?post=1477"}],"curies":[{"name":"wp","href":"https:\/\/api.w.org\/{rel}","templated":true}]}}