{"id":14689,"date":"2025-05-08T09:33:42","date_gmt":"2025-05-08T12:33:42","guid":{"rendered":"https:\/\/tvovo.org\/portal\/?p=14689"},"modified":"2025-05-09T16:26:07","modified_gmt":"2025-05-09T19:26:07","slug":"tv-ovo-comemora-29-anos-com-exibicoes-no-cineclube-da-boca","status":"publish","type":"post","link":"https:\/\/tvovo.org\/portal\/tv-ovo-comemora-29-anos-com-exibicoes-no-cineclube-da-boca\/","title":{"rendered":"TV OVO comemora anivers\u00e1rio com exibi\u00e7\u00f5es no Cineclube da Boca"},"content":{"rendered":"\t\t<div data-elementor-type=\"wp-post\" data-elementor-id=\"14689\" class=\"elementor elementor-14689\" data-elementor-post-type=\"post\">\n\t\t\t\t<div class=\"elementor-element elementor-element-e220e86 e-flex e-con-boxed e-con e-parent\" data-id=\"e220e86\" data-element_type=\"container\" data-e-type=\"container\">\n\t\t\t\t\t<div class=\"e-con-inner\">\n\t\t\t\t<div class=\"elementor-element elementor-element-85a547e elementor-widget elementor-widget-image\" data-id=\"85a547e\" data-element_type=\"widget\" data-e-type=\"widget\" data-widget_type=\"image.default\">\n\t\t\t\t<div class=\"elementor-widget-container\">\n\t\t\t\t\t\t\t\t\t\t\t\t<figure class=\"wp-caption\">\n\t\t\t\t\t\t\t\t\t\t<img fetchpriority=\"high\" decoding=\"async\" width=\"800\" height=\"450\" src=\"https:\/\/tvovo.org\/portal\/wp-content\/uploads\/2025\/05\/DIVULGACAO2-1024x576.jpg\" class=\"attachment-large size-large wp-image-14692\" alt=\"A programa\u00e7\u00e3o celebra a trajet\u00f3ria do coletivo audiovisual com a exibi\u00e7\u00f5es de curtas e pr\u00e9-estreia de document\u00e1rios in\u00e9ditos\" srcset=\"https:\/\/tvovo.org\/portal\/wp-content\/uploads\/2025\/05\/DIVULGACAO2-1024x576.jpg 1024w, https:\/\/tvovo.org\/portal\/wp-content\/uploads\/2025\/05\/DIVULGACAO2-300x169.jpg 300w, https:\/\/tvovo.org\/portal\/wp-content\/uploads\/2025\/05\/DIVULGACAO2-768x432.jpg 768w, https:\/\/tvovo.org\/portal\/wp-content\/uploads\/2025\/05\/DIVULGACAO2.jpg 1080w\" sizes=\"(max-width: 800px) 100vw, 800px\" \/>\t\t\t\t\t\t\t\t\t\t\t<figcaption class=\"widget-image-caption wp-caption-text\">A programa\u00e7\u00e3o celebra a trajet\u00f3ria do coletivo audiovisual com a exibi\u00e7\u00f5es de curtas e pr\u00e9-estreia de document\u00e1rios in\u00e9ditos  <\/figcaption>\n\t\t\t\t\t\t\t\t\t\t<\/figure>\n\t\t\t\t\t\t\t\t\t<\/div>\n\t\t\t\t<\/div>\n\t\t\t\t\t<\/div>\n\t\t\t\t<\/div>\n\t\t<div class=\"elementor-element elementor-element-b764e2e e-flex e-con-boxed e-con e-parent\" data-id=\"b764e2e\" data-element_type=\"container\" data-e-type=\"container\">\n\t\t\t\t\t<div class=\"e-con-inner\">\n\t\t\t\t<div class=\"elementor-element elementor-element-ef479c0 elementor-widget elementor-widget-text-editor\" data-id=\"ef479c0\" data-element_type=\"widget\" data-e-type=\"widget\" data-widget_type=\"text-editor.default\">\n\t\t\t\t<div class=\"elementor-widget-container\">\n\t\t\t\t\t\t\t\t\t<p><span style=\"font-weight: 400\">Em 12 de maio, a TV OVO completa <\/span><b>29 anos <\/b><span style=\"font-weight: 400\">de hist\u00f3ria em Santa Maria. Para marcar a data, o coletivo organizou uma programa\u00e7\u00e3o especial com exibi\u00e7\u00f5es de produ\u00e7\u00f5es audiovisuais realizadas ao longo de sua trajet\u00f3ria. As sess\u00f5es t\u00eam entrada gratuita e s\u00e3o abertas ao p\u00fablico em geral.\u00a0<\/span><\/p><p><span style=\"font-weight: 400\">As exibi\u00e7\u00f5es ocorrem no <\/span><b>Cineclube da Boca<\/b><span style=\"font-weight: 400\">, durante todo o m\u00eas de maio, sempre \u00e0s<\/span><b> quartas-feiras<\/b><span style=\"font-weight: 400\">,<\/span><b> \u00e0s 19h<\/b><span style=\"font-weight: 400\">, no<\/span><b> Pr\u00e9dio 67<\/b><span style=\"font-weight: 400\"> no campus da Universidade Federal de Santa Maria (UFSM). Os document\u00e1rios abordam temas como mem\u00f3ria, moradia, juventude, direitos humanos e diversidade cultural \u2013 temas que sempre atravessaram as produ\u00e7\u00f5es do coletivo.\u00a0\u00a0<\/span><\/p><p><span style=\"font-weight: 400\">A mostra tamb\u00e9m inclui a pr\u00e9-estreia de document\u00e1rios in\u00e9ditos. No dia 21 de maio, ser\u00e3o exibidos dois epis\u00f3dios da s\u00e9rie <\/span><b>\u201cNova Santa Marta\u201d<\/b><span style=\"font-weight: 400\">, intitulados<\/span><b> \u201cCidade de Madeira\u201d<\/b><span style=\"font-weight: 400\"> e <\/span><b>\u201cCidade de Concreto\u201d<\/b><span style=\"font-weight: 400\">, que narram a hist\u00f3ria da ocupa\u00e7\u00e3o e da luta por moradia no bairro. J\u00e1 no dia 28, ser\u00e1 apresentado o curta <\/span><b>\u201cMorada\u201d<\/b><span style=\"font-weight: 400\">, que traz uma narrativa ambientada na Casa do Estudante II da UFSM.<\/span><\/p><p><span style=\"font-weight: 400\">Al\u00e9m disso, em todas as sess\u00f5es ser\u00e1 exibido o trailer do primeiro longa-metragem da TV OVO, chamado \u201c<\/span><b>Quando a Gente Menina Cresce<\/b><span style=\"font-weight: 400\">\u201d, que aborda a primeira menstrua\u00e7\u00e3o e dever\u00e1 ser lan\u00e7ado em breve. Venha celebrar com a TV OVO! O p\u00fablico est\u00e1 convidado a participar e comemorar o anivers\u00e1rio do coletivo.<\/span><\/p>\t\t\t\t\t\t\t\t<\/div>\n\t\t\t\t<\/div>\n\t\t\t\t<div class=\"elementor-element elementor-element-8d8671b elementor-widget elementor-widget-heading\" data-id=\"8d8671b\" data-element_type=\"widget\" data-e-type=\"widget\" data-widget_type=\"heading.default\">\n\t\t\t\t<div class=\"elementor-widget-container\">\n\t\t\t\t\t<h5 class=\"elementor-heading-title elementor-size-default\">Confira a programa\u00e7\u00e3o completa:<\/h5>\t\t\t\t<\/div>\n\t\t\t\t<\/div>\n\t\t\t\t<div class=\"elementor-element elementor-element-993fd04 elementor-widget elementor-widget-spacer\" data-id=\"993fd04\" data-element_type=\"widget\" data-e-type=\"widget\" data-widget_type=\"spacer.default\">\n\t\t\t\t<div class=\"elementor-widget-container\">\n\t\t\t\t\t\t\t<div class=\"elementor-spacer\">\n\t\t\t<div class=\"elementor-spacer-inner\"><\/div>\n\t\t<\/div>\n\t\t\t\t\t\t<\/div>\n\t\t\t\t<\/div>\n\t\t\t\t<div class=\"elementor-element elementor-element-2f37491 elementor-widget elementor-widget-heading\" data-id=\"2f37491\" data-element_type=\"widget\" data-e-type=\"widget\" data-widget_type=\"heading.default\">\n\t\t\t\t<div class=\"elementor-widget-container\">\n\t\t\t\t\t<p class=\"elementor-heading-title elementor-size-default\">07 de maio \u2014 Curtas de diferentes \u00e9pocas\u00a0<\/p>\t\t\t\t<\/div>\n\t\t\t\t<\/div>\n\t\t\t\t<div class=\"elementor-element elementor-element-49ef70d elementor-widget elementor-widget-text-editor\" data-id=\"49ef70d\" data-element_type=\"widget\" data-e-type=\"widget\" data-widget_type=\"text-editor.default\">\n\t\t\t\t<div class=\"elementor-widget-container\">\n\t\t\t\t\t\t\t\t\t<p><span style=\"font-weight: 400\">Exibi\u00e7\u00e3o de v\u00eddeos produzidos em diferentes \u00e9pocas da TV OVO, um de anivers\u00e1rio de 2 anos e outro de 22 anos. Ap\u00f3s, ser\u00e3o apresentados os document\u00e1rios &#8220;Exist\u00eancia&#8221; e &#8220;Feminino Substantivo&#8221;.\u00a0<\/span><\/p><p>\u00a0<\/p><p><b>EXIST\u00caNCIA | 3\u201957\u2019\u2019<\/b><\/p><p><span style=\"font-weight: 400\">DIRE\u00c7\u00c3O: PAULO TAVARES\u00a0<\/span><\/p><p><span style=\"font-weight: 400\">Como se mensura uma exist\u00eancia? Quando tem seu in\u00edcio? E quando chega ao fim?\u00a0 Ou ser\u00e1 que retumba no tempo? Ecoando ad infinitum.<\/span><\/p><p><b>FEMININO SUBSTANTIVO | 9\u201958\u2019\u2019\u00a0<\/b><\/p><p><span style=\"font-weight: 400\">DIRE\u00c7\u00c3O: NELI MOMBELLI\u00a0<\/span><\/p><p><span style=\"font-weight: 400\">As ambival\u00eancias de ser mulher e o dia em que elas se reuniram na maior manifesta\u00e7\u00e3o de mulheres da hist\u00f3ria do Brasil.<\/span><\/p>\t\t\t\t\t\t\t\t<\/div>\n\t\t\t\t<\/div>\n\t\t\t\t<div class=\"elementor-element elementor-element-ea8047c elementor-widget elementor-widget-spacer\" data-id=\"ea8047c\" data-element_type=\"widget\" data-e-type=\"widget\" data-widget_type=\"spacer.default\">\n\t\t\t\t<div class=\"elementor-widget-container\">\n\t\t\t\t\t\t\t<div class=\"elementor-spacer\">\n\t\t\t<div class=\"elementor-spacer-inner\"><\/div>\n\t\t<\/div>\n\t\t\t\t\t\t<\/div>\n\t\t\t\t<\/div>\n\t\t\t\t<div class=\"elementor-element elementor-element-efa6ac4 elementor-widget elementor-widget-heading\" data-id=\"efa6ac4\" data-element_type=\"widget\" data-e-type=\"widget\" data-widget_type=\"heading.default\">\n\t\t\t\t<div class=\"elementor-widget-container\">\n\t\t\t\t\t<p class=\"elementor-heading-title elementor-size-default\">14 de maio \u2014 Document\u00e1rios NUCAC<\/p>\t\t\t\t<\/div>\n\t\t\t\t<\/div>\n\t\t\t\t<div class=\"elementor-element elementor-element-25f306e elementor-widget elementor-widget-text-editor\" data-id=\"25f306e\" data-element_type=\"widget\" data-e-type=\"widget\" data-widget_type=\"text-editor.default\">\n\t\t\t\t<div class=\"elementor-widget-container\">\n\t\t\t\t\t\t\t\t\t<p><span style=\"font-weight: 400\">Document\u00e1rios de produ\u00e7\u00e3o coletiva<\/span> <span style=\"font-weight: 400\">de jovens participantes das oficinas de forma\u00e7\u00e3o audiovisual do N\u00facleo Cultura, Arte e Cidadania (Nucac), da Nova Santa Marta.<\/span><\/p><p>\u00a0<\/p><p><b>DE JOVEM PARA JOVEM | 10\u201928\u2019\u2019\u00a0<\/b><\/p><p><span style=\"font-weight: 400\">Conta sobre a vida de dois jovens que t\u00eam experi\u00eancias distintas. O cotidiano \u00e9 traduzido em reflex\u00f5es que perpassam a adolesc\u00eancia, as dificuldades e os sonhos dessa fase da vida.<\/span><\/p><p>\u00a0<\/p><p><b>VIDA EM PROJETO | 9\u201930\u2019\u2019\u00a0<\/b><\/p><p><span style=\"font-weight: 400\">Acompanha Pedro e Ingrid, dois jovens do bairro Nova Santa Marta que compartilham suas experi\u00eancias sobre como projetos de cunho social de arte e cultura mudaram suas vidas, ajudando a desenvolver habilidades, autoestima e novas perspectivas.<\/span><\/p>\t\t\t\t\t\t\t\t<\/div>\n\t\t\t\t<\/div>\n\t\t\t\t<div class=\"elementor-element elementor-element-141dd64 elementor-widget elementor-widget-spacer\" data-id=\"141dd64\" data-element_type=\"widget\" data-e-type=\"widget\" data-widget_type=\"spacer.default\">\n\t\t\t\t<div class=\"elementor-widget-container\">\n\t\t\t\t\t\t\t<div class=\"elementor-spacer\">\n\t\t\t<div class=\"elementor-spacer-inner\"><\/div>\n\t\t<\/div>\n\t\t\t\t\t\t<\/div>\n\t\t\t\t<\/div>\n\t\t\t\t<div class=\"elementor-element elementor-element-816b09c elementor-widget elementor-widget-heading\" data-id=\"816b09c\" data-element_type=\"widget\" data-e-type=\"widget\" data-widget_type=\"heading.default\">\n\t\t\t\t<div class=\"elementor-widget-container\">\n\t\t\t\t\t<p class=\"elementor-heading-title elementor-size-default\">21 de maio \u2014 S\u00e9rie Nova Santa Marta (pr\u00e9-estreia)\u00a0<\/p>\t\t\t\t<\/div>\n\t\t\t\t<\/div>\n\t\t\t\t<div class=\"elementor-element elementor-element-d90ded0 elementor-widget elementor-widget-text-editor\" data-id=\"d90ded0\" data-element_type=\"widget\" data-e-type=\"widget\" data-widget_type=\"text-editor.default\">\n\t\t\t\t<div class=\"elementor-widget-container\">\n\t\t\t\t\t\t\t\t\t<p><b>02| CIDADE DE MADEIRA | 28\u201930\u201d<\/b><\/p><p><span style=\"font-weight: 400\">DIRE\u00c7\u00c3O: ALAN ORLANDO<\/span><\/p><p><span style=\"font-weight: 400\">A narrativa \u00e9 conduzida por Bruno, filho de uma das lideran\u00e7as do bairro da Nova Santa Marta, que continua sua jornada em busca da hist\u00f3ria de forma\u00e7\u00e3o da comunidade. Mesmo depois de estabelecida, a ocupa\u00e7\u00e3o segue unida em luta por melhores condi\u00e7\u00f5es. Depois da lona, as casas come\u00e7am a ser de madeira.<\/span><\/p><p>\u00a0<\/p><p><b>03 | CIDADE DE CONCRETO | 20\u201d<\/b><\/p><p><span style=\"font-weight: 400\">DIRE\u00c7\u00c3O: ALAN ORLANDO<\/span><\/p><p><span style=\"font-weight: 400\">O terceiro e \u00faltimo epis\u00f3dio, mostra como o bairro se modificou ao longo de 34 anos, transformando-se numa das maiores ocupa\u00e7\u00f5es organizadas da Am\u00e9rica Latina. O filme registra e reflete sobre o passado e o futuro do bairro e mostra que a luta continua.\u00a0\u00a0<\/span><\/p>\t\t\t\t\t\t\t\t<\/div>\n\t\t\t\t<\/div>\n\t\t\t\t<div class=\"elementor-element elementor-element-994bb2c elementor-widget elementor-widget-spacer\" data-id=\"994bb2c\" data-element_type=\"widget\" data-e-type=\"widget\" data-widget_type=\"spacer.default\">\n\t\t\t\t<div class=\"elementor-widget-container\">\n\t\t\t\t\t\t\t<div class=\"elementor-spacer\">\n\t\t\t<div class=\"elementor-spacer-inner\"><\/div>\n\t\t<\/div>\n\t\t\t\t\t\t<\/div>\n\t\t\t\t<\/div>\n\t\t\t\t<div class=\"elementor-element elementor-element-f5737f8 elementor-widget elementor-widget-heading\" data-id=\"f5737f8\" data-element_type=\"widget\" data-e-type=\"widget\" data-widget_type=\"heading.default\">\n\t\t\t\t<div class=\"elementor-widget-container\">\n\t\t\t\t\t<p class=\"elementor-heading-title elementor-size-default\">28 de maio \u2014 Morada (pr\u00e9-estreia)\u00a0<\/p>\t\t\t\t<\/div>\n\t\t\t\t<\/div>\n\t\t\t\t<div class=\"elementor-element elementor-element-c1277f8 elementor-widget elementor-widget-text-editor\" data-id=\"c1277f8\" data-element_type=\"widget\" data-e-type=\"widget\" data-widget_type=\"text-editor.default\">\n\t\t\t\t<div class=\"elementor-widget-container\">\n\t\t\t\t\t\t\t\t\t<p><span style=\"font-weight: 400\">Dire\u00e7\u00e3o de Neli Mombelli, uma coprodu\u00e7\u00e3o de D.Copetti Produ\u00e7\u00f5es com a TV OVO.\u00a0<\/span><\/p><p><span style=\"font-weight: 400\">\u00a0<\/span><\/p><p><b>MORADA |\u00a0 24\u00b449&#8243;\u00a0<\/b><\/p><p><span style=\"font-weight: 400\">Eduarda, que vive seus \u00faltimos dias na casa do estudante na Universidade Federal de Santa Maria. Observando o apartamento em que mora, descobre um papel amassado dentro de um buraco na parede com data de 1989. Movida pela curiosidade e pelas diversas narrativas de jovens que atravessam aquele local em busca dos seus sonhos, ela inicia uma jornada de si e de quem poderia ser aquele peda\u00e7o de papel com vest\u00edgios de um hist\u00f3ria no tempo.\u00a0\u00a0<\/span><\/p><p><span style=\"font-weight: 400\">\u00a0<\/span><\/p>\t\t\t\t\t\t\t\t<\/div>\n\t\t\t\t<\/div>\n\t\t\t\t\t<\/div>\n\t\t\t\t<\/div>\n\t\t<div class=\"elementor-element elementor-element-86500ee e-flex e-con-boxed e-con e-parent\" data-id=\"86500ee\" data-element_type=\"container\" data-e-type=\"container\">\n\t\t\t\t\t<div class=\"e-con-inner\">\n\t\t\t\t<div class=\"elementor-element elementor-element-669c7d8 elementor--h-position-center elementor--v-position-middle elementor-arrows-position-inside elementor-pagination-position-inside elementor-widget elementor-widget-slides\" data-id=\"669c7d8\" data-element_type=\"widget\" data-e-type=\"widget\" data-settings=\"{&quot;navigation&quot;:&quot;both&quot;,&quot;autoplay&quot;:&quot;yes&quot;,&quot;pause_on_hover&quot;:&quot;yes&quot;,&quot;pause_on_interaction&quot;:&quot;yes&quot;,&quot;autoplay_speed&quot;:5000,&quot;infinite&quot;:&quot;yes&quot;,&quot;transition&quot;:&quot;slide&quot;,&quot;transition_speed&quot;:500}\" data-widget_type=\"slides.default\">\n\t\t\t\t<div class=\"elementor-widget-container\">\n\t\t\t\t\t\t\t\t\t<div class=\"elementor-swiper\">\n\t\t\t\t\t<div class=\"elementor-slides-wrapper elementor-main-swiper swiper\" role=\"region\" aria-roledescription=\"carousel\" aria-label=\"Slides\" dir=\"ltr\" data-animation=\"fadeInUp\">\n\t\t\t\t<div class=\"swiper-wrapper elementor-slides\">\n\t\t\t\t\t\t\t\t\t\t<div class=\"elementor-repeater-item-5c1901b swiper-slide\" role=\"group\" aria-roledescription=\"slide\"><div class=\"swiper-slide-bg\" role=\"img\" aria-label=\"DIVULGA\u00c7\u00c3O3\"><\/div><div class=\"swiper-slide-inner\" ><div class=\"swiper-slide-contents\"><div class=\"elementor-slide-heading\">MORADA<\/div><\/div><\/div><\/div><div class=\"elementor-repeater-item-2509783 swiper-slide\" role=\"group\" aria-roledescription=\"slide\"><div class=\"swiper-slide-bg\" role=\"img\" aria-label=\"DIVULGA\u00c7\u00c3O1\"><\/div><div class=\"swiper-slide-inner\" ><div class=\"swiper-slide-contents\"><div class=\"elementor-slide-heading\">NOVA SANTA MARTA<\/div><\/div><\/div><\/div><div class=\"elementor-repeater-item-416f5e7 swiper-slide\" role=\"group\" aria-roledescription=\"slide\"><div class=\"swiper-slide-bg\" role=\"img\" aria-label=\"DIVULGA\u00c7\u00c3O4\"><\/div><div class=\"swiper-slide-inner\" ><div class=\"swiper-slide-contents\"><div class=\"elementor-slide-heading\">EXIST\u00caNCIA<\/div><\/div><\/div><\/div>\t\t\t\t<\/div>\n\t\t\t\t\t\t\t\t\t\t\t\t\t\t\t<div class=\"elementor-swiper-button elementor-swiper-button-prev\" role=\"button\" tabindex=\"0\" aria-label=\"Slide anterior\">\n\t\t\t\t\t\t\t<i aria-hidden=\"true\" class=\"eicon-chevron-left\"><\/i>\t\t\t\t\t\t<\/div>\n\t\t\t\t\t\t<div class=\"elementor-swiper-button elementor-swiper-button-next\" role=\"button\" tabindex=\"0\" aria-label=\"Pr\u00f3ximo slide\">\n\t\t\t\t\t\t\t<i aria-hidden=\"true\" class=\"eicon-chevron-right\"><\/i>\t\t\t\t\t\t<\/div>\n\t\t\t\t\t\t\t\t\t\t\t\t\t\t\t\t<div class=\"swiper-pagination\"><\/div>\n\t\t\t\t\t\t\t\t\t\t\t\t<\/div>\n\t\t\t\t<\/div>\n\t\t\t\t\t\t\t\t<\/div>\n\t\t\t\t<\/div>\n\t\t\t\t\t<\/div>\n\t\t\t\t<\/div>\n\t\t\t\t<\/div>\n\t\t","protected":false},"excerpt":{"rendered":"<p>Em 12 de maio, a TV OVO completa 29 anos de hist\u00f3ria em Santa Maria. Para marcar a data, o coletivo organizou uma programa\u00e7\u00e3o especial de exibi\u00e7\u00f5es.  <\/p>\n","protected":false},"author":26,"featured_media":14700,"comment_status":"open","ping_status":"open","sticky":false,"template":"","format":"standard","meta":{"footnotes":""},"categories":[23,22],"tags":[1363,1362,114,1364,273,681,136,74],"class_list":["post-14689","post","type-post","status-publish","format-standard","has-post-thumbnail","hentry","category-eventos","category-noticias","tag-aniversario","tag-aniversario-29-anos","tag-audiovisual","tag-cineclube-da-boca","tag-documentario","tag-exibicao","tag-tv-ovo","tag-tvovo"],"_links":{"self":[{"href":"https:\/\/tvovo.org\/portal\/wp-json\/wp\/v2\/posts\/14689","targetHints":{"allow":["GET"]}}],"collection":[{"href":"https:\/\/tvovo.org\/portal\/wp-json\/wp\/v2\/posts"}],"about":[{"href":"https:\/\/tvovo.org\/portal\/wp-json\/wp\/v2\/types\/post"}],"author":[{"embeddable":true,"href":"https:\/\/tvovo.org\/portal\/wp-json\/wp\/v2\/users\/26"}],"replies":[{"embeddable":true,"href":"https:\/\/tvovo.org\/portal\/wp-json\/wp\/v2\/comments?post=14689"}],"version-history":[{"count":0,"href":"https:\/\/tvovo.org\/portal\/wp-json\/wp\/v2\/posts\/14689\/revisions"}],"wp:featuredmedia":[{"embeddable":true,"href":"https:\/\/tvovo.org\/portal\/wp-json\/wp\/v2\/media\/14700"}],"wp:attachment":[{"href":"https:\/\/tvovo.org\/portal\/wp-json\/wp\/v2\/media?parent=14689"}],"wp:term":[{"taxonomy":"category","embeddable":true,"href":"https:\/\/tvovo.org\/portal\/wp-json\/wp\/v2\/categories?post=14689"},{"taxonomy":"post_tag","embeddable":true,"href":"https:\/\/tvovo.org\/portal\/wp-json\/wp\/v2\/tags?post=14689"}],"curies":[{"name":"wp","href":"https:\/\/api.w.org\/{rel}","templated":true}]}}