{"id":14377,"date":"2024-12-02T14:56:14","date_gmt":"2024-12-02T17:56:14","guid":{"rendered":"https:\/\/tvovo.org\/portal\/?p=14377"},"modified":"2025-04-08T13:46:03","modified_gmt":"2025-04-08T16:46:03","slug":"jovens-da-nova-santa-marta-lancam-documentarios-produzidos-na-oficina-de-audiovisual-nucac","status":"publish","type":"post","link":"https:\/\/tvovo.org\/portal\/jovens-da-nova-santa-marta-lancam-documentarios-produzidos-na-oficina-de-audiovisual-nucac\/","title":{"rendered":"Jovens da Nova Santa Marta lan\u00e7am document\u00e1rios produzidos na Oficina de Audiovisual NUCAC"},"content":{"rendered":"\t\t<div data-elementor-type=\"wp-post\" data-elementor-id=\"14377\" class=\"elementor elementor-14377\" data-elementor-post-type=\"post\">\n\t\t\t\t<div class=\"elementor-element elementor-element-56dcc51 e-flex e-con-boxed e-con e-parent\" data-id=\"56dcc51\" data-element_type=\"container\" data-e-type=\"container\">\n\t\t\t\t\t<div class=\"e-con-inner\">\n\t\t\t\t<div class=\"elementor-element elementor-element-2b54b4c elementor-widget elementor-widget-image\" data-id=\"2b54b4c\" data-element_type=\"widget\" data-e-type=\"widget\" data-widget_type=\"image.default\">\n\t\t\t\t<div class=\"elementor-widget-container\">\n\t\t\t\t\t\t\t\t\t\t\t\t<figure class=\"wp-caption\">\n\t\t\t\t\t\t\t\t\t\t<img fetchpriority=\"high\" decoding=\"async\" width=\"800\" height=\"533\" src=\"https:\/\/tvovo.org\/portal\/wp-content\/uploads\/2024\/12\/CAPA.jpg\" class=\"attachment-large size-large wp-image-14672\" alt=\"\" srcset=\"https:\/\/tvovo.org\/portal\/wp-content\/uploads\/2024\/12\/CAPA.jpg 900w, https:\/\/tvovo.org\/portal\/wp-content\/uploads\/2024\/12\/CAPA-300x200.jpg 300w, https:\/\/tvovo.org\/portal\/wp-content\/uploads\/2024\/12\/CAPA-768x512.jpg 768w\" sizes=\"(max-width: 800px) 100vw, 800px\" \/>\t\t\t\t\t\t\t\t\t\t\t<figcaption class=\"widget-image-caption wp-caption-text\">O document\u00e1rio De Jovem para Jovem foi gravado na Pra\u00e7a CEU Sandra Feltrin<\/figcaption>\n\t\t\t\t\t\t\t\t\t\t<\/figure>\n\t\t\t\t\t\t\t\t\t<\/div>\n\t\t\t\t<\/div>\n\t\t<div class=\"elementor-element elementor-element-8de026f e-con-full e-flex e-con e-child\" data-id=\"8de026f\" data-element_type=\"container\" data-e-type=\"container\">\n\t\t\t\t<div class=\"elementor-element elementor-element-eb0ebbe elementor-widget elementor-widget-text-editor\" data-id=\"eb0ebbe\" data-element_type=\"widget\" data-e-type=\"widget\" data-widget_type=\"text-editor.default\">\n\t\t\t\t<div class=\"elementor-widget-container\">\n\t\t\t\t\t\t\t\t\t<p><span style=\"font-weight: 400\">Dois document\u00e1rios <\/span><span style=\"font-weight: 400\">produzidos por jovens talentosos da regi\u00e3o Oeste de Santa Maria <\/span><span style=\"font-weight: 400\">ser\u00e3o exibidos pela primeira vez no pr\u00f3ximo <\/span><b>domingo (8)<\/b><span style=\"font-weight: 400\">. A sess\u00e3o dupla come\u00e7a \u00e0s <\/span><b>19h30<\/b><span style=\"font-weight: 400\">, na <\/span><b>\u00e1rea verde em frente \u00e0 EMEI Sinos de Bel\u00e9m, <\/b>localizada na Rua Manoel Mallmann Filho<b>, bairro Nova Santa Marta<\/b><span style=\"font-weight: 400\">.<\/span><\/p><p><span style=\"font-weight: 400\">Os curtas <\/span><b>Vida em Projeto<\/b><span style=\"font-weight: 400\"> e <\/span><b>De Jovem para Jovem <\/b>s\u00e3o<span style=\"font-weight: 400\">\u00a0uma <\/span><span style=\"font-weight: 400\">produ\u00e7\u00e3o coletiva, <\/span><span style=\"font-weight: 400\">fruto da criatividade e dedica\u00e7\u00e3o<\/span><span style=\"font-weight: 400\"> dos participantes da Oficina de Audiovisual do N\u00facleo Cultura, Arte e Cidadania (NUCAC), promovida pela TV OVO.\u00a0<\/span><\/p><p><span style=\"font-weight: 400\">Os filmes prometem trazer ao p\u00fablico hist\u00f3rias aut\u00eanticas e dar voz \u00e0 juventude local,<\/span><span style=\"font-weight: 400\"> garantindo um olhar genu\u00edno e potente sobre suas realidades. Os estudantes da oficina se <\/span><span style=\"font-weight: 400\">envolveram em todas as etapas, desde o roteiro e a captura das cenas, at\u00e9 a edi\u00e7\u00e3o final.<\/span><\/p><p><a href=\"https:\/\/www.instagram.com\/p\/DCnAEumSDso\/?img_index=2\"><b>De Jovem para Jovem<\/b><\/a><span style=\"font-weight: 400\"> e<\/span><span style=\"font-weight: 400\">xplora a vida de dois adolescentes, moradores da Nova Santa Marta, que possuem duas experi\u00eancias distintas. Durante uma conversa, o cotidiano \u00e9 traduzido em reflex\u00f5es que perpassam a adolesc\u00eancia, as dificuldades e os sonhos dessa fase da vida.\u00a0<\/span><\/p><p>A produ\u00e7\u00e3o foi realizada por Eduardo Trindade, Elvis Schaurich Dumke, Emily Barbosa de Oliveira, Evelin Sara Dumke, Jordan Taborda, J\u00falia Vargas Flores, Tauane Escobar Ribeiro, Arthur Almeida Brites e Kevin Fernando Graciolli Ferreira.<\/p>\t\t\t\t\t\t\t\t<\/div>\n\t\t\t\t<\/div>\n\t\t\t\t<div class=\"elementor-element elementor-element-81fd813 elementor-widget elementor-widget-image\" data-id=\"81fd813\" data-element_type=\"widget\" data-e-type=\"widget\" data-widget_type=\"image.default\">\n\t\t\t\t<div class=\"elementor-widget-container\">\n\t\t\t\t\t\t\t\t\t\t\t\t\t\t\t<img decoding=\"async\" width=\"800\" height=\"450\" src=\"https:\/\/tvovo.org\/portal\/wp-content\/uploads\/2024\/12\/DOC_2.1-VIDA-EM-PROJETOS.jpg\" class=\"attachment-large size-large wp-image-14674\" alt=\"\" srcset=\"https:\/\/tvovo.org\/portal\/wp-content\/uploads\/2024\/12\/DOC_2.1-VIDA-EM-PROJETOS.jpg 1024w, https:\/\/tvovo.org\/portal\/wp-content\/uploads\/2024\/12\/DOC_2.1-VIDA-EM-PROJETOS-300x169.jpg 300w, https:\/\/tvovo.org\/portal\/wp-content\/uploads\/2024\/12\/DOC_2.1-VIDA-EM-PROJETOS-768x432.jpg 768w\" sizes=\"(max-width: 800px) 100vw, 800px\" \/>\t\t\t\t\t\t\t\t\t\t\t\t\t\t\t<\/div>\n\t\t\t\t<\/div>\n\t\t\t\t<div class=\"elementor-element elementor-element-c7fd9cd elementor-widget elementor-widget-text-editor\" data-id=\"c7fd9cd\" data-element_type=\"widget\" data-e-type=\"widget\" data-widget_type=\"text-editor.default\">\n\t\t\t\t<div class=\"elementor-widget-container\">\n\t\t\t\t\t\t\t\t\t<p><span style=\"font-weight: 400\">J\u00e1 no document\u00e1rio <\/span><a href=\"https:\/\/www.instagram.com\/p\/DCSPatgyeE0\/?img_index=1\"><b>Vida em Projeto <\/b><\/a><span style=\"font-weight: 400\">conhecemos as hist\u00f3rias de <\/span><span style=\"font-weight: 400\">Pedro e Ingrid, dois jovens do bairro <\/span><span style=\"font-weight: 400\">que tiveram suas vidas transformadas por um projeto social de arte e cultura.<\/span><span style=\"font-weight: 400\"> Os estudantes contam de que forma o acesso a atividades art\u00edsticas e culturais contribuiu para <\/span><span style=\"font-weight: 400\">o desenvolvimento pessoal e gerou novas perspectivas.\u00a0<\/span><\/p><p>A dire\u00e7\u00e3o do curta \u00e9 assinada por Luiz Eduardo da Silva, com uma equipe de produ\u00e7\u00e3o composta por: Camily Friedrich (produ\u00e7\u00e3o de fotografia), Alessandro da Silva (som), Gabriel da Cunha (produ\u00e7\u00e3o de fotografia), Deivid Brites (produ\u00e7\u00e3o), Pedro Henrique Oliveira (entrevistado e assistente de produ\u00e7\u00e3o), Victor Luan Tasso (entrevistador).<\/p><p><span style=\"font-weight: 400\">Voc\u00ea est\u00e1 pronto para enxergar o mundo pelos olhos da juventude de Nova Santa Marta? A entrada \u00e9 gratuita e aberta ao p\u00fablico. N\u00e3o perca a oportunidade de conhecer essas hist\u00f3rias, apoie a cultura e a produ\u00e7\u00e3o local. Traga sua cadeira e participe!\u00a0<\/span><\/p><p><span style=\"font-weight: 400\">O projeto NUCAC foi contemplado no Programa Nacional de Seguran\u00e7a P\u00fablica com Cidadania \u2014 PRONASCI 2, do Minist\u00e9rio da Justi\u00e7a e Seguran\u00e7a P\u00fablica. Com financiamento do Fundo de Defesa de Direitos Difusos.\u00a0<\/span><\/p><p><span style=\"text-decoration: underline\"><b>Servi\u00e7o:<\/b><\/span><\/p><p><span style=\"font-weight: 400\">\ud83d\udcc5 <\/span><b>Data:<\/b><span style=\"font-weight: 400\"> Domingo, 08 de dezembro<\/span><span style=\"font-weight: 400\"><br \/><\/span><span style=\"font-weight: 400\">\u23f0 <\/span><b>Hor\u00e1rio:<\/b><span style=\"font-weight: 400\"> 19h30<\/span><span style=\"font-weight: 400\"><br \/><\/span><span style=\"font-weight: 400\">\ud83d\udccd <\/span><b>Local:<\/b><span style=\"font-weight: 400\"> \u00c1rea aberta em frente \u00e0 EMEI Sinos de Bel\u00e9m, Rua Manoel Mallmann Filho, bairro Nova Santa Marta<\/span><\/p><p><span style=\"font-weight: 400\">Texto e fotos: Heloisa Helena Canabarro \u2013 Divulga\u00e7\u00e3o\/TV OVO<\/span><\/p>\t\t\t\t\t\t\t\t<\/div>\n\t\t\t\t<\/div>\n\t\t\t\t<\/div>\n\t\t\t\t\t<\/div>\n\t\t\t\t<\/div>\n\t\t\t\t<\/div>\n\t\t","protected":false},"excerpt":{"rendered":"<p>Dois document\u00e1rios produzidos por jovens talentosos da regi\u00e3o Oeste de Santa Maria ser\u00e3o exibidos pela primeira vez no pr\u00f3ximo domingo (8).<\/p>\n","protected":false},"author":26,"featured_media":14669,"comment_status":"open","ping_status":"open","sticky":false,"template":"","format":"standard","meta":{"footnotes":""},"categories":[22],"tags":[114],"class_list":["post-14377","post","type-post","status-publish","format-standard","has-post-thumbnail","hentry","category-noticias","tag-audiovisual"],"_links":{"self":[{"href":"https:\/\/tvovo.org\/portal\/wp-json\/wp\/v2\/posts\/14377","targetHints":{"allow":["GET"]}}],"collection":[{"href":"https:\/\/tvovo.org\/portal\/wp-json\/wp\/v2\/posts"}],"about":[{"href":"https:\/\/tvovo.org\/portal\/wp-json\/wp\/v2\/types\/post"}],"author":[{"embeddable":true,"href":"https:\/\/tvovo.org\/portal\/wp-json\/wp\/v2\/users\/26"}],"replies":[{"embeddable":true,"href":"https:\/\/tvovo.org\/portal\/wp-json\/wp\/v2\/comments?post=14377"}],"version-history":[{"count":0,"href":"https:\/\/tvovo.org\/portal\/wp-json\/wp\/v2\/posts\/14377\/revisions"}],"wp:featuredmedia":[{"embeddable":true,"href":"https:\/\/tvovo.org\/portal\/wp-json\/wp\/v2\/media\/14669"}],"wp:attachment":[{"href":"https:\/\/tvovo.org\/portal\/wp-json\/wp\/v2\/media?parent=14377"}],"wp:term":[{"taxonomy":"category","embeddable":true,"href":"https:\/\/tvovo.org\/portal\/wp-json\/wp\/v2\/categories?post=14377"},{"taxonomy":"post_tag","embeddable":true,"href":"https:\/\/tvovo.org\/portal\/wp-json\/wp\/v2\/tags?post=14377"}],"curies":[{"name":"wp","href":"https:\/\/api.w.org\/{rel}","templated":true}]}}