{"id":14284,"date":"2024-09-09T15:41:21","date_gmt":"2024-09-09T18:41:21","guid":{"rendered":"https:\/\/tvovo.org\/portal\/?p=14284"},"modified":"2024-09-10T16:51:41","modified_gmt":"2024-09-10T19:51:41","slug":"documentario-cartaz-de-felippe-e-exibido-na-51o-feira-do-livro","status":"publish","type":"post","link":"https:\/\/tvovo.org\/portal\/documentario-cartaz-de-felippe-e-exibido-na-51o-feira-do-livro\/","title":{"rendered":"Document\u00e1rio Cartas de Felippe \u00e9 exibido na 51\u00ba Feira do Livro"},"content":{"rendered":"\t\t<div data-elementor-type=\"wp-post\" data-elementor-id=\"14284\" class=\"elementor elementor-14284\" data-elementor-post-type=\"post\">\n\t\t\t\t<div class=\"elementor-element elementor-element-5a28ec8 e-flex e-con-boxed e-con e-parent\" data-id=\"5a28ec8\" data-element_type=\"container\" data-e-type=\"container\">\n\t\t\t\t\t<div class=\"e-con-inner\">\n\t\t\t\t<div class=\"elementor-element elementor-element-2c4a59e elementor-widget elementor-widget-image\" data-id=\"2c4a59e\" data-element_type=\"widget\" data-e-type=\"widget\" data-widget_type=\"image.default\">\n\t\t\t\t<div class=\"elementor-widget-container\">\n\t\t\t\t\t\t\t\t\t\t\t\t<figure class=\"wp-caption\">\n\t\t\t\t\t\t\t\t\t\t<img fetchpriority=\"high\" decoding=\"async\" width=\"800\" height=\"558\" src=\"https:\/\/tvovo.org\/portal\/wp-content\/uploads\/2024\/09\/FOTO1-1.webp\" class=\"attachment-large size-large wp-image-14289\" alt=\"\" srcset=\"https:\/\/tvovo.org\/portal\/wp-content\/uploads\/2024\/09\/FOTO1-1.webp 1000w, https:\/\/tvovo.org\/portal\/wp-content\/uploads\/2024\/09\/FOTO1-1-300x209.webp 300w, https:\/\/tvovo.org\/portal\/wp-content\/uploads\/2024\/09\/FOTO1-1-768x535.webp 768w\" sizes=\"(max-width: 800px) 100vw, 800px\" \/>\t\t\t\t\t\t\t\t\t\t\t<figcaption class=\"widget-image-caption wp-caption-text\">Foto: Heloisa Helena Canabarro<\/figcaption>\n\t\t\t\t\t\t\t\t\t\t<\/figure>\n\t\t\t\t\t\t\t\t\t<\/div>\n\t\t\t\t<\/div>\n\t\t\t\t<div class=\"elementor-element elementor-element-310955a elementor-widget elementor-widget-text-editor\" data-id=\"310955a\" data-element_type=\"widget\" data-e-type=\"widget\" data-widget_type=\"text-editor.default\">\n\t\t\t\t<div class=\"elementor-widget-container\">\n\t\t\t\t\t\t\t\t\t<p><span style=\"font-weight: 400\">Na ter\u00e7a-feira (3), a vida do poeta e escritor Felippe D\u2019Oliveira esteve em evid\u00eancia na 51\u00aa Feira do Livro. <strong>A TV OVO exibiu o curta-metragem \u201cCartas de Felippe\u201d<\/strong>, no Theatro Treze de Maio. O filme aborda o entrecruzamento da arte com a pol\u00edtica na vida do poeta. O document\u00e1rio tem<strong> dire\u00e7\u00e3o de Marcos Borba<\/strong> e foi lan\u00e7ado em abril deste ano no\u00a0 Cineclube da Boca. Ap\u00f3s a exibi\u00e7\u00e3o, houve uma roda de conversa.\u00a0<\/span><\/p><p><span style=\"text-align: var(--text-align);background-color: var(--nv-site-bg)\"><strong>&#8220;Cartas de Felippe&#8221;<\/strong> busca recuperar a trajet\u00f3ria do santa-mariense, que \u00e9 um expoente da literatura do in\u00edcio do s\u00e9culo XX, <\/span><span style=\"font-weight: 400\">As cartas referenciadas no t\u00edtulo do document\u00e1rio s\u00e3o um conjunto de 47 correspond\u00eancias trocadas pela tr\u00edade indissol\u00favel formada por Felippe D\u2019Oliveira, Jo\u00e3o Daudt Oliveira e Jo\u00e3o Neves da Fontoura. Al\u00e9m deles, outras personalidades importantes da pol\u00edtica ga\u00facha se comunicam por meio das cartas, como Borges de Medeiros e Get\u00falio Vargas.\u00a0<\/span><\/p><p><span style=\"font-weight: 400\">De acordo com o diretor Marcos Borba, a ideia para o curta-metragem surgiu quando o professor Pedro Brum Santos compartilhou sobre a pesquisa que realizava sobre as cartas e o envolvimento do poeta com a pol\u00edtica. <\/span><i><span style=\"font-weight: 400\">\u201cComecei a associar essas quest\u00f5es, Felippe nasceu aqui, nosso grande poeta tem essa trama e est\u00e1 envolvido com coisas que mudou e revolucionou o pa\u00eds\u201d<\/span><\/i><span style=\"font-weight: 400\">, relata o diretor.<\/span><\/p><p><span style=\"font-weight: 400\">A produ\u00e7\u00e3o conta com depoimentos dos professores e pesquisadores Pedro Brum Santos e Lucas da Cunha Zamberlan, que estudaram sobre a vida do poeta e possuem uma farta pesquisa sobre o material do conjunto das cartas de Felippe. O filme tamb\u00e9m traz uma entrevista com o escritor e jornalista Juremir Machado, profundo conhecedor da hist\u00f3ria de Get\u00falio Vargas. <\/span><\/p>\t\t\t\t\t\t\t\t<\/div>\n\t\t\t\t<\/div>\n\t\t<div class=\"elementor-element elementor-element-39bfb16 e-con-full e-flex e-con e-child\" data-id=\"39bfb16\" data-element_type=\"container\" data-e-type=\"container\">\n\t\t\t\t<div class=\"elementor-element elementor-element-5ba3d14 elementor-widget elementor-widget-image\" data-id=\"5ba3d14\" data-element_type=\"widget\" data-e-type=\"widget\" data-widget_type=\"image.default\">\n\t\t\t\t<div class=\"elementor-widget-container\">\n\t\t\t\t\t\t\t\t\t\t\t\t<figure class=\"wp-caption\">\n\t\t\t\t\t\t\t\t\t\t<img decoding=\"async\" width=\"800\" height=\"607\" src=\"https:\/\/tvovo.org\/portal\/wp-content\/uploads\/2024\/09\/FOTO-2-1.webp\" class=\"attachment-large size-large wp-image-14290\" alt=\"\" srcset=\"https:\/\/tvovo.org\/portal\/wp-content\/uploads\/2024\/09\/FOTO-2-1.webp 1000w, https:\/\/tvovo.org\/portal\/wp-content\/uploads\/2024\/09\/FOTO-2-1-300x228.webp 300w, https:\/\/tvovo.org\/portal\/wp-content\/uploads\/2024\/09\/FOTO-2-1-768x583.webp 768w\" sizes=\"(max-width: 800px) 100vw, 800px\" \/>\t\t\t\t\t\t\t\t\t\t\t<figcaption class=\"widget-image-caption wp-caption-text\">Foto: Ronald Mendes<\/figcaption>\n\t\t\t\t\t\t\t\t\t\t<\/figure>\n\t\t\t\t\t\t\t\t\t<\/div>\n\t\t\t\t<\/div>\n\t\t\t\t<div class=\"elementor-element elementor-element-6d69e02 elementor-widget elementor-widget-text-editor\" data-id=\"6d69e02\" data-element_type=\"widget\" data-e-type=\"widget\" data-widget_type=\"text-editor.default\">\n\t\t\t\t<div class=\"elementor-widget-container\">\n\t\t\t\t\t\t\t\t\t<p><span style=\"font-weight: 400\">Ao pensar sobre a narrativa do document\u00e1rio, Marcos decidiu colocar um alter ego, um fantasma que olhasse para ele mesmo e pudesse ajudar a contar a sua pr\u00f3pria hist\u00f3ria. O ator santa-mariense Guilherme Senna, que interpretou o poeta no filme, comentou sobre a dificuldade de n\u00e3o ter uma refer\u00eancia de v\u00eddeos ou \u00e1udios de Felippe.<\/span><\/p><p><i><span style=\"font-weight: 400\">\u201cEu tive que usar o meu imagin\u00e1rio criativo para me conectar com essa figura e como trazer isso para a minha interpreta\u00e7\u00e3o. Quando estava gravando me concentrava e pensava \u2018espero que voc\u00ea esteja aqui comigo\u2019, essa foi a primeira vez que interpretei uma pessoa real. Tentei criar essa conex\u00e3o, pensava \u2018estou falando com voc\u00ea, ent\u00e3o fale por mim\u2019\u201d,<\/span><\/i><span style=\"font-weight: 400\"> revela o ator, que compareceu \u00e0 exibi\u00e7\u00e3o caracterizado de Felippe.\u00a0<\/span><\/p><p><span style=\"font-weight: 400\">Uma curiosidade, mencionada no document\u00e1rio, \u00e9 que o busto de Felipe D\u2019Oliveira foi roubado enquanto as grava\u00e7\u00f5es ainda estavam em andamento, o que levou \u00e0 necessidade de adaptar o roteiro. \u201cCartas de Felippe\u201d faz parte do projeto \u201cPor Onde Passa a Mem\u00f3ria da Cidade\u201d, aprovado na Lei de Incentivo \u00e0 Cultura de Santa Maria (Lic\/SM).\u00a0<\/span><\/p><p><span style=\"font-weight: 400\">Texto: Heloisa Helena Canabarro (Mtb: 21.562)<\/span><\/p><p><em>Fotos:\u00a0<\/em><em>Ronald Mendes e\u00a0<\/em><em style=\"color: var( --e-global-color-text );font-family: var( --e-global-typography-text-font-family ), Sans-serif;font-weight: var( --e-global-typography-text-font-weight );text-align: var(--text-align);background-color: var(--nv-site-bg);letter-spacing: var(--bodyletterspacing);text-transform: var(--bodytexttransform)\">\u00a0Heloisa Helena Canabarro\u00a0<\/em><\/p>\t\t\t\t\t\t\t\t<\/div>\n\t\t\t\t<\/div>\n\t\t\t\t<div class=\"elementor-element elementor-element-09023a4 elementor-widget elementor-widget-gallery\" data-id=\"09023a4\" data-element_type=\"widget\" data-e-type=\"widget\" data-settings=\"{&quot;columns&quot;:&quot;3&quot;,&quot;lazyload&quot;:&quot;yes&quot;,&quot;gallery_layout&quot;:&quot;grid&quot;,&quot;columns_tablet&quot;:2,&quot;columns_mobile&quot;:1,&quot;gap&quot;:{&quot;unit&quot;:&quot;px&quot;,&quot;size&quot;:10,&quot;sizes&quot;:[]},&quot;gap_tablet&quot;:{&quot;unit&quot;:&quot;px&quot;,&quot;size&quot;:10,&quot;sizes&quot;:[]},&quot;gap_mobile&quot;:{&quot;unit&quot;:&quot;px&quot;,&quot;size&quot;:10,&quot;sizes&quot;:[]},&quot;link_to&quot;:&quot;file&quot;,&quot;aspect_ratio&quot;:&quot;3:2&quot;,&quot;overlay_background&quot;:&quot;yes&quot;,&quot;content_hover_animation&quot;:&quot;fade-in&quot;}\" data-widget_type=\"gallery.default\">\n\t\t\t\t<div class=\"elementor-widget-container\">\n\t\t\t\t\t\t\t<div class=\"elementor-gallery__container\">\n\t\t\t\t\t\t\t<a class=\"e-gallery-item elementor-gallery-item elementor-animated-content\" href=\"https:\/\/tvovo.org\/portal\/wp-content\/uploads\/2024\/09\/3-1.webp\" data-elementor-open-lightbox=\"yes\" data-elementor-lightbox-slideshow=\"09023a4\" data-elementor-lightbox-title=\"3\" data-e-action-hash=\"#elementor-action%3Aaction%3Dlightbox%26settings%3DeyJpZCI6MTQyOTcsInVybCI6Imh0dHBzOlwvXC90dm92by5vcmdcL3BvcnRhbFwvd3AtY29udGVudFwvdXBsb2Fkc1wvMjAyNFwvMDlcLzMtMS53ZWJwIiwic2xpZGVzaG93IjoiMDkwMjNhNCJ9\">\n\t\t\t\t\t<div class=\"e-gallery-image elementor-gallery-item__image\" data-thumbnail=\"https:\/\/tvovo.org\/portal\/wp-content\/uploads\/2024\/09\/3-1.webp\" data-width=\"800\" data-height=\"600\" aria-label=\"\" role=\"img\" ><\/div>\n\t\t\t\t\t\t\t\t\t\t\t<div class=\"elementor-gallery-item__overlay\"><\/div>\n\t\t\t\t\t\t\t\t\t\t\t\t\t\t<\/a>\n\t\t\t\t\t\t\t<a class=\"e-gallery-item elementor-gallery-item elementor-animated-content\" href=\"https:\/\/tvovo.org\/portal\/wp-content\/uploads\/2024\/09\/Foto-3-Ronald-Mendes.webp\" data-elementor-open-lightbox=\"yes\" data-elementor-lightbox-slideshow=\"09023a4\" data-elementor-lightbox-title=\"Foto 3 Ronald Mendes\" data-e-action-hash=\"#elementor-action%3Aaction%3Dlightbox%26settings%3DeyJpZCI6MTQzMDAsInVybCI6Imh0dHBzOlwvXC90dm92by5vcmdcL3BvcnRhbFwvd3AtY29udGVudFwvdXBsb2Fkc1wvMjAyNFwvMDlcL0ZvdG8tMy1Sb25hbGQtTWVuZGVzLndlYnAiLCJzbGlkZXNob3ciOiIwOTAyM2E0In0%3D\">\n\t\t\t\t\t<div class=\"e-gallery-image elementor-gallery-item__image\" data-thumbnail=\"https:\/\/tvovo.org\/portal\/wp-content\/uploads\/2024\/09\/Foto-3-Ronald-Mendes.webp\" data-width=\"800\" data-height=\"534\" aria-label=\"\" role=\"img\" ><\/div>\n\t\t\t\t\t\t\t\t\t\t\t<div class=\"elementor-gallery-item__overlay\"><\/div>\n\t\t\t\t\t\t\t\t\t\t\t\t\t\t<\/a>\n\t\t\t\t\t\t\t<a class=\"e-gallery-item elementor-gallery-item elementor-animated-content\" href=\"https:\/\/tvovo.org\/portal\/wp-content\/uploads\/2024\/09\/Foto-6-Ronald-Mendes.webp\" data-elementor-open-lightbox=\"yes\" data-elementor-lightbox-slideshow=\"09023a4\" data-elementor-lightbox-title=\"Foto 6 Ronald Mendes\" data-e-action-hash=\"#elementor-action%3Aaction%3Dlightbox%26settings%3DeyJpZCI6MTQzMDMsInVybCI6Imh0dHBzOlwvXC90dm92by5vcmdcL3BvcnRhbFwvd3AtY29udGVudFwvdXBsb2Fkc1wvMjAyNFwvMDlcL0ZvdG8tNi1Sb25hbGQtTWVuZGVzLndlYnAiLCJzbGlkZXNob3ciOiIwOTAyM2E0In0%3D\">\n\t\t\t\t\t<div class=\"e-gallery-image elementor-gallery-item__image\" data-thumbnail=\"https:\/\/tvovo.org\/portal\/wp-content\/uploads\/2024\/09\/Foto-6-Ronald-Mendes.webp\" data-width=\"800\" data-height=\"534\" aria-label=\"\" role=\"img\" ><\/div>\n\t\t\t\t\t\t\t\t\t\t\t<div class=\"elementor-gallery-item__overlay\"><\/div>\n\t\t\t\t\t\t\t\t\t\t\t\t\t\t<\/a>\n\t\t\t\t\t\t\t<a class=\"e-gallery-item elementor-gallery-item elementor-animated-content\" href=\"https:\/\/tvovo.org\/portal\/wp-content\/uploads\/2024\/09\/Foto-5-Ronald-Mendes.webp\" data-elementor-open-lightbox=\"yes\" data-elementor-lightbox-slideshow=\"09023a4\" data-elementor-lightbox-title=\"Foto 5 Ronald Mendes\" data-e-action-hash=\"#elementor-action%3Aaction%3Dlightbox%26settings%3DeyJpZCI6MTQzMDIsInVybCI6Imh0dHBzOlwvXC90dm92by5vcmdcL3BvcnRhbFwvd3AtY29udGVudFwvdXBsb2Fkc1wvMjAyNFwvMDlcL0ZvdG8tNS1Sb25hbGQtTWVuZGVzLndlYnAiLCJzbGlkZXNob3ciOiIwOTAyM2E0In0%3D\">\n\t\t\t\t\t<div class=\"e-gallery-image elementor-gallery-item__image\" data-thumbnail=\"https:\/\/tvovo.org\/portal\/wp-content\/uploads\/2024\/09\/Foto-5-Ronald-Mendes.webp\" data-width=\"800\" data-height=\"534\" aria-label=\"\" role=\"img\" ><\/div>\n\t\t\t\t\t\t\t\t\t\t\t<div class=\"elementor-gallery-item__overlay\"><\/div>\n\t\t\t\t\t\t\t\t\t\t\t\t\t\t<\/a>\n\t\t\t\t\t\t\t<a class=\"e-gallery-item elementor-gallery-item elementor-animated-content\" href=\"https:\/\/tvovo.org\/portal\/wp-content\/uploads\/2024\/09\/Foto-1-Ronald-Mendes.webp\" data-elementor-open-lightbox=\"yes\" data-elementor-lightbox-slideshow=\"09023a4\" data-elementor-lightbox-title=\"Foto 1 Ronald Mendes\" data-e-action-hash=\"#elementor-action%3Aaction%3Dlightbox%26settings%3DeyJpZCI6MTQyOTgsInVybCI6Imh0dHBzOlwvXC90dm92by5vcmdcL3BvcnRhbFwvd3AtY29udGVudFwvdXBsb2Fkc1wvMjAyNFwvMDlcL0ZvdG8tMS1Sb25hbGQtTWVuZGVzLndlYnAiLCJzbGlkZXNob3ciOiIwOTAyM2E0In0%3D\">\n\t\t\t\t\t<div class=\"e-gallery-image elementor-gallery-item__image\" data-thumbnail=\"https:\/\/tvovo.org\/portal\/wp-content\/uploads\/2024\/09\/Foto-1-Ronald-Mendes.webp\" data-width=\"800\" data-height=\"534\" aria-label=\"\" role=\"img\" ><\/div>\n\t\t\t\t\t\t\t\t\t\t\t<div class=\"elementor-gallery-item__overlay\"><\/div>\n\t\t\t\t\t\t\t\t\t\t\t\t\t\t<\/a>\n\t\t\t\t\t\t\t<a class=\"e-gallery-item elementor-gallery-item elementor-animated-content\" href=\"https:\/\/tvovo.org\/portal\/wp-content\/uploads\/2024\/09\/Foto-4-Ronald-Mendes.webp\" data-elementor-open-lightbox=\"yes\" data-elementor-lightbox-slideshow=\"09023a4\" data-elementor-lightbox-title=\"Foto 4 Ronald Mendes\" data-e-action-hash=\"#elementor-action%3Aaction%3Dlightbox%26settings%3DeyJpZCI6MTQzMDEsInVybCI6Imh0dHBzOlwvXC90dm92by5vcmdcL3BvcnRhbFwvd3AtY29udGVudFwvdXBsb2Fkc1wvMjAyNFwvMDlcL0ZvdG8tNC1Sb25hbGQtTWVuZGVzLndlYnAiLCJzbGlkZXNob3ciOiIwOTAyM2E0In0%3D\">\n\t\t\t\t\t<div class=\"e-gallery-image elementor-gallery-item__image\" data-thumbnail=\"https:\/\/tvovo.org\/portal\/wp-content\/uploads\/2024\/09\/Foto-4-Ronald-Mendes.webp\" data-width=\"800\" data-height=\"534\" aria-label=\"\" role=\"img\" ><\/div>\n\t\t\t\t\t\t\t\t\t\t\t<div class=\"elementor-gallery-item__overlay\"><\/div>\n\t\t\t\t\t\t\t\t\t\t\t\t\t\t<\/a>\n\t\t\t\t\t<\/div>\n\t\t\t\t\t<\/div>\n\t\t\t\t<\/div>\n\t\t\t\t<\/div>\n\t\t\t\t\t<\/div>\n\t\t\t\t<\/div>\n\t\t\t\t<\/div>\n\t\t","protected":false},"excerpt":{"rendered":"<p>Na ter\u00e7a-feira (3), a vida do poeta e escritor Felippe D\u2019Oliveira esteve em evid\u00eancia na 51\u00aa Feira do Livro. A TV OVO exibiu o curta-metragem \u201cCartas de Felippe\u201d, no Theatro Treze de Maio. O filme aborda o entrecruzamento da arte com a pol\u00edtica na vida do poeta.<\/p>\n","protected":false},"author":26,"featured_media":14310,"comment_status":"open","ping_status":"open","sticky":false,"template":"","format":"standard","meta":{"footnotes":""},"categories":[22],"tags":[114,1348,84,273,681,1077,1351,1350,417,159,136],"class_list":["post-14284","post","type-post","status-publish","format-standard","has-post-thumbnail","hentry","category-noticias","tag-audiovisual","tag-cartas-de-felippe","tag-cultura","tag-documentario","tag-exibicao","tag-feira-do-livro","tag-felippe","tag-felippe-doliveira","tag-marcos-borba","tag-santa-maria","tag-tv-ovo"],"_links":{"self":[{"href":"https:\/\/tvovo.org\/portal\/wp-json\/wp\/v2\/posts\/14284","targetHints":{"allow":["GET"]}}],"collection":[{"href":"https:\/\/tvovo.org\/portal\/wp-json\/wp\/v2\/posts"}],"about":[{"href":"https:\/\/tvovo.org\/portal\/wp-json\/wp\/v2\/types\/post"}],"author":[{"embeddable":true,"href":"https:\/\/tvovo.org\/portal\/wp-json\/wp\/v2\/users\/26"}],"replies":[{"embeddable":true,"href":"https:\/\/tvovo.org\/portal\/wp-json\/wp\/v2\/comments?post=14284"}],"version-history":[{"count":0,"href":"https:\/\/tvovo.org\/portal\/wp-json\/wp\/v2\/posts\/14284\/revisions"}],"wp:featuredmedia":[{"embeddable":true,"href":"https:\/\/tvovo.org\/portal\/wp-json\/wp\/v2\/media\/14310"}],"wp:attachment":[{"href":"https:\/\/tvovo.org\/portal\/wp-json\/wp\/v2\/media?parent=14284"}],"wp:term":[{"taxonomy":"category","embeddable":true,"href":"https:\/\/tvovo.org\/portal\/wp-json\/wp\/v2\/categories?post=14284"},{"taxonomy":"post_tag","embeddable":true,"href":"https:\/\/tvovo.org\/portal\/wp-json\/wp\/v2\/tags?post=14284"}],"curies":[{"name":"wp","href":"https:\/\/api.w.org\/{rel}","templated":true}]}}