{"id":14195,"date":"2024-07-29T16:49:37","date_gmt":"2024-07-29T19:49:37","guid":{"rendered":"https:\/\/tvovo.org\/portal\/?p=14195"},"modified":"2024-07-29T16:49:40","modified_gmt":"2024-07-29T19:49:40","slug":"jovens-da-zona-oeste-produzem-documentarios-em-oficina-da-tv-ovo","status":"publish","type":"post","link":"https:\/\/tvovo.org\/portal\/jovens-da-zona-oeste-produzem-documentarios-em-oficina-da-tv-ovo\/","title":{"rendered":"Jovens da Zona Oeste produzem document\u00e1rios em oficina da TV OVO"},"content":{"rendered":"\t\t<div data-elementor-type=\"wp-post\" data-elementor-id=\"14195\" class=\"elementor elementor-14195\" data-elementor-post-type=\"post\">\n\t\t\t\t<div class=\"elementor-element elementor-element-6bb25a8 e-flex e-con-boxed e-con e-parent\" data-id=\"6bb25a8\" data-element_type=\"container\" data-e-type=\"container\">\n\t\t\t\t\t<div class=\"e-con-inner\">\n\t\t\t\t<div class=\"elementor-element elementor-element-5baf08d elementor-widget elementor-widget-image\" data-id=\"5baf08d\" data-element_type=\"widget\" data-e-type=\"widget\" data-widget_type=\"image.default\">\n\t\t\t\t<div class=\"elementor-widget-container\">\n\t\t\t\t\t\t\t\t\t\t\t\t<figure class=\"wp-caption\">\n\t\t\t\t\t\t\t\t\t\t<img fetchpriority=\"high\" decoding=\"async\" width=\"800\" height=\"450\" src=\"https:\/\/tvovo.org\/portal\/wp-content\/uploads\/2024\/07\/MOF-Grupo-01-6-1.jpg\" class=\"attachment-large size-large wp-image-14205\" alt=\"\" srcset=\"https:\/\/tvovo.org\/portal\/wp-content\/uploads\/2024\/07\/MOF-Grupo-01-6-1.jpg 1000w, https:\/\/tvovo.org\/portal\/wp-content\/uploads\/2024\/07\/MOF-Grupo-01-6-1-300x169.jpg 300w, https:\/\/tvovo.org\/portal\/wp-content\/uploads\/2024\/07\/MOF-Grupo-01-6-1-768x432.jpg 768w\" sizes=\"(max-width: 800px) 100vw, 800px\" \/>\t\t\t\t\t\t\t\t\t\t\t<figcaption class=\"widget-image-caption wp-caption-text\">Jovens e adolescentes da periferia gravam curtas com temas da sua realidade \/ Foto: Alan Orlando<\/figcaption>\n\t\t\t\t\t\t\t\t\t\t<\/figure>\n\t\t\t\t\t\t\t\t\t<\/div>\n\t\t\t\t<\/div>\n\t\t\t\t\t<\/div>\n\t\t\t\t<\/div>\n\t\t<div class=\"elementor-element elementor-element-4fa8309 e-flex e-con-boxed e-con e-parent\" data-id=\"4fa8309\" data-element_type=\"container\" data-e-type=\"container\">\n\t\t\t\t\t<div class=\"e-con-inner\">\n\t\t\t\t<div class=\"elementor-element elementor-element-46a8be8 elementor-widget elementor-widget-text-editor\" data-id=\"46a8be8\" data-element_type=\"widget\" data-e-type=\"widget\" data-widget_type=\"text-editor.default\">\n\t\t\t\t<div class=\"elementor-widget-container\">\n\t\t\t\t\t\t\t\t\t<p><span style=\"font-weight: 400\">A oficina de audiovisual do N\u00facleo Cultura, Arte e Cidadania (<\/span><b>NUCAC<\/b><span style=\"font-weight: 400\">), promovida pela <\/span><b>TV OVO<\/b><span style=\"font-weight: 400\">, com apoio do Gri\u00f4 Ateli\u00ea, est\u00e1 chegando ao fim. No total, 20 pessoas participaram do curso, o p\u00fablico-alvo da iniciativa foram jovens entre 15 e 25 anos, moradores da Vila Resist\u00eancia, Cipriano da Rocha e Tancredo Neves. O resultado final \u00e9 o lan\u00e7amento de dois document\u00e1rios que foram produzidos pela turma: <a href=\"https:\/\/www.instagram.com\/p\/C9N5xjoSszk\/?utm_source=ig_web_copy_link&amp;igsh=MzRlODBiNWFlZA==\" target=\"_blank\" rel=\"noopener\"><em><strong>O <\/strong><\/em><strong>preto que n\u00e3o est\u00e1 na pele<\/strong><\/a> e <strong><a href=\"https:\/\/www.instagram.com\/p\/C9x1zZjyN-k\/?utm_source=ig_web_copy_link&amp;igsh=MzRlODBiNWFlZA==\" target=\"_blank\" rel=\"noopener\">O que n\u00e3o \u00e9 visto<\/a><em>.<\/em><\/strong> A escolha dos temas, roteiro, capta\u00e7\u00e3o das imagens, \u00e1udios e edi\u00e7\u00e3o do material foi feita pelos jovens, que criaram curtas-metragem que abordam quest\u00f5es do entorno em que vivem.\u00a0<\/span><\/p><p><span style=\"font-weight: 400\">O curso, realizado entre os meses de maio e julho, com dois encontros semanais, no Centro Comunit\u00e1rio da Cipriano da Rocha, contou com aulas te\u00f3ricas e pr\u00e1ticas coordenadas pelos oficineiros Neli Mombelli, Alexsandro Pedrollo, Alan Orlando, Evandro Depiante e Gelton Quadros. Durante os tr\u00eas meses, os participantes aprenderam sobre linguagem audiovisual, cria\u00e7\u00e3o de argumento, roteiro, document\u00e1rio, dire\u00e7\u00e3o, dire\u00e7\u00e3o de fotografia, narrativa sonora, capta\u00e7\u00e3o de imagem, edi\u00e7\u00e3o, decupagem e montagem.<\/span><\/p><p><span style=\"font-weight: 400\">O document\u00e1rio <\/span><b>O preto que n\u00e3o est\u00e1 na pele<\/b><span style=\"font-weight: 400\">, idealizado e dirigido por um dos grupos da turma, busca retratar o preconceito sofrido por culturas de origem preta, independentemente da etnia de seus praticantes. O filme d\u00e1 \u00eanfase \u00e0s religi\u00f5es de matriz africana, como a Umbanda e a Quimbanda, e ao Hip Hop, com foco no Rap e nas batalhas de rima que promovem a cultura das ruas, mas que costumam ser marginalizadas por parte da sociedade.<\/span><\/p>\t\t\t\t\t\t\t\t<\/div>\n\t\t\t\t<\/div>\n\t\t\t\t<div class=\"elementor-element elementor-element-a3d22d4 elementor-widget elementor-widget-image\" data-id=\"a3d22d4\" data-element_type=\"widget\" data-e-type=\"widget\" data-widget_type=\"image.default\">\n\t\t\t\t<div class=\"elementor-widget-container\">\n\t\t\t\t\t\t\t\t\t\t\t\t<figure class=\"wp-caption\">\n\t\t\t\t\t\t\t\t\t\t<img decoding=\"async\" width=\"800\" height=\"450\" src=\"https:\/\/tvovo.org\/portal\/wp-content\/uploads\/2024\/07\/MOF-Grupo-01-4.jpg\" class=\"attachment-large size-large wp-image-14198\" alt=\"\" srcset=\"https:\/\/tvovo.org\/portal\/wp-content\/uploads\/2024\/07\/MOF-Grupo-01-4.jpg 1000w, https:\/\/tvovo.org\/portal\/wp-content\/uploads\/2024\/07\/MOF-Grupo-01-4-300x169.jpg 300w, https:\/\/tvovo.org\/portal\/wp-content\/uploads\/2024\/07\/MOF-Grupo-01-4-768x432.jpg 768w\" sizes=\"(max-width: 800px) 100vw, 800px\" \/>\t\t\t\t\t\t\t\t\t\t\t<figcaption class=\"widget-image-caption wp-caption-text\">O grupo gravou em um terreiro para abordar o tema preconceito \/ Foto: Alan Orlando<\/figcaption>\n\t\t\t\t\t\t\t\t\t\t<\/figure>\n\t\t\t\t\t\t\t\t\t<\/div>\n\t\t\t\t<\/div>\n\t\t\t\t\t<\/div>\n\t\t\t\t<\/div>\n\t\t<div class=\"elementor-element elementor-element-13731f7 e-flex e-con-boxed e-con e-parent\" data-id=\"13731f7\" data-element_type=\"container\" data-e-type=\"container\">\n\t\t\t\t\t<div class=\"e-con-inner\">\n\t\t\t\t<div class=\"elementor-element elementor-element-7618429 elementor-widget elementor-widget-text-editor\" data-id=\"7618429\" data-element_type=\"widget\" data-e-type=\"widget\" data-widget_type=\"text-editor.default\">\n\t\t\t\t<div class=\"elementor-widget-container\">\n\t\t\t\t\t\t\t\t\t<p><span style=\"font-weight: 400\">A equipe do filme <\/span><b>O preto que n\u00e3o est\u00e1 na pele <\/b><span style=\"font-weight: 400\">\u00e9 composta por Jo\u00e3o Batista (JB), Pamela Vitoria Brand\u00e3o, Roberty Revelante, Isabela Monteiro, Gabriel Dias e Rafaela Revelante. Um dos diretores do curta, Jo\u00e3o Batista, de 25 anos, conta que a tem\u00e1tica surgiu da uni\u00e3o de ideias do grupo.\u00a0<\/span><\/p><p><b>\u201c<\/b><span style=\"font-weight: 400\">Cada membro tinha interesse em falar sobre um assunto, eu queria falar sobre batalhas de rimas, outros sobre discrimina\u00e7\u00e3o racial e religi\u00e3o. Refletimos e vimos que tudo isso tinha algo em comum, s\u00e3o culturas que acabam sofrendo preconceito por serem de origem negra\u201d, relata.\u00a0<\/span><\/p><p><span style=\"font-weight: 400\">O filme conta com tr\u00eas entrevistados que falam sobre preconceitos vivenciados. JB \u00e9 respons\u00e1vel por guiar a narrativa e entrevistar os personagens e comenta que a experi\u00eancia de gravar um document\u00e1rio foi muito positiva.\u00a0<\/span><\/p><p><span style=\"font-weight: 400\">\u201cEra algo que eu n\u00e3o pensava em fazer antes da oficina. Foi muito legal colocar em pr\u00e1tica tudo o que aprendemos e, al\u00e9m da capta\u00e7\u00e3o de imagens, a parte da edi\u00e7\u00e3o foi um novo desafio. Fiquei bem ansioso com a edi\u00e7\u00e3o, pois foi gravado muito material e tivemos que selecionar o que entraria na montagem para ser um produto final interessante para quem assistir. \u00c9 muito bom ver o processo de produ\u00e7\u00e3o desde a ideia, cria\u00e7\u00e3o do roteiro e som\u201d, salienta.<\/span><\/p><p><span style=\"font-weight: 400\">O outro document\u00e1rio produzido, nomeado como <\/span><b>O que n\u00e3o \u00e9 visto,<\/b><span style=\"font-weight: 400\"> fala sobre a vida de duas irm\u00e3s com defici\u00eancia visual, que s\u00e3o participantes da oficina e moradoras da Vila Resist\u00eancia. No curta, a jornalista D\u00e9bora Flores vai at\u00e9 a casa das irm\u00e3s para conhecer Larissa. A menina havia enviado uma cartinha de natal desejando ganhar de presente algo da Argentina, que \u00e9 sua grande paix\u00e3o. D\u00e9bora foi quem recebeu a carta e al\u00e9m de dar o presente tamb\u00e9m enviou fotos de <\/span><span style=\"font-weight: 400\">Buenos Aires<\/span><span style=\"font-weight: 400\">, mas depois descobriu que as meninas n\u00e3o enxergavam.\u00a0<\/span><\/p>\t\t\t\t\t\t\t\t<\/div>\n\t\t\t\t<\/div>\n\t\t\t\t<div class=\"elementor-element elementor-element-b4cd21d elementor-widget elementor-widget-image\" data-id=\"b4cd21d\" data-element_type=\"widget\" data-e-type=\"widget\" data-widget_type=\"image.default\">\n\t\t\t\t<div class=\"elementor-widget-container\">\n\t\t\t\t\t\t\t\t\t\t\t\t<figure class=\"wp-caption\">\n\t\t\t\t\t\t\t\t\t\t<img decoding=\"async\" width=\"800\" height=\"450\" src=\"https:\/\/tvovo.org\/portal\/wp-content\/uploads\/2024\/07\/MOF-Grupo-02-6.jpg\" class=\"attachment-large size-large wp-image-14199\" alt=\"\" srcset=\"https:\/\/tvovo.org\/portal\/wp-content\/uploads\/2024\/07\/MOF-Grupo-02-6.jpg 1000w, https:\/\/tvovo.org\/portal\/wp-content\/uploads\/2024\/07\/MOF-Grupo-02-6-300x169.jpg 300w, https:\/\/tvovo.org\/portal\/wp-content\/uploads\/2024\/07\/MOF-Grupo-02-6-768x432.jpg 768w\" sizes=\"(max-width: 800px) 100vw, 800px\" \/>\t\t\t\t\t\t\t\t\t\t\t<figcaption class=\"widget-image-caption wp-caption-text\">A jornalista D\u00e9bora Flores \u00e9 personagem junto das irm\u00e3s \/ Foto: Heloisa Helena Canabarro<\/figcaption>\n\t\t\t\t\t\t\t\t\t\t<\/figure>\n\t\t\t\t\t\t\t\t\t<\/div>\n\t\t\t\t<\/div>\n\t\t<div class=\"elementor-element elementor-element-847e3c0 e-flex e-con-boxed e-con e-child\" data-id=\"847e3c0\" data-element_type=\"container\" data-e-type=\"container\">\n\t\t\t\t\t<div class=\"e-con-inner\">\n\t\t\t\t<div class=\"elementor-element elementor-element-80b41a6 elementor-widget elementor-widget-text-editor\" data-id=\"80b41a6\" data-element_type=\"widget\" data-e-type=\"widget\" data-widget_type=\"text-editor.default\">\n\t\t\t\t<div class=\"elementor-widget-container\">\n\t\t\t\t\t\t\t\t\t<p><span style=\"font-weight: 400\">A equipe que produziu o curta \u00e9 composta por Larissa de Andrade, Raissa de Andrade, Isadora da Rosa, Fernanda do Prado, J\u00falia da Silva, Rosa Santos e Lucas Machado. Isadora da Rosa, de 22 anos, auxiliou em todo o processo, desde o roteiro at\u00e9 a edi\u00e7\u00e3o, e explica como surgiu a ideia do tema:<\/span><\/p><p><span style=\"font-weight: 400\">\u201cFoi no meio de uma conversa quando Larissa e Ra\u00edssa come\u00e7aram a nos contar suas hist\u00f3rias. A experi\u00eancia de participar da produ\u00e7\u00e3o de um filme foi algo muito interessante e satisfat\u00f3rio de fazer parte, poder aprender mais e ainda contar a hist\u00f3ria das meninas\u201d, relata.\u00a0<\/span><\/p>\t\t\t\t\t\t\t\t<\/div>\n\t\t\t\t<\/div>\n\t\t\t\t<div class=\"elementor-element elementor-element-6a382aa elementor-widget elementor-widget-image\" data-id=\"6a382aa\" data-element_type=\"widget\" data-e-type=\"widget\" data-widget_type=\"image.default\">\n\t\t\t\t<div class=\"elementor-widget-container\">\n\t\t\t\t\t\t\t\t\t\t\t\t<figure class=\"wp-caption\">\n\t\t\t\t\t\t\t\t\t\t<img loading=\"lazy\" decoding=\"async\" width=\"800\" height=\"450\" src=\"https:\/\/tvovo.org\/portal\/wp-content\/uploads\/2024\/07\/P1850815-1.png\" class=\"attachment-large size-large wp-image-14200\" alt=\"\" srcset=\"https:\/\/tvovo.org\/portal\/wp-content\/uploads\/2024\/07\/P1850815-1.png 1000w, https:\/\/tvovo.org\/portal\/wp-content\/uploads\/2024\/07\/P1850815-1-300x169.png 300w, https:\/\/tvovo.org\/portal\/wp-content\/uploads\/2024\/07\/P1850815-1-768x432.png 768w\" sizes=\"(max-width: 800px) 100vw, 800px\" \/>\t\t\t\t\t\t\t\t\t\t\t<figcaption class=\"widget-image-caption wp-caption-text\">Grupo gravou o document\u00e1rio na Ocupa\u00e7\u00e3o Vila Resist\u00eancia, situada no bairro Pinheiro Machado \/ Foto: Heloisa Helena Canabarro<\/figcaption>\n\t\t\t\t\t\t\t\t\t\t<\/figure>\n\t\t\t\t\t\t\t\t\t<\/div>\n\t\t\t\t<\/div>\n\t\t\t\t\t<\/div>\n\t\t\t\t<\/div>\n\t\t<div class=\"elementor-element elementor-element-dcd7f82 e-flex e-con-boxed e-con e-child\" data-id=\"dcd7f82\" data-element_type=\"container\" data-e-type=\"container\">\n\t\t\t\t\t<div class=\"e-con-inner\">\n\t\t\t\t<div class=\"elementor-element elementor-element-0870207 elementor-widget elementor-widget-text-editor\" data-id=\"0870207\" data-element_type=\"widget\" data-e-type=\"widget\" data-widget_type=\"text-editor.default\">\n\t\t\t\t<div class=\"elementor-widget-container\">\n\t\t\t\t\t\t\t\t\t<p><span style=\"font-weight: 400\">Agora, os jovens focam na finaliza\u00e7\u00e3o do audiovisual com a orienta\u00e7\u00e3o dos oficineiros e est\u00e3o no processo de edi\u00e7\u00e3o e montagem do material. Em breve, ser\u00e1 divulgado a data e local da exibi\u00e7\u00e3o de <\/span><b>O preto que n\u00e3o est\u00e1 na pele<\/b><span style=\"font-weight: 400\"> e <\/span><b>O que n\u00e3o \u00e9 visto<\/b><span style=\"font-weight: 400\">.\u00a0<\/span><\/p>\t\t\t\t\t\t\t\t<\/div>\n\t\t\t\t<\/div>\n\t\t\t\t\t<\/div>\n\t\t\t\t<\/div>\n\t\t\t\t\t<\/div>\n\t\t\t\t<\/div>\n\t\t<div class=\"elementor-element elementor-element-82f7c85 e-flex e-con-boxed e-con e-parent\" data-id=\"82f7c85\" data-element_type=\"container\" data-e-type=\"container\">\n\t\t\t\t\t<div class=\"e-con-inner\">\n\t\t\t\t<div class=\"elementor-element elementor-element-b091c50 elementor-widget elementor-widget-heading\" data-id=\"b091c50\" data-element_type=\"widget\" data-e-type=\"widget\" data-widget_type=\"heading.default\">\n\t\t\t\t<div class=\"elementor-widget-container\">\n\t\t\t\t\t<h2 class=\"elementor-heading-title elementor-size-default\">A experi\u00eancia da oficina NUCAC e o novo olhar para o audiovisual <\/h2>\t\t\t\t<\/div>\n\t\t\t\t<\/div>\n\t\t\t\t\t<\/div>\n\t\t\t\t<\/div>\n\t\t<div class=\"elementor-element elementor-element-f259154 e-flex e-con-boxed e-con e-parent\" data-id=\"f259154\" data-element_type=\"container\" data-e-type=\"container\">\n\t\t\t\t\t<div class=\"e-con-inner\">\n\t\t\t\t<div class=\"elementor-element elementor-element-9a41ec6 elementor-widget elementor-widget-image\" data-id=\"9a41ec6\" data-element_type=\"widget\" data-e-type=\"widget\" data-widget_type=\"image.default\">\n\t\t\t\t<div class=\"elementor-widget-container\">\n\t\t\t\t\t\t\t\t\t\t\t\t<figure class=\"wp-caption\">\n\t\t\t\t\t\t\t\t\t\t<img loading=\"lazy\" decoding=\"async\" width=\"800\" height=\"450\" src=\"https:\/\/tvovo.org\/portal\/wp-content\/uploads\/2024\/07\/AAAAAAA-1.png\" class=\"attachment-large size-large wp-image-14201\" alt=\"\" srcset=\"https:\/\/tvovo.org\/portal\/wp-content\/uploads\/2024\/07\/AAAAAAA-1.png 1000w, https:\/\/tvovo.org\/portal\/wp-content\/uploads\/2024\/07\/AAAAAAA-1-300x169.png 300w, https:\/\/tvovo.org\/portal\/wp-content\/uploads\/2024\/07\/AAAAAAA-1-768x432.png 768w\" sizes=\"(max-width: 800px) 100vw, 800px\" \/>\t\t\t\t\t\t\t\t\t\t\t<figcaption class=\"widget-image-caption wp-caption-text\">Registro da primeira aula do curso \/ Foto: Heloisa Helena Canabarro\n<\/figcaption>\n\t\t\t\t\t\t\t\t\t\t<\/figure>\n\t\t\t\t\t\t\t\t\t<\/div>\n\t\t\t\t<\/div>\n\t\t<div class=\"elementor-element elementor-element-441bb23 e-flex e-con-boxed e-con e-child\" data-id=\"441bb23\" data-element_type=\"container\" data-e-type=\"container\">\n\t\t\t\t\t<div class=\"e-con-inner\">\n\t\t\t\t<div class=\"elementor-element elementor-element-23719d6 elementor-widget elementor-widget-text-editor\" data-id=\"23719d6\" data-element_type=\"widget\" data-e-type=\"widget\" data-widget_type=\"text-editor.default\">\n\t\t\t\t<div class=\"elementor-widget-container\">\n\t\t\t\t\t\t\t\t\t<p><span style=\"font-weight: 400\">Os jovens tiveram a oportunidade de compreender melhor e experimentar na pr\u00e1tica a produ\u00e7\u00e3o audiovisual, entenderam como \u00e9 estar por tr\u00e1s das c\u00e2meras e todo o processo de cria\u00e7\u00e3o de um document\u00e1rio. Um dos objetivos do curso \u00e9 criar um ambiente prop\u00edcio para mudan\u00e7as. Por meio desta capacita\u00e7\u00e3o, \u00e9 poss\u00edvel que surjam novas oportunidades a esses jovens e posteriormente o audiovisual pode ser o caminho para uma profiss\u00e3o ou oportunidade de emprego.\u00a0<\/span><\/p><p><span style=\"font-weight: 400\">Jo\u00e3o Batista destaca que gostou muito do curso, tanto da parte te\u00f3rica quanto pr\u00e1tica, ele leva para vida os conhecimentos adquiridos na oficina e acredita que tamb\u00e9m \u00e9 uma boa oportunidade de forma\u00e7\u00e3o.\u00a0<\/span><\/p><p><span style=\"font-weight: 400\">\u201cAchei o curso muito massa, uma coisa que achei legal foi ter v\u00e1rios instrutores da TV OVO e cada um deles ter uma \u00e1rea de conhecimento diferente, isso nos ajuda a enxergar que podemos nos colocar em diferentes pap\u00e9is dentro da produ\u00e7\u00e3o audiovisual e nos incentiva a seguir esse caminho. O curso foi muito importante para motivar as pessoas, no meu grupo tinham adolescentes que est\u00e3o no ensino m\u00e9dio e a oficina possibilita uma nova oportunidade para trabalhar no futuro, quem sabe\u201d, avalia Jo\u00e3o.<\/span><\/p>\t\t\t\t\t\t\t\t<\/div>\n\t\t\t\t<\/div>\n\t\t\t\t\t<\/div>\n\t\t\t\t<\/div>\n\t\t\t\t<div class=\"elementor-element elementor-element-0678af9 elementor-widget elementor-widget-image\" data-id=\"0678af9\" data-element_type=\"widget\" data-e-type=\"widget\" data-widget_type=\"image.default\">\n\t\t\t\t<div class=\"elementor-widget-container\">\n\t\t\t\t\t\t\t\t\t\t\t\t<figure class=\"wp-caption\">\n\t\t\t\t\t\t\t\t\t\t<img loading=\"lazy\" decoding=\"async\" width=\"800\" height=\"600\" src=\"https:\/\/tvovo.org\/portal\/wp-content\/uploads\/2024\/06\/Release-NUCAC_TV-OVO-2-1-1024x768.jpg\" class=\"attachment-large size-large wp-image-14178\" alt=\"\" srcset=\"https:\/\/tvovo.org\/portal\/wp-content\/uploads\/2024\/06\/Release-NUCAC_TV-OVO-2-1-1024x768.jpg 1024w, https:\/\/tvovo.org\/portal\/wp-content\/uploads\/2024\/06\/Release-NUCAC_TV-OVO-2-1-300x225.jpg 300w, https:\/\/tvovo.org\/portal\/wp-content\/uploads\/2024\/06\/Release-NUCAC_TV-OVO-2-1-768x576.jpg 768w, https:\/\/tvovo.org\/portal\/wp-content\/uploads\/2024\/06\/Release-NUCAC_TV-OVO-2-1-1536x1152.jpg 1536w, https:\/\/tvovo.org\/portal\/wp-content\/uploads\/2024\/06\/Release-NUCAC_TV-OVO-2-1.jpg 1600w\" sizes=\"(max-width: 800px) 100vw, 800px\" \/>\t\t\t\t\t\t\t\t\t\t\t<figcaption class=\"widget-image-caption wp-caption-text\">Os participantes do curso se envolveram em todas as etapas da produ\u00e7\u00e3o, desde operar a c\u00e2mera at\u00e9 a edi\u00e7\u00e3o \/ Foto: Alan Orlando\n<\/figcaption>\n\t\t\t\t\t\t\t\t\t\t<\/figure>\n\t\t\t\t\t\t\t\t\t<\/div>\n\t\t\t\t<\/div>\n\t\t<div class=\"elementor-element elementor-element-421045d e-flex e-con-boxed e-con e-child\" data-id=\"421045d\" data-element_type=\"container\" data-e-type=\"container\">\n\t\t\t\t\t<div class=\"e-con-inner\">\n\t\t\t\t<div class=\"elementor-element elementor-element-42dce4e elementor-widget elementor-widget-text-editor\" data-id=\"42dce4e\" data-element_type=\"widget\" data-e-type=\"widget\" data-widget_type=\"text-editor.default\">\n\t\t\t\t<div class=\"elementor-widget-container\">\n\t\t\t\t\t\t\t\t\t<p><span style=\"font-weight: 400\">Na reta final, ap\u00f3s meses de aulas te\u00f3ricas e pr\u00e1ticas, os estudantes ir\u00e3o finalizar a oficina com novos conhecimentos e um novo olhar para o mundo \u00e0 sua volta. Isadora da Rosa, salienta que a experi\u00eancia foi \u00f3tima.<\/span><\/p><p><span style=\"font-weight: 400\">\u201cFoi incr\u00edvel, com profissionais excelentes e que est\u00e3o sempre dispostos a nos ensinar e tirar d\u00favidas. Soube sobre o curso atrav\u00e9s do meu padrasto, que viu sobre a oficina e sabendo que gosto dessa \u00e1rea me incentivou a fazer. Termino a oficina admirando e gostando ainda mais do mundo do audiovisual\u201d, relata.<\/span><\/p><p><span style=\"font-weight: 400\">O N\u00facleo Cultura, Arte e Cidadania (<\/span><b>NUCAC<\/b><span style=\"font-weight: 400\">) pretende utilizar o audiovisual e a arte para promover forma\u00e7\u00e3o para os jovens, al\u00e9m da valoriza\u00e7\u00e3o da identidade e da forma\u00e7\u00e3o cidad\u00e3 com base no sentimento de pertencimento. O projeto tamb\u00e9m est\u00e1 promovendo outras tr\u00eas oficinas, para jovens e adolescentes da zona oeste, relacionadas \u00e0 arte, s\u00e3o elas: <a href=\"https:\/\/tvovo.org\/portal\/tv-ovo-esta-com-inscricoes-abertas-par-oficinas-de-pintura-e-colagem-teatro-e-malabares\/\">Pintura e Colagem Criativa, Malabares e Teatro<\/a>. O NUCAC foi contemplado no edital do <strong>Programa Nacional de Seguran\u00e7a P\u00fablica com Cidadania \u2014 PRONASCI 2<\/strong>, do Minist\u00e9rio da Justi\u00e7a e Seguran\u00e7a P\u00fablica, e tem financiamento do <strong>Fundo de Defesa de Direitos Difusos.\u00a0<\/strong><\/span><\/p>\t\t\t\t\t\t\t\t<\/div>\n\t\t\t\t<\/div>\n\t\t\t\t\t<\/div>\n\t\t\t\t<\/div>\n\t\t\t\t\t<\/div>\n\t\t\t\t<\/div>\n\t\t\t\t<\/div>\n\t\t","protected":false},"excerpt":{"rendered":"<p>O resultado final da oficina NUCAC \u00e9 o lan\u00e7amento de dois document\u00e1rios que foram produzidos pela turma: O preto que n\u00e3o est\u00e1 na pele e O que n\u00e3o \u00e9 visto. <\/p>\n","protected":false},"author":26,"featured_media":14203,"comment_status":"open","ping_status":"open","sticky":false,"template":"","format":"standard","meta":{"footnotes":""},"categories":[22,18],"tags":[84,273,1340,180,159,136,1341,1342],"class_list":["post-14195","post","type-post","status-publish","format-standard","has-post-thumbnail","hentry","category-noticias","category-projetos-e-acoes","tag-cultura","tag-documentario","tag-nucac","tag-oficina","tag-santa-maria","tag-tv-ovo","tag-vila-resistencia","tag-zona-oeste"],"_links":{"self":[{"href":"https:\/\/tvovo.org\/portal\/wp-json\/wp\/v2\/posts\/14195","targetHints":{"allow":["GET"]}}],"collection":[{"href":"https:\/\/tvovo.org\/portal\/wp-json\/wp\/v2\/posts"}],"about":[{"href":"https:\/\/tvovo.org\/portal\/wp-json\/wp\/v2\/types\/post"}],"author":[{"embeddable":true,"href":"https:\/\/tvovo.org\/portal\/wp-json\/wp\/v2\/users\/26"}],"replies":[{"embeddable":true,"href":"https:\/\/tvovo.org\/portal\/wp-json\/wp\/v2\/comments?post=14195"}],"version-history":[{"count":0,"href":"https:\/\/tvovo.org\/portal\/wp-json\/wp\/v2\/posts\/14195\/revisions"}],"wp:featuredmedia":[{"embeddable":true,"href":"https:\/\/tvovo.org\/portal\/wp-json\/wp\/v2\/media\/14203"}],"wp:attachment":[{"href":"https:\/\/tvovo.org\/portal\/wp-json\/wp\/v2\/media?parent=14195"}],"wp:term":[{"taxonomy":"category","embeddable":true,"href":"https:\/\/tvovo.org\/portal\/wp-json\/wp\/v2\/categories?post=14195"},{"taxonomy":"post_tag","embeddable":true,"href":"https:\/\/tvovo.org\/portal\/wp-json\/wp\/v2\/tags?post=14195"}],"curies":[{"name":"wp","href":"https:\/\/api.w.org\/{rel}","templated":true}]}}