{"id":13707,"date":"2023-01-18T15:12:36","date_gmt":"2023-01-18T18:12:36","guid":{"rendered":"https:\/\/tvovo.org\/portal\/?p=13707"},"modified":"2023-01-19T14:23:58","modified_gmt":"2023-01-19T17:23:58","slug":"serie-doculmental-sobre-a-tragedia-da-kiss-sera-lancada-no-theatro-treze-de-maio-e-no-globoplay","status":"publish","type":"post","link":"https:\/\/tvovo.org\/portal\/serie-doculmental-sobre-a-tragedia-da-kiss-sera-lancada-no-theatro-treze-de-maio-e-no-globoplay\/","title":{"rendered":"S\u00e9rie documental sobre a trag\u00e9dia da Kiss ser\u00e1 lan\u00e7ada no Theatro Treze de Maio e no Globoplay"},"content":{"rendered":"\t\t<div data-elementor-type=\"wp-post\" data-elementor-id=\"13707\" class=\"elementor elementor-13707\" data-elementor-post-type=\"post\">\n\t\t\t\t\t\t<section class=\"elementor-section elementor-top-section elementor-element elementor-element-2e48e90 elementor-section-boxed elementor-section-height-default elementor-section-height-default\" data-id=\"2e48e90\" data-element_type=\"section\" data-e-type=\"section\">\n\t\t\t\t\t\t<div class=\"elementor-container elementor-column-gap-default\">\n\t\t\t\t\t<div class=\"elementor-column elementor-col-100 elementor-top-column elementor-element elementor-element-ccf8586\" data-id=\"ccf8586\" data-element_type=\"column\" data-e-type=\"column\">\n\t\t\t<div class=\"elementor-widget-wrap elementor-element-populated\">\n\t\t\t\t\t\t<div class=\"elementor-element elementor-element-0cb0b31 elementor-widget elementor-widget-text-editor\" data-id=\"0cb0b31\" data-element_type=\"widget\" data-e-type=\"widget\" data-widget_type=\"text-editor.default\">\n\t\t\t\t<div class=\"elementor-widget-container\">\n\t\t\t\t\t\t\t\t\t<p>Na v\u00e9spera de completar 10 anos do inc\u00eandio que abalou para sempre o cora\u00e7\u00e3o do Rio Grande do Sul, ser\u00e1 lan\u00e7ado, no Theatro Treze de Maio, em Santa Maria, o primeiro epis\u00f3dio da s\u00e9rie documental Boate Kiss: A Trag\u00e9dia de Santa Maria. A exibi\u00e7\u00e3o ser\u00e1 \u00e0s 21 horas do dia 26 de janeiro, quarta-feira, e faz parte da programa\u00e7\u00e3o da <a href=\"https:\/\/drive.google.com\/file\/d\/1pXJr68wuOScnpQC6-DoupqqoB_L1I53f\/view?usp=drivesdk\">Associa\u00e7\u00e3o dos Familiares de V\u00edtimas e Sobreviventes da Trag\u00e9dia de Santa Maria (AVTSM), do Coletivo Kiss: Que N\u00e3o Se Repita e do Eixo Kiss do Coletivo de Psican\u00e1lise de Santa Maria.<\/a> No mesmo dia, a produ\u00e7\u00e3o estar\u00e1 dispon\u00edvel no streaming do Globoplay.<\/p>\t\t\t\t\t\t\t\t<\/div>\n\t\t\t\t<\/div>\n\t\t\t\t\t<\/div>\n\t\t<\/div>\n\t\t\t\t\t<\/div>\n\t\t<\/section>\n\t\t\t\t<section class=\"elementor-section elementor-top-section elementor-element elementor-element-27ce8d4 elementor-section-boxed elementor-section-height-default elementor-section-height-default\" data-id=\"27ce8d4\" data-element_type=\"section\" data-e-type=\"section\">\n\t\t\t\t\t\t<div class=\"elementor-container elementor-column-gap-default\">\n\t\t\t\t\t<div class=\"elementor-column elementor-col-100 elementor-top-column elementor-element elementor-element-7d804a9\" data-id=\"7d804a9\" data-element_type=\"column\" data-e-type=\"column\">\n\t\t\t<div class=\"elementor-widget-wrap elementor-element-populated\">\n\t\t\t\t\t\t<div class=\"elementor-element elementor-element-335b29c elementor-widget elementor-widget-image\" data-id=\"335b29c\" data-element_type=\"widget\" data-e-type=\"widget\" data-widget_type=\"image.default\">\n\t\t\t\t<div class=\"elementor-widget-container\">\n\t\t\t\t\t\t\t\t\t\t\t\t<figure class=\"wp-caption\">\n\t\t\t\t\t\t\t\t\t\t<img fetchpriority=\"high\" decoding=\"async\" width=\"800\" height=\"386\" src=\"https:\/\/tvovo.org\/portal\/wp-content\/uploads\/2023\/01\/93D1AF94-4092-4F91-BAF1-D4B3B7BD59AA-1024x494.png\" class=\"attachment-large size-large wp-image-13708\" alt=\"\" srcset=\"https:\/\/tvovo.org\/portal\/wp-content\/uploads\/2023\/01\/93D1AF94-4092-4F91-BAF1-D4B3B7BD59AA-1024x494.png 1024w, https:\/\/tvovo.org\/portal\/wp-content\/uploads\/2023\/01\/93D1AF94-4092-4F91-BAF1-D4B3B7BD59AA-300x145.png 300w, https:\/\/tvovo.org\/portal\/wp-content\/uploads\/2023\/01\/93D1AF94-4092-4F91-BAF1-D4B3B7BD59AA-768x371.png 768w, https:\/\/tvovo.org\/portal\/wp-content\/uploads\/2023\/01\/93D1AF94-4092-4F91-BAF1-D4B3B7BD59AA-1536x741.png 1536w, https:\/\/tvovo.org\/portal\/wp-content\/uploads\/2023\/01\/93D1AF94-4092-4F91-BAF1-D4B3B7BD59AA.png 1871w\" sizes=\"(max-width: 800px) 100vw, 800px\" \/>\t\t\t\t\t\t\t\t\t\t\t<figcaption class=\"widget-image-caption wp-caption-text\">S\u00e9rie Boate Kiss: A trag\u00e9dia de Santa Maria<\/figcaption>\n\t\t\t\t\t\t\t\t\t\t<\/figure>\n\t\t\t\t\t\t\t\t\t<\/div>\n\t\t\t\t<\/div>\n\t\t\t\t<div class=\"elementor-element elementor-element-3075471 elementor-widget elementor-widget-text-editor\" data-id=\"3075471\" data-element_type=\"widget\" data-e-type=\"widget\" data-widget_type=\"text-editor.default\">\n\t\t\t\t<div class=\"elementor-widget-container\">\n\t\t\t\t\t\t\t\t\t<p>Em dezembro de 2021, dez dias marcaram a espera por justi\u00e7a de 242 fam\u00edlias de v\u00edtimas fatais e de mais de 600 sobreviventes da trag\u00e9dia da boate Kiss. Passados quase 9 anos do fat\u00eddico dia 27 de janeiro de 2013, o j\u00fari do Caso Kiss foi acompanhado de perto pela equipe da TV OVO, que registrou, numa parceria com o Globoplay, o poss\u00edvel desfecho do longo per\u00edodo onde se aguardava pela responsabiliza\u00e7\u00e3o dos culpados pelo inc\u00eandio em Santa Maria.<\/p>\t\t\t\t\t\t\t\t<\/div>\n\t\t\t\t<\/div>\n\t\t\t\t\t<\/div>\n\t\t<\/div>\n\t\t\t\t\t<\/div>\n\t\t<\/section>\n\t\t\t\t<section class=\"elementor-section elementor-top-section elementor-element elementor-element-8eba2c0 elementor-section-boxed elementor-section-height-default elementor-section-height-default\" data-id=\"8eba2c0\" data-element_type=\"section\" data-e-type=\"section\">\n\t\t\t\t\t\t<div class=\"elementor-container elementor-column-gap-default\">\n\t\t\t\t\t<div class=\"elementor-column elementor-col-100 elementor-top-column elementor-element elementor-element-cb0c4fb\" data-id=\"cb0c4fb\" data-element_type=\"column\" data-e-type=\"column\">\n\t\t\t<div class=\"elementor-widget-wrap elementor-element-populated\">\n\t\t\t\t\t\t<div class=\"elementor-element elementor-element-2235e9a elementor-widget elementor-widget-image\" data-id=\"2235e9a\" data-element_type=\"widget\" data-e-type=\"widget\" data-widget_type=\"image.default\">\n\t\t\t\t<div class=\"elementor-widget-container\">\n\t\t\t\t\t\t\t\t\t\t\t\t<figure class=\"wp-caption\">\n\t\t\t\t\t\t\t\t\t\t<img decoding=\"async\" width=\"800\" height=\"600\" src=\"https:\/\/tvovo.org\/portal\/wp-content\/uploads\/2023\/01\/Flavio-Silva-e-Ligiane-Righi-Silva-pais-de-vitima-falam-sobre-a-anulacao-do-julgamento-1024x768.jpg\" class=\"attachment-large size-large wp-image-13714\" alt=\"\" srcset=\"https:\/\/tvovo.org\/portal\/wp-content\/uploads\/2023\/01\/Flavio-Silva-e-Ligiane-Righi-Silva-pais-de-vitima-falam-sobre-a-anulacao-do-julgamento-1024x768.jpg 1024w, https:\/\/tvovo.org\/portal\/wp-content\/uploads\/2023\/01\/Flavio-Silva-e-Ligiane-Righi-Silva-pais-de-vitima-falam-sobre-a-anulacao-do-julgamento-300x225.jpg 300w, https:\/\/tvovo.org\/portal\/wp-content\/uploads\/2023\/01\/Flavio-Silva-e-Ligiane-Righi-Silva-pais-de-vitima-falam-sobre-a-anulacao-do-julgamento-768x576.jpg 768w, https:\/\/tvovo.org\/portal\/wp-content\/uploads\/2023\/01\/Flavio-Silva-e-Ligiane-Righi-Silva-pais-de-vitima-falam-sobre-a-anulacao-do-julgamento-1536x1152.jpg 1536w, https:\/\/tvovo.org\/portal\/wp-content\/uploads\/2023\/01\/Flavio-Silva-e-Ligiane-Righi-Silva-pais-de-vitima-falam-sobre-a-anulacao-do-julgamento-2048x1536.jpg 2048w\" sizes=\"(max-width: 800px) 100vw, 800px\" \/>\t\t\t\t\t\t\t\t\t\t\t<figcaption class=\"widget-image-caption wp-caption-text\">Fl\u00e1vio Silva e Ligiane Righi Silva, pais de v\u00edtima, falam sobre a anula\u00e7\u00e3o do julgamento - Foto: Neli Mombelli<\/figcaption>\n\t\t\t\t\t\t\t\t\t\t<\/figure>\n\t\t\t\t\t\t\t\t\t<\/div>\n\t\t\t\t<\/div>\n\t\t\t\t<div class=\"elementor-element elementor-element-c6e07b6 elementor-widget elementor-widget-text-editor\" data-id=\"c6e07b6\" data-element_type=\"widget\" data-e-type=\"widget\" data-widget_type=\"text-editor.default\">\n\t\t\t\t<div class=\"elementor-widget-container\">\n\t\t\t\t\t\t\t\t\t<p>A s\u00e9rie, de 5 epis\u00f3dios, retrata o ponto de vista de familiares e sobreviventes em tr\u00eas momentos distintos: a busca e a expectativa por justi\u00e7a nos dias anteriores ao j\u00fari do Caso Kiss, a ang\u00fastia e o sofrimento durante os 10 dias de julgamento e a frustra\u00e7\u00e3o de um j\u00fari anulado. A ideia original da s\u00e9rie \u00e9 de Marcelo Canellas, Neli Mombelli e Marcos Borba. A dire\u00e7\u00e3o \u00e9 de Canellas, formado em Jornalismo pela Universidade Federal de Santa Maria (UFSM), com fortes la\u00e7os com a cidade e que desde o acontecido realiza a cobertura dos desdobramentos da trag\u00e9dia para a TV Globo.<\/p>\t\t\t\t\t\t\t\t<\/div>\n\t\t\t\t<\/div>\n\t\t\t\t\t<\/div>\n\t\t<\/div>\n\t\t\t\t\t<\/div>\n\t\t<\/section>\n\t\t\t\t<section class=\"elementor-section elementor-top-section elementor-element elementor-element-79ee2c1 elementor-section-boxed elementor-section-height-default elementor-section-height-default\" data-id=\"79ee2c1\" data-element_type=\"section\" data-e-type=\"section\">\n\t\t\t\t\t\t<div class=\"elementor-container elementor-column-gap-default\">\n\t\t\t\t\t<div class=\"elementor-column elementor-col-100 elementor-top-column elementor-element elementor-element-3fc5956\" data-id=\"3fc5956\" data-element_type=\"column\" data-e-type=\"column\">\n\t\t\t<div class=\"elementor-widget-wrap elementor-element-populated\">\n\t\t\t\t\t\t<div class=\"elementor-element elementor-element-f72def7 elementor-widget elementor-widget-image\" data-id=\"f72def7\" data-element_type=\"widget\" data-e-type=\"widget\" data-widget_type=\"image.default\">\n\t\t\t\t<div class=\"elementor-widget-container\">\n\t\t\t\t\t\t\t\t\t\t\t\t<figure class=\"wp-caption\">\n\t\t\t\t\t\t\t\t\t\t<img decoding=\"async\" width=\"800\" height=\"600\" src=\"https:\/\/tvovo.org\/portal\/wp-content\/uploads\/2023\/01\/Gabriel-Rocadoschi-e-Kelen-Ferreira-sobreviventes-da-tragedia-conversam-com-Marcelo-Canellas-durante-o-juri-1024x768.jpg\" class=\"attachment-large size-large wp-image-13713\" alt=\"\" srcset=\"https:\/\/tvovo.org\/portal\/wp-content\/uploads\/2023\/01\/Gabriel-Rocadoschi-e-Kelen-Ferreira-sobreviventes-da-tragedia-conversam-com-Marcelo-Canellas-durante-o-juri-1024x768.jpg 1024w, https:\/\/tvovo.org\/portal\/wp-content\/uploads\/2023\/01\/Gabriel-Rocadoschi-e-Kelen-Ferreira-sobreviventes-da-tragedia-conversam-com-Marcelo-Canellas-durante-o-juri-300x225.jpg 300w, https:\/\/tvovo.org\/portal\/wp-content\/uploads\/2023\/01\/Gabriel-Rocadoschi-e-Kelen-Ferreira-sobreviventes-da-tragedia-conversam-com-Marcelo-Canellas-durante-o-juri-768x576.jpg 768w, https:\/\/tvovo.org\/portal\/wp-content\/uploads\/2023\/01\/Gabriel-Rocadoschi-e-Kelen-Ferreira-sobreviventes-da-tragedia-conversam-com-Marcelo-Canellas-durante-o-juri-1536x1152.jpg 1536w, https:\/\/tvovo.org\/portal\/wp-content\/uploads\/2023\/01\/Gabriel-Rocadoschi-e-Kelen-Ferreira-sobreviventes-da-tragedia-conversam-com-Marcelo-Canellas-durante-o-juri-2048x1536.jpg 2048w\" sizes=\"(max-width: 800px) 100vw, 800px\" \/>\t\t\t\t\t\t\t\t\t\t\t<figcaption class=\"widget-image-caption wp-caption-text\">Gabriel Rocadoschi e Kelen Ferreira, sobreviventes da trag\u00e9dia, conversam com Marcelo Canellas durante o j\u00fari - Foto: Neli Mombelli<\/figcaption>\n\t\t\t\t\t\t\t\t\t\t<\/figure>\n\t\t\t\t\t\t\t\t\t<\/div>\n\t\t\t\t<\/div>\n\t\t\t\t<div class=\"elementor-element elementor-element-7187808 elementor-widget elementor-widget-text-editor\" data-id=\"7187808\" data-element_type=\"widget\" data-e-type=\"widget\" data-widget_type=\"text-editor.default\">\n\t\t\t\t<div class=\"elementor-widget-container\">\n\t\t\t\t\t\t\t\t\t<p>&#8220;Sob o ponto de vista de fam\u00edlias submetidas a uma longa e torturante espera pela responsabiliza\u00e7\u00e3o dos culpados da morte de seus filhos, a s\u00e9rie documental trata tamb\u00e9m de mem\u00f3ria e esquecimento. E de como o Brasil \u2013 seja nos meandros das inst\u00e2ncias judiciais, seja na forma como a sociedade reage \u2013 lida com uma trag\u00e9dia dessas dimens\u00f5es\u201d, explica o jornalista.<\/p>\t\t\t\t\t\t\t\t<\/div>\n\t\t\t\t<\/div>\n\t\t\t\t\t<\/div>\n\t\t<\/div>\n\t\t\t\t\t<\/div>\n\t\t<\/section>\n\t\t\t\t<section class=\"elementor-section elementor-top-section elementor-element elementor-element-7c9c31c elementor-section-boxed elementor-section-height-default elementor-section-height-default\" data-id=\"7c9c31c\" data-element_type=\"section\" data-e-type=\"section\">\n\t\t\t\t\t\t<div class=\"elementor-container elementor-column-gap-default\">\n\t\t\t\t\t<div class=\"elementor-column elementor-col-100 elementor-top-column elementor-element elementor-element-cca4e8e\" data-id=\"cca4e8e\" data-element_type=\"column\" data-e-type=\"column\">\n\t\t\t<div class=\"elementor-widget-wrap elementor-element-populated\">\n\t\t\t\t\t\t<div class=\"elementor-element elementor-element-ecc38ed elementor-widget elementor-widget-text-editor\" data-id=\"ecc38ed\" data-element_type=\"widget\" data-e-type=\"widget\" data-widget_type=\"text-editor.default\">\n\t\t\t\t<div class=\"elementor-widget-container\">\n\t\t\t\t\t\t\t\t\t<p>Na equipe da TV OVO est\u00e3o Marcos Borba, na dire\u00e7\u00e3o de equipe, Neli Mombelli na produ\u00e7\u00e3o, Rafael Rigon, na dire\u00e7\u00e3o de fotografia, Alan Orlando na assist\u00eancia e Victor Mascarenhas no som direto.<\/p>\t\t\t\t\t\t\t\t<\/div>\n\t\t\t\t<\/div>\n\t\t\t\t\t<\/div>\n\t\t<\/div>\n\t\t\t\t\t<\/div>\n\t\t<\/section>\n\t\t\t\t<section class=\"elementor-section elementor-top-section elementor-element elementor-element-ad27e50 elementor-section-boxed elementor-section-height-default elementor-section-height-default\" data-id=\"ad27e50\" data-element_type=\"section\" data-e-type=\"section\">\n\t\t\t\t\t\t<div class=\"elementor-container elementor-column-gap-default\">\n\t\t\t\t\t<div class=\"elementor-column elementor-col-100 elementor-top-column elementor-element elementor-element-8675062\" data-id=\"8675062\" data-element_type=\"column\" data-e-type=\"column\">\n\t\t\t<div class=\"elementor-widget-wrap elementor-element-populated\">\n\t\t\t\t\t\t<div class=\"elementor-element elementor-element-d66a58e elementor-widget elementor-widget-image\" data-id=\"d66a58e\" data-element_type=\"widget\" data-e-type=\"widget\" data-widget_type=\"image.default\">\n\t\t\t\t<div class=\"elementor-widget-container\">\n\t\t\t\t\t\t\t\t\t\t\t\t<figure class=\"wp-caption\">\n\t\t\t\t\t\t\t\t\t\t<img loading=\"lazy\" decoding=\"async\" width=\"800\" height=\"600\" src=\"https:\/\/tvovo.org\/portal\/wp-content\/uploads\/2023\/01\/01B1E151-4E28-48AB-A039-1BD3D60C2751-1024x768.jpeg\" class=\"attachment-large size-large wp-image-13709\" alt=\"\" srcset=\"https:\/\/tvovo.org\/portal\/wp-content\/uploads\/2023\/01\/01B1E151-4E28-48AB-A039-1BD3D60C2751-1024x768.jpeg 1024w, https:\/\/tvovo.org\/portal\/wp-content\/uploads\/2023\/01\/01B1E151-4E28-48AB-A039-1BD3D60C2751-300x225.jpeg 300w, https:\/\/tvovo.org\/portal\/wp-content\/uploads\/2023\/01\/01B1E151-4E28-48AB-A039-1BD3D60C2751-768x576.jpeg 768w, https:\/\/tvovo.org\/portal\/wp-content\/uploads\/2023\/01\/01B1E151-4E28-48AB-A039-1BD3D60C2751-1536x1152.jpeg 1536w, https:\/\/tvovo.org\/portal\/wp-content\/uploads\/2023\/01\/01B1E151-4E28-48AB-A039-1BD3D60C2751-2048x1536.jpeg 2048w\" sizes=\"(max-width: 800px) 100vw, 800px\" \/>\t\t\t\t\t\t\t\t\t\t\t<figcaption class=\"widget-image-caption wp-caption-text\">Equipe da s\u00e9rie durante o julgamento - Foto: Neli Mombelli<\/figcaption>\n\t\t\t\t\t\t\t\t\t\t<\/figure>\n\t\t\t\t\t\t\t\t\t<\/div>\n\t\t\t\t<\/div>\n\t\t\t\t<div class=\"elementor-element elementor-element-e797633 elementor-widget elementor-widget-text-editor\" data-id=\"e797633\" data-element_type=\"widget\" data-e-type=\"widget\" data-widget_type=\"text-editor.default\">\n\t\t\t\t<div class=\"elementor-widget-container\">\n\t\t\t\t\t\t\t\t\t<p>Essa n\u00e3o \u00e9 a primeira participa\u00e7\u00e3o da TV OVO em projetos relacionados \u00e0 trag\u00e9dia da boate Kiss. H\u00e1 mais de 5 anos a entidade registra as atividades realizadas pela AVTSM. Por acompanhar as fam\u00edlias e a busca por justi\u00e7a dos envolvidos, a TV OVO possui um grande acervo de imagens e registros in\u00e9ditos que est\u00e3o presentes na s\u00e9rie documental. O coletivo audiovisual tamb\u00e9m produziu, em 2018, o document\u00e1rio <a href=\"https:\/\/youtu.be\/yEHtDE86Few\">Depois Daquele Dia<\/a>, dirigido por Luciane Treulieb, que discute os impactos e aprendizados ap\u00f3s a trag\u00e9dia de 2013 e que estrear\u00e1 na grade de programa\u00e7\u00e3o do Canal Brasil a partir do dia 25\/01.<\/p>\t\t\t\t\t\t\t\t<\/div>\n\t\t\t\t<\/div>\n\t\t\t\t\t<\/div>\n\t\t<\/div>\n\t\t\t\t\t<\/div>\n\t\t<\/section>\n\t\t\t\t<section class=\"elementor-section elementor-top-section elementor-element elementor-element-9d0f099 elementor-section-boxed elementor-section-height-default elementor-section-height-default\" data-id=\"9d0f099\" data-element_type=\"section\" data-e-type=\"section\">\n\t\t\t\t\t\t<div class=\"elementor-container elementor-column-gap-default\">\n\t\t\t\t\t<div class=\"elementor-column elementor-col-100 elementor-top-column elementor-element elementor-element-6f66693\" data-id=\"6f66693\" data-element_type=\"column\" data-e-type=\"column\">\n\t\t\t<div class=\"elementor-widget-wrap elementor-element-populated\">\n\t\t\t\t\t\t<div class=\"elementor-element elementor-element-f08615a elementor-widget elementor-widget-text-editor\" data-id=\"f08615a\" data-element_type=\"widget\" data-e-type=\"widget\" data-widget_type=\"text-editor.default\">\n\t\t\t\t<div class=\"elementor-widget-container\">\n\t\t\t\t\t\t\t\t\t<p>Por: Nath\u00e1lia Arantes<\/p>\t\t\t\t\t\t\t\t<\/div>\n\t\t\t\t<\/div>\n\t\t\t\t\t<\/div>\n\t\t<\/div>\n\t\t\t\t\t<\/div>\n\t\t<\/section>\n\t\t\t\t<\/div>\n\t\t","protected":false},"excerpt":{"rendered":"<p>Na v\u00e9spera de completar 10 anos do inc\u00eandio que abalou para sempre o cora\u00e7\u00e3o do Rio Grande do Sul, ser\u00e1 lan\u00e7ado, no Theatro Treze de Maio, em Santa Maria, o primeiro epis\u00f3dio da s\u00e9rie documental Boate Kiss: A Trag\u00e9dia de Santa Maria. A exibi\u00e7\u00e3o ser\u00e1 \u00e0s 21 horas do dia 26 de janeiro, quarta-feira, e [&hellip;]<\/p>\n","protected":false},"author":25,"featured_media":13708,"comment_status":"open","ping_status":"open","sticky":false,"template":"","format":"standard","meta":{"_acf_changed":false,"footnotes":""},"categories":[22],"tags":[],"class_list":["post-13707","post","type-post","status-publish","format-standard","has-post-thumbnail","hentry","category-noticias"],"acf":[],"_links":{"self":[{"href":"https:\/\/tvovo.org\/portal\/wp-json\/wp\/v2\/posts\/13707","targetHints":{"allow":["GET"]}}],"collection":[{"href":"https:\/\/tvovo.org\/portal\/wp-json\/wp\/v2\/posts"}],"about":[{"href":"https:\/\/tvovo.org\/portal\/wp-json\/wp\/v2\/types\/post"}],"author":[{"embeddable":true,"href":"https:\/\/tvovo.org\/portal\/wp-json\/wp\/v2\/users\/25"}],"replies":[{"embeddable":true,"href":"https:\/\/tvovo.org\/portal\/wp-json\/wp\/v2\/comments?post=13707"}],"version-history":[{"count":0,"href":"https:\/\/tvovo.org\/portal\/wp-json\/wp\/v2\/posts\/13707\/revisions"}],"wp:featuredmedia":[{"embeddable":true,"href":"https:\/\/tvovo.org\/portal\/wp-json\/wp\/v2\/media\/13708"}],"wp:attachment":[{"href":"https:\/\/tvovo.org\/portal\/wp-json\/wp\/v2\/media?parent=13707"}],"wp:term":[{"taxonomy":"category","embeddable":true,"href":"https:\/\/tvovo.org\/portal\/wp-json\/wp\/v2\/categories?post=13707"},{"taxonomy":"post_tag","embeddable":true,"href":"https:\/\/tvovo.org\/portal\/wp-json\/wp\/v2\/tags?post=13707"}],"curies":[{"name":"wp","href":"https:\/\/api.w.org\/{rel}","templated":true}]}}