{"id":13665,"date":"2022-12-19T22:58:18","date_gmt":"2022-12-20T01:58:18","guid":{"rendered":"https:\/\/tvovo.org\/portal\/?p=13665"},"modified":"2023-01-19T13:51:02","modified_gmt":"2023-01-19T16:51:02","slug":"em-2023-a-tv-ovo-vai-promover-12-acoes-culturais-e-voce-pode-fazer-parte-disso","status":"publish","type":"post","link":"https:\/\/tvovo.org\/portal\/em-2023-a-tv-ovo-vai-promover-12-acoes-culturais-e-voce-pode-fazer-parte-disso\/","title":{"rendered":"Em 2023, a TV OVO vai promover 12 a\u00e7\u00f5es culturais e voc\u00ea pode fazer parte disso!"},"content":{"rendered":"\t\t<div data-elementor-type=\"wp-post\" data-elementor-id=\"13665\" class=\"elementor elementor-13665\" data-elementor-post-type=\"post\">\n\t\t\t\t\t\t<section class=\"elementor-section elementor-top-section elementor-element elementor-element-b590de9 elementor-section-boxed elementor-section-height-default elementor-section-height-default\" data-id=\"b590de9\" data-element_type=\"section\" data-e-type=\"section\">\n\t\t\t\t\t\t<div class=\"elementor-container elementor-column-gap-default\">\n\t\t\t\t\t<div class=\"elementor-column elementor-col-100 elementor-top-column elementor-element elementor-element-ebfef7e\" data-id=\"ebfef7e\" data-element_type=\"column\" data-e-type=\"column\">\n\t\t\t<div class=\"elementor-widget-wrap elementor-element-populated\">\n\t\t\t\t\t\t<div class=\"elementor-element elementor-element-61fb8f1 elementor-widget elementor-widget-text-editor\" data-id=\"61fb8f1\" data-element_type=\"widget\" data-e-type=\"widget\" data-widget_type=\"text-editor.default\">\n\t\t\t\t<div class=\"elementor-widget-container\">\n\t\t\t\t\t\t\t\t\t<p><span style=\"font-weight: 400\">O fim de ano chegou e com ele as resolu\u00e7\u00f5es de ano novo e planejamentos! Por aqui na TV OVO n\u00e3o \u00e9 diferente! Estamos encerrando o ano com a aprova\u00e7\u00e3o de quatro projetos, atrav\u00e9s da Lei de Incentivo \u00e0 Cultura de Santa Maria \u2013 LIC\/ SM, que ir\u00e3o nortear boa parte de nossas atividades em 2023.<\/span><\/p>\t\t\t\t\t\t\t\t<\/div>\n\t\t\t\t<\/div>\n\t\t\t\t\t<\/div>\n\t\t<\/div>\n\t\t\t\t\t<\/div>\n\t\t<\/section>\n\t\t\t\t<section class=\"elementor-section elementor-top-section elementor-element elementor-element-4ec45c5 elementor-section-boxed elementor-section-height-default elementor-section-height-default\" data-id=\"4ec45c5\" data-element_type=\"section\" data-e-type=\"section\">\n\t\t\t\t\t\t<div class=\"elementor-container elementor-column-gap-default\">\n\t\t\t\t\t<div class=\"elementor-column elementor-col-100 elementor-top-column elementor-element elementor-element-6bae0d2\" data-id=\"6bae0d2\" data-element_type=\"column\" data-e-type=\"column\">\n\t\t\t<div class=\"elementor-widget-wrap elementor-element-populated\">\n\t\t\t\t\t\t<div class=\"elementor-element elementor-element-ecfe37a elementor-widget elementor-widget-text-editor\" data-id=\"ecfe37a\" data-element_type=\"widget\" data-e-type=\"widget\" data-widget_type=\"text-editor.default\">\n\t\t\t\t<div class=\"elementor-widget-container\">\n\t\t\t\t\t\t\t\t\t<p><span style=\"font-weight: 400\">Atrav\u00e9s de quatro projetos, que s\u00e3o o <\/span><i><span style=\"font-weight: 400\">Olhares da Comunidade<\/span><\/i><span style=\"font-weight: 400\">, o <\/span><i><span style=\"font-weight: 400\">Por Onde Passa a Mem\u00f3ria da Cidade<\/span><\/i><span style=\"font-weight: 400\">, o <\/span><i><span style=\"font-weight: 400\">Cine em Movimento<\/span><\/i><span style=\"font-weight: 400\"> e o <\/span><i><span style=\"font-weight: 400\">Distrite-se<\/span><\/i><span style=\"font-weight: 400\">, vamos trabalhar num total de doze a\u00e7\u00f5es culturais:<\/span><\/p>\t\t\t\t\t\t\t\t<\/div>\n\t\t\t\t<\/div>\n\t\t\t\t\t<\/div>\n\t\t<\/div>\n\t\t\t\t\t<\/div>\n\t\t<\/section>\n\t\t\t\t<section class=\"elementor-section elementor-top-section elementor-element elementor-element-2ba4b07 elementor-section-boxed elementor-section-height-default elementor-section-height-default\" data-id=\"2ba4b07\" data-element_type=\"section\" data-e-type=\"section\">\n\t\t\t\t\t\t<div class=\"elementor-container elementor-column-gap-default\">\n\t\t\t\t\t<div class=\"elementor-column elementor-col-100 elementor-top-column elementor-element elementor-element-95e55a7\" data-id=\"95e55a7\" data-element_type=\"column\" data-e-type=\"column\">\n\t\t\t<div class=\"elementor-widget-wrap elementor-element-populated\">\n\t\t\t\t\t\t<div class=\"elementor-element elementor-element-e837734 elementor-widget elementor-widget-text-editor\" data-id=\"e837734\" data-element_type=\"widget\" data-e-type=\"widget\" data-widget_type=\"text-editor.default\">\n\t\t\t\t<div class=\"elementor-widget-container\">\n\t\t\t\t\t\t\t\t\t<ul><li style=\"font-weight: 400\"><span style=\"font-weight: 400\">Tr\u00eas oficinas de audiovisual em escolas municipais da cidade de Santa Maria;<\/span><\/li><li style=\"font-weight: 400\"><span style=\"font-weight: 400\">Produ\u00e7\u00e3o do filme Cartas de Felippe;<\/span><\/li><li style=\"font-weight: 400\"><span style=\"font-weight: 400\">Produ\u00e7\u00e3o da s\u00e9rie de entrevistas do Distrite-se com cinco epis\u00f3dios;<\/span><\/li><li style=\"font-weight: 400\"><span style=\"font-weight: 400\">Sete sess\u00f5es de exibi\u00e7\u00f5es cineclubistas.<\/span><\/li><\/ul>\t\t\t\t\t\t\t\t<\/div>\n\t\t\t\t<\/div>\n\t\t\t\t<div class=\"elementor-element elementor-element-248a1fc elementor-widget elementor-widget-spacer\" data-id=\"248a1fc\" data-element_type=\"widget\" data-e-type=\"widget\" data-widget_type=\"spacer.default\">\n\t\t\t\t<div class=\"elementor-widget-container\">\n\t\t\t\t\t\t\t<div class=\"elementor-spacer\">\n\t\t\t<div class=\"elementor-spacer-inner\"><\/div>\n\t\t<\/div>\n\t\t\t\t\t\t<\/div>\n\t\t\t\t<\/div>\n\t\t\t\t\t<\/div>\n\t\t<\/div>\n\t\t\t\t\t<\/div>\n\t\t<\/section>\n\t\t\t\t<section class=\"elementor-section elementor-top-section elementor-element elementor-element-9c7a345 elementor-section-boxed elementor-section-height-default elementor-section-height-default\" data-id=\"9c7a345\" data-element_type=\"section\" data-e-type=\"section\">\n\t\t\t\t\t\t<div class=\"elementor-container elementor-column-gap-default\">\n\t\t\t\t\t<div class=\"elementor-column elementor-col-100 elementor-top-column elementor-element elementor-element-9e25281\" data-id=\"9e25281\" data-element_type=\"column\" data-e-type=\"column\">\n\t\t\t<div class=\"elementor-widget-wrap elementor-element-populated\">\n\t\t\t\t\t\t<div class=\"elementor-element elementor-element-87d141f elementor-widget elementor-widget-heading\" data-id=\"87d141f\" data-element_type=\"widget\" data-e-type=\"widget\" data-widget_type=\"heading.default\">\n\t\t\t\t<div class=\"elementor-widget-container\">\n\t\t\t\t\t<h2 class=\"elementor-heading-title elementor-size-medium\">POR ISSO CONTAMOS COM VOC\u00ca!\n<\/h2>\t\t\t\t<\/div>\n\t\t\t\t<\/div>\n\t\t\t\t<div class=\"elementor-element elementor-element-23071ba elementor-widget elementor-widget-text-editor\" data-id=\"23071ba\" data-element_type=\"widget\" data-e-type=\"widget\" data-widget_type=\"text-editor.default\">\n\t\t\t\t<div class=\"elementor-widget-container\">\n\t\t\t\t\t\t\t\t\t<p><span style=\"font-weight: 400\">Colabore! Transforme seus impostos em cultura para Santa Maria.<\/span><\/p>\t\t\t\t\t\t\t\t<\/div>\n\t\t\t\t<\/div>\n\t\t\t\t<div class=\"elementor-element elementor-element-73f90e8 elementor-widget elementor-widget-heading\" data-id=\"73f90e8\" data-element_type=\"widget\" data-e-type=\"widget\" data-widget_type=\"heading.default\">\n\t\t\t\t<div class=\"elementor-widget-container\">\n\t\t\t\t\t<h2 class=\"elementor-heading-title elementor-size-medium\">DOE 30% DO IPTU (COTA \u00daNICA), ISSQN OU ITBI!\n<\/h2>\t\t\t\t<\/div>\n\t\t\t\t<\/div>\n\t\t\t\t<div class=\"elementor-element elementor-element-af4ba00 elementor-widget elementor-widget-text-editor\" data-id=\"af4ba00\" data-element_type=\"widget\" data-e-type=\"widget\" data-widget_type=\"text-editor.default\">\n\t\t\t\t<div class=\"elementor-widget-container\">\n\t\t\t\t\t\t\t\t\t<p><span style=\"font-weight: 400\">Voce\u0302 pode veicular a sua marca no Projeto Cultural como \u201cIncentivo Cultural\u201d (apenas Pessoa Jur\u00eddica).<\/span><\/p>\t\t\t\t\t\t\t\t<\/div>\n\t\t\t\t<\/div>\n\t\t\t\t\t<\/div>\n\t\t<\/div>\n\t\t\t\t\t<\/div>\n\t\t<\/section>\n\t\t\t\t<section class=\"elementor-section elementor-top-section elementor-element elementor-element-d58df71 elementor-section-boxed elementor-section-height-default elementor-section-height-default\" data-id=\"d58df71\" data-element_type=\"section\" data-e-type=\"section\">\n\t\t\t\t\t\t<div class=\"elementor-container elementor-column-gap-default\">\n\t\t\t\t\t<div class=\"elementor-column elementor-col-100 elementor-top-column elementor-element elementor-element-2c39675\" data-id=\"2c39675\" data-element_type=\"column\" data-e-type=\"column\">\n\t\t\t<div class=\"elementor-widget-wrap elementor-element-populated\">\n\t\t\t\t\t\t<div class=\"elementor-element elementor-element-9b75517 elementor-widget elementor-widget-text-editor\" data-id=\"9b75517\" data-element_type=\"widget\" data-e-type=\"widget\" data-widget_type=\"text-editor.default\">\n\t\t\t\t<div class=\"elementor-widget-container\">\n\t\t\t\t\t\t\t\t\t<p><span style=\"font-weight: 400\">Saiba mais sobre os projetos aprovados:<\/span><\/p>\t\t\t\t\t\t\t\t<\/div>\n\t\t\t\t<\/div>\n\t\t\t\t\t<\/div>\n\t\t<\/div>\n\t\t\t\t\t<\/div>\n\t\t<\/section>\n\t\t\t\t<section class=\"elementor-section elementor-top-section elementor-element elementor-element-e3180bf elementor-section-boxed elementor-section-height-default elementor-section-height-default\" data-id=\"e3180bf\" data-element_type=\"section\" data-e-type=\"section\">\n\t\t\t\t\t\t<div class=\"elementor-container elementor-column-gap-default\">\n\t\t\t\t\t<div class=\"elementor-column elementor-col-100 elementor-top-column elementor-element elementor-element-d22d4d5\" data-id=\"d22d4d5\" data-element_type=\"column\" data-e-type=\"column\">\n\t\t\t<div class=\"elementor-widget-wrap elementor-element-populated\">\n\t\t\t\t\t\t<div class=\"elementor-element elementor-element-060994b elementor-widget__width-inherit elementor-widget elementor-widget-heading\" data-id=\"060994b\" data-element_type=\"widget\" data-e-type=\"widget\" data-widget_type=\"heading.default\">\n\t\t\t\t<div class=\"elementor-widget-container\">\n\t\t\t\t\t<h2 class=\"elementor-heading-title elementor-size-xl\">Olhares da Comunidade<\/h2>\t\t\t\t<\/div>\n\t\t\t\t<\/div>\n\t\t\t\t<div class=\"elementor-element elementor-element-fa4c2fd elementor-widget elementor-widget-text-editor\" data-id=\"fa4c2fd\" data-element_type=\"widget\" data-e-type=\"widget\" data-widget_type=\"text-editor.default\">\n\t\t\t\t<div class=\"elementor-widget-container\">\n\t\t\t\t\t\t\t\t\t<p><span style=\"font-weight: 400\">Valor aprovado: R$ 40.000,00<\/span><\/p>\t\t\t\t\t\t\t\t<\/div>\n\t\t\t\t<\/div>\n\t\t\t\t<section class=\"elementor-section elementor-inner-section elementor-element elementor-element-49caf39 elementor-section-full_width elementor-section-height-default elementor-section-height-default\" data-id=\"49caf39\" data-element_type=\"section\" data-e-type=\"section\">\n\t\t\t\t\t\t<div class=\"elementor-container elementor-column-gap-default\">\n\t\t\t\t\t<div class=\"elementor-column elementor-col-50 elementor-inner-column elementor-element elementor-element-aba10b2\" data-id=\"aba10b2\" data-element_type=\"column\" data-e-type=\"column\">\n\t\t\t<div class=\"elementor-widget-wrap elementor-element-populated\">\n\t\t\t\t\t\t<div class=\"elementor-element elementor-element-52a3fff elementor-widget__width-inherit elementor-widget elementor-widget-image\" data-id=\"52a3fff\" data-element_type=\"widget\" data-e-type=\"widget\" data-widget_type=\"image.default\">\n\t\t\t\t<div class=\"elementor-widget-container\">\n\t\t\t\t\t\t\t\t\t\t\t\t\t\t\t<img fetchpriority=\"high\" decoding=\"async\" width=\"396\" height=\"360\" src=\"https:\/\/tvovo.org\/portal\/wp-content\/uploads\/2022\/12\/IMG_4721-396x360.png\" class=\"attachment-htmega_size_396x360 size-htmega_size_396x360 wp-image-13669\" alt=\"\" \/>\t\t\t\t\t\t\t\t\t\t\t\t\t\t\t<\/div>\n\t\t\t\t<\/div>\n\t\t\t\t\t<\/div>\n\t\t<\/div>\n\t\t\t\t<div class=\"elementor-column elementor-col-50 elementor-inner-column elementor-element elementor-element-2aefb5c\" data-id=\"2aefb5c\" data-element_type=\"column\" data-e-type=\"column\">\n\t\t\t<div class=\"elementor-widget-wrap elementor-element-populated\">\n\t\t\t\t\t\t<div class=\"elementor-element elementor-element-f6172e8 elementor-widget elementor-widget-spacer\" data-id=\"f6172e8\" data-element_type=\"widget\" data-e-type=\"widget\" data-widget_type=\"spacer.default\">\n\t\t\t\t<div class=\"elementor-widget-container\">\n\t\t\t\t\t\t\t<div class=\"elementor-spacer\">\n\t\t\t<div class=\"elementor-spacer-inner\"><\/div>\n\t\t<\/div>\n\t\t\t\t\t\t<\/div>\n\t\t\t\t<\/div>\n\t\t\t\t<div class=\"elementor-element elementor-element-2b863d9 elementor-widget elementor-widget-text-editor\" data-id=\"2b863d9\" data-element_type=\"widget\" data-e-type=\"widget\" data-widget_type=\"text-editor.default\">\n\t\t\t\t<div class=\"elementor-widget-container\">\n\t\t\t\t\t\t\t\t\t<p><span style=\"font-weight: 400\">O projeto \u00e9 voltado para a forma\u00e7\u00e3o de jovens e escolas perif\u00e9ricas e ir\u00e1 promover oficinas de realiza\u00e7\u00e3o audiovisual em tr\u00eas escolas p\u00fablicas municipais de Santa Maria. A partir das oficinas, produziremos curtas-metragens junto aos alunos e organizaremos sess\u00f5es de cineclube nas escolas atendidas para que os participantes e a comunidade escolar possam ver seus filmes em uma grande tela e debater sobre as tem\u00e1ticas abordadas nos audiovisuais.<\/span><\/p>\t\t\t\t\t\t\t\t<\/div>\n\t\t\t\t<\/div>\n\t\t\t\t\t<\/div>\n\t\t<\/div>\n\t\t\t\t\t<\/div>\n\t\t<\/section>\n\t\t\t\t\t<\/div>\n\t\t<\/div>\n\t\t\t\t\t<\/div>\n\t\t<\/section>\n\t\t\t\t<section class=\"elementor-section elementor-top-section elementor-element elementor-element-0ccdc38 elementor-section-boxed elementor-section-height-default elementor-section-height-default\" data-id=\"0ccdc38\" data-element_type=\"section\" data-e-type=\"section\">\n\t\t\t\t\t\t<div class=\"elementor-container elementor-column-gap-default\">\n\t\t\t\t\t<div class=\"elementor-column elementor-col-100 elementor-top-column elementor-element elementor-element-d31468d\" data-id=\"d31468d\" data-element_type=\"column\" data-e-type=\"column\">\n\t\t\t<div class=\"elementor-widget-wrap elementor-element-populated\">\n\t\t\t\t\t\t<div class=\"elementor-element elementor-element-f2545dc elementor-widget elementor-widget-spacer\" data-id=\"f2545dc\" data-element_type=\"widget\" data-e-type=\"widget\" data-widget_type=\"spacer.default\">\n\t\t\t\t<div class=\"elementor-widget-container\">\n\t\t\t\t\t\t\t<div class=\"elementor-spacer\">\n\t\t\t<div class=\"elementor-spacer-inner\"><\/div>\n\t\t<\/div>\n\t\t\t\t\t\t<\/div>\n\t\t\t\t<\/div>\n\t\t\t\t<div class=\"elementor-element elementor-element-399becd elementor-widget elementor-widget-heading\" data-id=\"399becd\" data-element_type=\"widget\" data-e-type=\"widget\" data-widget_type=\"heading.default\">\n\t\t\t\t<div class=\"elementor-widget-container\">\n\t\t\t\t\t<h2 class=\"elementor-heading-title elementor-size-xl\">Por Onde Passa a Mem\u00f3ria da Cidade <\/h2>\t\t\t\t<\/div>\n\t\t\t\t<\/div>\n\t\t\t\t<div class=\"elementor-element elementor-element-abf1df0 elementor-widget elementor-widget-text-editor\" data-id=\"abf1df0\" data-element_type=\"widget\" data-e-type=\"widget\" data-widget_type=\"text-editor.default\">\n\t\t\t\t<div class=\"elementor-widget-container\">\n\t\t\t\t\t\t\t\t\t<p><span style=\"font-weight: 400\">Valor aprovado: R$ 80.000,00<\/span><\/p>\t\t\t\t\t\t\t\t<\/div>\n\t\t\t\t<\/div>\n\t\t\t\t<section class=\"elementor-section elementor-inner-section elementor-element elementor-element-bf5b28e elementor-section-boxed elementor-section-height-default elementor-section-height-default\" data-id=\"bf5b28e\" data-element_type=\"section\" data-e-type=\"section\">\n\t\t\t\t\t\t<div class=\"elementor-container elementor-column-gap-default\">\n\t\t\t\t\t<div class=\"elementor-column elementor-col-50 elementor-inner-column elementor-element elementor-element-c6f3a6e\" data-id=\"c6f3a6e\" data-element_type=\"column\" data-e-type=\"column\">\n\t\t\t<div class=\"elementor-widget-wrap elementor-element-populated\">\n\t\t\t\t\t\t<div class=\"elementor-element elementor-element-a84263f elementor-widget elementor-widget-image\" data-id=\"a84263f\" data-element_type=\"widget\" data-e-type=\"widget\" data-widget_type=\"image.default\">\n\t\t\t\t<div class=\"elementor-widget-container\">\n\t\t\t\t\t\t\t\t\t\t\t\t\t\t\t<img decoding=\"async\" width=\"396\" height=\"360\" src=\"https:\/\/tvovo.org\/portal\/wp-content\/uploads\/2022\/12\/IMG_4718-2-396x360.png\" class=\"attachment-htmega_size_396x360 size-htmega_size_396x360 wp-image-13670\" alt=\"\" \/>\t\t\t\t\t\t\t\t\t\t\t\t\t\t\t<\/div>\n\t\t\t\t<\/div>\n\t\t\t\t\t<\/div>\n\t\t<\/div>\n\t\t\t\t<div class=\"elementor-column elementor-col-50 elementor-inner-column elementor-element elementor-element-bae87df\" data-id=\"bae87df\" data-element_type=\"column\" data-e-type=\"column\">\n\t\t\t<div class=\"elementor-widget-wrap elementor-element-populated\">\n\t\t\t\t\t\t<div class=\"elementor-element elementor-element-1dbb17d elementor-widget elementor-widget-spacer\" data-id=\"1dbb17d\" data-element_type=\"widget\" data-e-type=\"widget\" data-widget_type=\"spacer.default\">\n\t\t\t\t<div class=\"elementor-widget-container\">\n\t\t\t\t\t\t\t<div class=\"elementor-spacer\">\n\t\t\t<div class=\"elementor-spacer-inner\"><\/div>\n\t\t<\/div>\n\t\t\t\t\t\t<\/div>\n\t\t\t\t<\/div>\n\t\t\t\t<div class=\"elementor-element elementor-element-6e4dbb7 elementor-widget elementor-widget-text-editor\" data-id=\"6e4dbb7\" data-element_type=\"widget\" data-e-type=\"widget\" data-widget_type=\"text-editor.default\">\n\t\t\t\t<div class=\"elementor-widget-container\">\n\t\t\t\t\t\t\t\t\t<p><span style=\"font-weight: 400\">Para a 14\u00ba edi\u00e7\u00e3o deste projeto, ser\u00e1 produzido um document\u00e1rio de curta- metragem refletindo o entrecruzamento da arte com a pol\u00edtica na vida do poeta Felippe D\u2019Oliveira, que participou ativamente da articula\u00e7\u00e3o da revolu\u00e7\u00e3o de 1930. A produ\u00e7\u00e3o, que integra o projeto\u00a0 Por Onde Passa a Mem\u00f3ria da Cidade, busca recuperar a trajet\u00f3ria do santa-mariense que \u00e9 um expoente da literatura do in\u00edcio do s\u00e9culo XX, tendo seu nome eternizado no concurso liter\u00e1rio da cidade h\u00e1 mais de 45 anos.<\/span><\/p>\t\t\t\t\t\t\t\t<\/div>\n\t\t\t\t<\/div>\n\t\t\t\t\t<\/div>\n\t\t<\/div>\n\t\t\t\t\t<\/div>\n\t\t<\/section>\n\t\t\t\t\t<\/div>\n\t\t<\/div>\n\t\t\t\t\t<\/div>\n\t\t<\/section>\n\t\t\t\t<section class=\"elementor-section elementor-top-section elementor-element elementor-element-08bfa83 elementor-section-boxed elementor-section-height-default elementor-section-height-default\" data-id=\"08bfa83\" data-element_type=\"section\" data-e-type=\"section\">\n\t\t\t\t\t\t<div class=\"elementor-container elementor-column-gap-default\">\n\t\t\t\t\t<div class=\"elementor-column elementor-col-100 elementor-top-column elementor-element elementor-element-4530043\" data-id=\"4530043\" data-element_type=\"column\" data-e-type=\"column\">\n\t\t\t<div class=\"elementor-widget-wrap elementor-element-populated\">\n\t\t\t\t\t\t<div class=\"elementor-element elementor-element-b9499f0 elementor-widget elementor-widget-spacer\" data-id=\"b9499f0\" data-element_type=\"widget\" data-e-type=\"widget\" data-widget_type=\"spacer.default\">\n\t\t\t\t<div class=\"elementor-widget-container\">\n\t\t\t\t\t\t\t<div class=\"elementor-spacer\">\n\t\t\t<div class=\"elementor-spacer-inner\"><\/div>\n\t\t<\/div>\n\t\t\t\t\t\t<\/div>\n\t\t\t\t<\/div>\n\t\t\t\t<div class=\"elementor-element elementor-element-ed13afe elementor-widget elementor-widget-heading\" data-id=\"ed13afe\" data-element_type=\"widget\" data-e-type=\"widget\" data-widget_type=\"heading.default\">\n\t\t\t\t<div class=\"elementor-widget-container\">\n\t\t\t\t\t<h2 class=\"elementor-heading-title elementor-size-xl\">Cine em Movimento<\/h2>\t\t\t\t<\/div>\n\t\t\t\t<\/div>\n\t\t\t\t<div class=\"elementor-element elementor-element-1f7d448 elementor-widget elementor-widget-text-editor\" data-id=\"1f7d448\" data-element_type=\"widget\" data-e-type=\"widget\" data-widget_type=\"text-editor.default\">\n\t\t\t\t<div class=\"elementor-widget-container\">\n\t\t\t\t\t\t\t\t\t<p><span style=\"font-weight: 400\">Valor aprovado: R$ 30.000,00<\/span><\/p>\t\t\t\t\t\t\t\t<\/div>\n\t\t\t\t<\/div>\n\t\t\t\t<section class=\"elementor-section elementor-inner-section elementor-element elementor-element-d4063c4 elementor-section-boxed elementor-section-height-default elementor-section-height-default\" data-id=\"d4063c4\" data-element_type=\"section\" data-e-type=\"section\">\n\t\t\t\t\t\t<div class=\"elementor-container elementor-column-gap-default\">\n\t\t\t\t\t<div class=\"elementor-column elementor-col-50 elementor-inner-column elementor-element elementor-element-6262eeb\" data-id=\"6262eeb\" data-element_type=\"column\" data-e-type=\"column\">\n\t\t\t<div class=\"elementor-widget-wrap elementor-element-populated\">\n\t\t\t\t\t\t<div class=\"elementor-element elementor-element-6bc67b0 elementor-widget elementor-widget-image\" data-id=\"6bc67b0\" data-element_type=\"widget\" data-e-type=\"widget\" data-widget_type=\"image.default\">\n\t\t\t\t<div class=\"elementor-widget-container\">\n\t\t\t\t\t\t\t\t\t\t\t\t\t\t\t<img decoding=\"async\" width=\"396\" height=\"360\" src=\"https:\/\/tvovo.org\/portal\/wp-content\/uploads\/2022\/12\/IMG_4719-396x360.png\" class=\"attachment-htmega_size_396x360 size-htmega_size_396x360 wp-image-13671\" alt=\"\" \/>\t\t\t\t\t\t\t\t\t\t\t\t\t\t\t<\/div>\n\t\t\t\t<\/div>\n\t\t\t\t\t<\/div>\n\t\t<\/div>\n\t\t\t\t<div class=\"elementor-column elementor-col-50 elementor-inner-column elementor-element elementor-element-0018435\" data-id=\"0018435\" data-element_type=\"column\" data-e-type=\"column\">\n\t\t\t<div class=\"elementor-widget-wrap elementor-element-populated\">\n\t\t\t\t\t\t<div class=\"elementor-element elementor-element-5a0e084 elementor-widget elementor-widget-spacer\" data-id=\"5a0e084\" data-element_type=\"widget\" data-e-type=\"widget\" data-widget_type=\"spacer.default\">\n\t\t\t\t<div class=\"elementor-widget-container\">\n\t\t\t\t\t\t\t<div class=\"elementor-spacer\">\n\t\t\t<div class=\"elementor-spacer-inner\"><\/div>\n\t\t<\/div>\n\t\t\t\t\t\t<\/div>\n\t\t\t\t<\/div>\n\t\t\t\t<div class=\"elementor-element elementor-element-05428a6 elementor-widget elementor-widget-text-editor\" data-id=\"05428a6\" data-element_type=\"widget\" data-e-type=\"widget\" data-widget_type=\"text-editor.default\">\n\t\t\t\t<div class=\"elementor-widget-container\">\n\t\t\t\t\t\t\t\t\t<p><span style=\"font-weight: 400\">Em 2023,\u00a0 o projeto Cine em Movimento vai levar a produ\u00e7\u00e3o audiovisual independente para diversos locais de Santa Maria, a partir da tradi\u00e7\u00e3o cineclubista da cidade, para democratizar o cinema e popularizar as produ\u00e7\u00f5es de Santa Maria e da regi\u00e3o central do Estado. As obras exibidas ser\u00e3o selecionadas a partir de um edital p\u00fablico em que os realizadores da cidade poder\u00e3o inscrever os seus curtas-metragens com o objetivo\u00a0 de refletir os diversos sentidos de identidade da cidade e incluir produ\u00e7\u00f5es voltadas para visibilizar temas de minorias e\/ou a\u00e7\u00f5es afirmativas desses grupos.<\/span><\/p>\t\t\t\t\t\t\t\t<\/div>\n\t\t\t\t<\/div>\n\t\t\t\t\t<\/div>\n\t\t<\/div>\n\t\t\t\t\t<\/div>\n\t\t<\/section>\n\t\t\t\t\t<\/div>\n\t\t<\/div>\n\t\t\t\t\t<\/div>\n\t\t<\/section>\n\t\t\t\t<section class=\"elementor-section elementor-top-section elementor-element elementor-element-f185c8f elementor-section-boxed elementor-section-height-default elementor-section-height-default\" data-id=\"f185c8f\" data-element_type=\"section\" data-e-type=\"section\">\n\t\t\t\t\t\t<div class=\"elementor-container elementor-column-gap-default\">\n\t\t\t\t\t<div class=\"elementor-column elementor-col-100 elementor-top-column elementor-element elementor-element-5cf9d50\" data-id=\"5cf9d50\" data-element_type=\"column\" data-e-type=\"column\">\n\t\t\t<div class=\"elementor-widget-wrap elementor-element-populated\">\n\t\t\t\t\t\t<div class=\"elementor-element elementor-element-da7ac01 elementor-widget elementor-widget-spacer\" data-id=\"da7ac01\" data-element_type=\"widget\" data-e-type=\"widget\" data-widget_type=\"spacer.default\">\n\t\t\t\t<div class=\"elementor-widget-container\">\n\t\t\t\t\t\t\t<div class=\"elementor-spacer\">\n\t\t\t<div class=\"elementor-spacer-inner\"><\/div>\n\t\t<\/div>\n\t\t\t\t\t\t<\/div>\n\t\t\t\t<\/div>\n\t\t\t\t<div class=\"elementor-element elementor-element-241ff2d elementor-widget elementor-widget-heading\" data-id=\"241ff2d\" data-element_type=\"widget\" data-e-type=\"widget\" data-widget_type=\"heading.default\">\n\t\t\t\t<div class=\"elementor-widget-container\">\n\t\t\t\t\t<h2 class=\"elementor-heading-title elementor-size-xl\">Distrite-se<\/h2>\t\t\t\t<\/div>\n\t\t\t\t<\/div>\n\t\t\t\t<div class=\"elementor-element elementor-element-df0925c elementor-widget elementor-widget-text-editor\" data-id=\"df0925c\" data-element_type=\"widget\" data-e-type=\"widget\" data-widget_type=\"text-editor.default\">\n\t\t\t\t<div class=\"elementor-widget-container\">\n\t\t\t\t\t\t\t\t\t<p><span style=\"font-weight: 400\">Valor aprovado: R$ 50.000,00<\/span><\/p>\t\t\t\t\t\t\t\t<\/div>\n\t\t\t\t<\/div>\n\t\t\t\t<section class=\"elementor-section elementor-inner-section elementor-element elementor-element-b69b4f3 elementor-section-boxed elementor-section-height-default elementor-section-height-default\" data-id=\"b69b4f3\" data-element_type=\"section\" data-e-type=\"section\">\n\t\t\t\t\t\t<div class=\"elementor-container elementor-column-gap-default\">\n\t\t\t\t\t<div class=\"elementor-column elementor-col-50 elementor-inner-column elementor-element elementor-element-4b73d93\" data-id=\"4b73d93\" data-element_type=\"column\" data-e-type=\"column\">\n\t\t\t<div class=\"elementor-widget-wrap elementor-element-populated\">\n\t\t\t\t\t\t<div class=\"elementor-element elementor-element-36e5512 elementor-widget elementor-widget-image\" data-id=\"36e5512\" data-element_type=\"widget\" data-e-type=\"widget\" data-widget_type=\"image.default\">\n\t\t\t\t<div class=\"elementor-widget-container\">\n\t\t\t\t\t\t\t\t\t\t\t\t\t\t\t<img loading=\"lazy\" decoding=\"async\" width=\"800\" height=\"800\" src=\"https:\/\/tvovo.org\/portal\/wp-content\/uploads\/2022\/12\/IMG_4720-1024x1024.png\" class=\"attachment-large size-large wp-image-13672\" alt=\"\" srcset=\"https:\/\/tvovo.org\/portal\/wp-content\/uploads\/2022\/12\/IMG_4720-1024x1024.png 1024w, https:\/\/tvovo.org\/portal\/wp-content\/uploads\/2022\/12\/IMG_4720-300x300.png 300w, https:\/\/tvovo.org\/portal\/wp-content\/uploads\/2022\/12\/IMG_4720-150x150.png 150w, https:\/\/tvovo.org\/portal\/wp-content\/uploads\/2022\/12\/IMG_4720-768x768.png 768w, https:\/\/tvovo.org\/portal\/wp-content\/uploads\/2022\/12\/IMG_4720.png 1080w\" sizes=\"(max-width: 800px) 100vw, 800px\" \/>\t\t\t\t\t\t\t\t\t\t\t\t\t\t\t<\/div>\n\t\t\t\t<\/div>\n\t\t\t\t\t<\/div>\n\t\t<\/div>\n\t\t\t\t<div class=\"elementor-column elementor-col-50 elementor-inner-column elementor-element elementor-element-36981bb\" data-id=\"36981bb\" data-element_type=\"column\" data-e-type=\"column\">\n\t\t\t<div class=\"elementor-widget-wrap elementor-element-populated\">\n\t\t\t\t\t\t<div class=\"elementor-element elementor-element-ab49b3a elementor-widget elementor-widget-spacer\" data-id=\"ab49b3a\" data-element_type=\"widget\" data-e-type=\"widget\" data-widget_type=\"spacer.default\">\n\t\t\t\t<div class=\"elementor-widget-container\">\n\t\t\t\t\t\t\t<div class=\"elementor-spacer\">\n\t\t\t<div class=\"elementor-spacer-inner\"><\/div>\n\t\t<\/div>\n\t\t\t\t\t\t<\/div>\n\t\t\t\t<\/div>\n\t\t\t\t<div class=\"elementor-element elementor-element-9b49e73 elementor-widget elementor-widget-text-editor\" data-id=\"9b49e73\" data-element_type=\"widget\" data-e-type=\"widget\" data-widget_type=\"text-editor.default\">\n\t\t\t\t<div class=\"elementor-widget-container\">\n\t\t\t\t\t\t\t\t\t<p><span style=\"font-weight: 400\">O projeto abordar\u00e1 as diversas conex\u00f5es tem\u00e1ticas do Distrito Criativo Centro-Gare de Santa Maria. Em cada entrevista um recorte das 4 dimens\u00f5es estrat\u00e9gicas do Distrito Criativo ser\u00e1 abordada (Ambiente Natural e Constru\u00eddo; Identidade e Recursos Culturais, Governan\u00e7a e Pol\u00edticas P\u00fablicas, e Economia Criativa). Entre os objetivos da produ\u00e7\u00e3o est\u00e3o o fomento da produ\u00e7\u00e3o audiovisual com enfoque na recupera\u00e7\u00e3o e valoriza\u00e7\u00e3o do patrim\u00f4nio e a mobiliza\u00e7\u00e3o da cidade em torno do projeto do Distrito Criativo Centro-Gare.\u00a0<\/span><\/p><p>\u00a0<\/p>\t\t\t\t\t\t\t\t<\/div>\n\t\t\t\t<\/div>\n\t\t\t\t\t<\/div>\n\t\t<\/div>\n\t\t\t\t\t<\/div>\n\t\t<\/section>\n\t\t\t\t\t<\/div>\n\t\t<\/div>\n\t\t\t\t\t<\/div>\n\t\t<\/section>\n\t\t\t\t<section class=\"elementor-section elementor-top-section elementor-element elementor-element-cdb8ae5 elementor-section-boxed elementor-section-height-default elementor-section-height-default\" data-id=\"cdb8ae5\" data-element_type=\"section\" data-e-type=\"section\">\n\t\t\t\t\t\t<div class=\"elementor-container elementor-column-gap-default\">\n\t\t\t\t\t<div class=\"elementor-column elementor-col-100 elementor-top-column elementor-element elementor-element-376772e\" data-id=\"376772e\" data-element_type=\"column\" data-e-type=\"column\">\n\t\t\t<div class=\"elementor-widget-wrap elementor-element-populated\">\n\t\t\t\t\t\t<div class=\"elementor-element elementor-element-e8092ca elementor-widget elementor-widget-spacer\" data-id=\"e8092ca\" data-element_type=\"widget\" data-e-type=\"widget\" data-widget_type=\"spacer.default\">\n\t\t\t\t<div class=\"elementor-widget-container\">\n\t\t\t\t\t\t\t<div class=\"elementor-spacer\">\n\t\t\t<div class=\"elementor-spacer-inner\"><\/div>\n\t\t<\/div>\n\t\t\t\t\t\t<\/div>\n\t\t\t\t<\/div>\n\t\t\t\t<div class=\"elementor-element elementor-element-53be905 elementor-widget elementor-widget-text-editor\" data-id=\"53be905\" data-element_type=\"widget\" data-e-type=\"widget\" data-widget_type=\"text-editor.default\">\n\t\t\t\t<div class=\"elementor-widget-container\">\n\t\t\t\t\t\t\t\t\t<p><strong>Nos contate pelo e-mail tvovo@tvovo.org, ou pelo nosso Facebook e Instagram: @tvovosm.<\/strong><\/p>\t\t\t\t\t\t\t\t<\/div>\n\t\t\t\t<\/div>\n\t\t\t\t\t<\/div>\n\t\t<\/div>\n\t\t\t\t\t<\/div>\n\t\t<\/section>\n\t\t\t\t<\/div>\n\t\t","protected":false},"excerpt":{"rendered":"<p>O fim de ano chegou e com ele as resolu\u00e7\u00f5es de ano novo e planejamentos! Por aqui na TV OVO n\u00e3o \u00e9 diferente! Estamos encerrando o ano com a aprova\u00e7\u00e3o de quatro projetos, atrav\u00e9s da Lei de Incentivo \u00e0 Cultura de Santa Maria \u2013 LIC\/ SM, que ir\u00e3o nortear boa parte de nossas atividades em [&hellip;]<\/p>\n","protected":false},"author":25,"featured_media":13687,"comment_status":"open","ping_status":"open","sticky":false,"template":"","format":"standard","meta":{"footnotes":""},"categories":[22],"tags":[114,1295,84,1331,273,302,1079,159,136],"class_list":["post-13665","post","type-post","status-publish","format-standard","has-post-thumbnail","hentry","category-noticias","tag-audiovisual","tag-cine-em-movimento","tag-cultura","tag-distrite-se","tag-documentario","tag-olhares-da-comunidade","tag-por-onde-passa-a-memoria-da-cidade","tag-santa-maria","tag-tv-ovo"],"_links":{"self":[{"href":"https:\/\/tvovo.org\/portal\/wp-json\/wp\/v2\/posts\/13665","targetHints":{"allow":["GET"]}}],"collection":[{"href":"https:\/\/tvovo.org\/portal\/wp-json\/wp\/v2\/posts"}],"about":[{"href":"https:\/\/tvovo.org\/portal\/wp-json\/wp\/v2\/types\/post"}],"author":[{"embeddable":true,"href":"https:\/\/tvovo.org\/portal\/wp-json\/wp\/v2\/users\/25"}],"replies":[{"embeddable":true,"href":"https:\/\/tvovo.org\/portal\/wp-json\/wp\/v2\/comments?post=13665"}],"version-history":[{"count":0,"href":"https:\/\/tvovo.org\/portal\/wp-json\/wp\/v2\/posts\/13665\/revisions"}],"wp:featuredmedia":[{"embeddable":true,"href":"https:\/\/tvovo.org\/portal\/wp-json\/wp\/v2\/media\/13687"}],"wp:attachment":[{"href":"https:\/\/tvovo.org\/portal\/wp-json\/wp\/v2\/media?parent=13665"}],"wp:term":[{"taxonomy":"category","embeddable":true,"href":"https:\/\/tvovo.org\/portal\/wp-json\/wp\/v2\/categories?post=13665"},{"taxonomy":"post_tag","embeddable":true,"href":"https:\/\/tvovo.org\/portal\/wp-json\/wp\/v2\/tags?post=13665"}],"curies":[{"name":"wp","href":"https:\/\/api.w.org\/{rel}","templated":true}]}}