{"id":13641,"date":"2022-12-10T11:10:17","date_gmt":"2022-12-10T14:10:17","guid":{"rendered":"https:\/\/tvovo.org\/portal\/?p=13641"},"modified":"2023-01-19T13:51:16","modified_gmt":"2023-01-19T16:51:16","slug":"lancamento-da-webserie-na-cozinha-com-fiorella-coproducao-da-tv-ovo-e-realizacao-de-denise-copetti-producoes","status":"publish","type":"post","link":"https:\/\/tvovo.org\/portal\/lancamento-da-webserie-na-cozinha-com-fiorella-coproducao-da-tv-ovo-e-realizacao-de-denise-copetti-producoes\/","title":{"rendered":"Lan\u00e7amento da webs\u00e9rie \u201cNa Cozinha com Fiorella\u201d, coprodu\u00e7\u00e3o da TV OVO e realiza\u00e7\u00e3o de Denise Copetti Produ\u00e7\u00f5es."},"content":{"rendered":"\t\t<div data-elementor-type=\"wp-post\" data-elementor-id=\"13641\" class=\"elementor elementor-13641\" data-elementor-post-type=\"post\">\n\t\t\t\t\t\t<section class=\"elementor-section elementor-top-section elementor-element elementor-element-fcb94e4 elementor-section-boxed elementor-section-height-default elementor-section-height-default\" data-id=\"fcb94e4\" data-element_type=\"section\" data-e-type=\"section\">\n\t\t\t\t\t\t<div class=\"elementor-container elementor-column-gap-default\">\n\t\t\t\t\t<div class=\"elementor-column elementor-col-100 elementor-top-column elementor-element elementor-element-bbe5ab7\" data-id=\"bbe5ab7\" data-element_type=\"column\" data-e-type=\"column\">\n\t\t\t<div class=\"elementor-widget-wrap elementor-element-populated\">\n\t\t\t\t\t\t<div class=\"elementor-element elementor-element-94ded12 elementor-widget elementor-widget-text-editor\" data-id=\"94ded12\" data-element_type=\"widget\" data-e-type=\"widget\" data-widget_type=\"text-editor.default\">\n\t\t\t\t<div class=\"elementor-widget-container\">\n\t\t\t\t\t\t\t\t\t<p><span style=\"font-weight: 400;\">Produ\u00e7\u00e3o audiovisual local, santamariense, baseada no espet\u00e1culo teatral \u201cA Venda (2016), com recursos de acessibilidade, muito protagonismo feminino e um olhar atento e cr\u00edtico \u00e0 produ\u00e7\u00e3o de alimentos com uso excessivo de\u00a0 agrot\u00f3xicos, sem o cuidado necess\u00e1rio com a sa\u00fade do consumidor e do meio ambiente. Assim \u00e9 a webs\u00e9rie \u201cNa Cozinha com Fiorella\u201d (2022)!<\/span><\/p><p><span style=\"font-weight: 400;\">Para assistir e conhecer as sinopses dos epis\u00f3dios: <\/span><i><span style=\"font-weight: 400;\">Polenta, Produtos Org\u00e2nicos, Comercializa\u00e7\u00e3o e Tecnologia <\/span><\/i><span style=\"font-weight: 400;\">e<\/span><i><span style=\"font-weight: 400;\"> Vida no Campo<\/span><\/i><span style=\"font-weight: 400;\"> confira a nossa playlist no \u00a0Youtube: <\/span><strong><a href=\"https:\/\/www.youtube.com\/watch?v=jt0bqGKq1FI&amp;list=PLHgjtFjZWUeArGP34-Y8599853DTC8CdN\">https:\/\/www.youtube.com\/watch?v=jt0bqGKq1FI&amp;list=PLHgjtFjZWUeArGP34-Y8599853DTC8CdN<\/a><\/strong><span style=\"font-weight: 400;\"><strong>,<\/strong> aqui voc\u00ea encontra os 4 epis\u00f3dios com e sem interpreta\u00e7\u00e3o em libras, uma a\u00e7\u00e3o afirmativa que proporciona acessibilidade \u00e0s pessoas com defici\u00eancia auditiva. Os epis\u00f3dios tamb\u00e9m est\u00e3o dispon\u00edveis no nosso Instagram e no nosso\u00a0 Facebook, acesse: <\/span><strong><a href=\"https:\/\/www.youtube.com\/redirect?event=video_description&amp;redir_token=QUFFLUhqbDFCaEZwNFBaR1hTTGtVT2dvYkh4MFJ3bDcxd3xBQ3Jtc0trTHdGNG5TZWJXb3J2SzhxNklDSWVJZW5ZRlpxVmVWR0tGRjY2ZVF2YllTV0QzZkFnZUs1VkVramJIb1NZZEVkWmhFckxzN0cwcEhTbHNqczhCa01MelpCTERJQnJZVDVidnk0WXZLblVUclpLV0tLSQ&amp;q=https%3A%2F%2Fwww.facebook.com%2Ftvovosm&amp;v=jt0bqGKq1FI\">https:\/\/www.facebook.com\/tvovosm<\/a>, <a href=\"https:\/\/www.youtube.com\/redirect?event=video_description&amp;redir_token=QUFFLUhqazkyYlhqMzZDdGVMUzUtQzdpdUhzM3lDMEJlZ3xBQ3Jtc0tsdDZLczhlYzEwMHRrUEM5UGowM0k3REItbHczTmd5ZW1aRmhfcWNEaGRxbjVoQmZBWVhTYVNoMHQ1RnpoRmVmREdxUDh1NnVvQldPV3hVUk9VRUlGb05qNDhaN2VuUWpUMHpEN3dralZVVFkyMy0xaw&amp;q=https%3A%2F%2Fwww.instagram.com%2Ftvovosm&amp;v=jt0bqGKq1FI\">https:\/\/www.instagram.com\/tvovosm<\/a>.<\/strong><\/p>\t\t\t\t\t\t\t\t<\/div>\n\t\t\t\t<\/div>\n\t\t\t\t<div class=\"elementor-element elementor-element-214886a elementor-widget elementor-widget-video\" data-id=\"214886a\" data-element_type=\"widget\" data-e-type=\"widget\" data-settings=\"{&quot;youtube_url&quot;:&quot;https:\\\/\\\/www.youtube.com\\\/watch?v=jt0bqGKq1FI&amp;list=PLHgjtFjZWUeArGP34-Y8599853DTC8CdN&quot;,&quot;video_type&quot;:&quot;youtube&quot;,&quot;controls&quot;:&quot;yes&quot;}\" data-widget_type=\"video.default\">\n\t\t\t\t<div class=\"elementor-widget-container\">\n\t\t\t\t\t\t\t<div class=\"elementor-wrapper elementor-open-inline\">\n\t\t\t<div class=\"elementor-video\"><\/div>\t\t<\/div>\n\t\t\t\t\t\t<\/div>\n\t\t\t\t<\/div>\n\t\t\t\t\t<\/div>\n\t\t<\/div>\n\t\t\t\t\t<\/div>\n\t\t<\/section>\n\t\t\t\t<section class=\"elementor-section elementor-top-section elementor-element elementor-element-5ef0163 elementor-section-boxed elementor-section-height-default elementor-section-height-default\" data-id=\"5ef0163\" data-element_type=\"section\" data-e-type=\"section\">\n\t\t\t\t\t\t<div class=\"elementor-container elementor-column-gap-default\">\n\t\t\t\t\t<div class=\"elementor-column elementor-col-100 elementor-top-column elementor-element elementor-element-6d583df\" data-id=\"6d583df\" data-element_type=\"column\" data-e-type=\"column\">\n\t\t\t<div class=\"elementor-widget-wrap elementor-element-populated\">\n\t\t\t\t\t\t<div class=\"elementor-element elementor-element-addc0a9 elementor-widget elementor-widget-image\" data-id=\"addc0a9\" data-element_type=\"widget\" data-e-type=\"widget\" data-widget_type=\"image.default\">\n\t\t\t\t<div class=\"elementor-widget-container\">\n\t\t\t\t\t\t\t\t\t\t\t\t<figure class=\"wp-caption\">\n\t\t\t\t\t\t\t\t\t\t<img fetchpriority=\"high\" decoding=\"async\" width=\"2560\" height=\"1920\" src=\"https:\/\/tvovo.org\/portal\/wp-content\/uploads\/2022\/12\/IMG_8172.JPG_FOTO1DO-TEXTO-scaled.jpg\" class=\"attachment-full size-full wp-image-13643\" alt=\"\" srcset=\"https:\/\/tvovo.org\/portal\/wp-content\/uploads\/2022\/12\/IMG_8172.JPG_FOTO1DO-TEXTO-scaled.jpg 2560w, https:\/\/tvovo.org\/portal\/wp-content\/uploads\/2022\/12\/IMG_8172.JPG_FOTO1DO-TEXTO-300x225.jpg 300w, https:\/\/tvovo.org\/portal\/wp-content\/uploads\/2022\/12\/IMG_8172.JPG_FOTO1DO-TEXTO-1024x768.jpg 1024w, https:\/\/tvovo.org\/portal\/wp-content\/uploads\/2022\/12\/IMG_8172.JPG_FOTO1DO-TEXTO-768x576.jpg 768w, https:\/\/tvovo.org\/portal\/wp-content\/uploads\/2022\/12\/IMG_8172.JPG_FOTO1DO-TEXTO-1536x1152.jpg 1536w, https:\/\/tvovo.org\/portal\/wp-content\/uploads\/2022\/12\/IMG_8172.JPG_FOTO1DO-TEXTO-2048x1536.jpg 2048w\" sizes=\"(max-width: 2560px) 100vw, 2560px\" \/>\t\t\t\t\t\t\t\t\t\t\t<figcaption class=\"widget-image-caption wp-caption-text\">Fiorella e sua polenta raiz nas grava\u00e7\u00f5es do primeiro epis\u00f3dio da webs\u00e9rie.<\/figcaption>\n\t\t\t\t\t\t\t\t\t\t<\/figure>\n\t\t\t\t\t\t\t\t\t<\/div>\n\t\t\t\t<\/div>\n\t\t\t\t\t<\/div>\n\t\t<\/div>\n\t\t\t\t\t<\/div>\n\t\t<\/section>\n\t\t\t\t<section class=\"elementor-section elementor-top-section elementor-element elementor-element-4e3107f elementor-section-boxed elementor-section-height-default elementor-section-height-default\" data-id=\"4e3107f\" data-element_type=\"section\" data-e-type=\"section\">\n\t\t\t\t\t\t<div class=\"elementor-container elementor-column-gap-default\">\n\t\t\t\t\t<div class=\"elementor-column elementor-col-100 elementor-top-column elementor-element elementor-element-8844604\" data-id=\"8844604\" data-element_type=\"column\" data-e-type=\"column\">\n\t\t\t<div class=\"elementor-widget-wrap elementor-element-populated\">\n\t\t\t\t\t\t<div class=\"elementor-element elementor-element-6c5e463 elementor-widget elementor-widget-text-editor\" data-id=\"6c5e463\" data-element_type=\"widget\" data-e-type=\"widget\" data-widget_type=\"text-editor.default\">\n\t\t\t\t<div class=\"elementor-widget-container\">\n\t\t\t\t\t\t\t\t\t<p><span style=\"font-weight: 400\">Janaina Castaldello atriz e professora de teatro por forma\u00e7\u00e3o trabalhou como produtora e diretora de arte na s\u00e9rie e ressalta a representatividade feminina e o diferencial da produ\u00e7\u00e3o para a sua trajet\u00f3ria profissional, para Santa Maria e para o \u00e2mbito audiovisual. \u201cNum cen\u00e1rio protagonizado predominantemente por homens, como no audiovisual, e sendo nova nesse meio, percebo a relev\u00e2ncia desse projeto ser executado por uma equipe composta na maioria por mulheres. Contando com uma mulher na dire\u00e7\u00e3o de v\u00eddeo, uma mulher como protagonista da s\u00e9rie, e a equipe da produ\u00e7\u00e3o que tamb\u00e9m \u00e9 composta por mulheres. Al\u00e9m de ser uma s\u00e9rie que fala sobre a terra, comida de qualidade, agricultura familiar, agroecologia, dentre outras coisas, \u00e9 uma produ\u00e7\u00e3o que afirma a pot\u00eancia feminina, dando espa\u00e7o sem sublinhar nada, s\u00f3 deixando as pot\u00eancias de cada uma atuarem, livres, como tem de ser\u201d, ressalta Janaina.<\/span><\/p>\t\t\t\t\t\t\t\t<\/div>\n\t\t\t\t<\/div>\n\t\t\t\t\t<\/div>\n\t\t<\/div>\n\t\t\t\t\t<\/div>\n\t\t<\/section>\n\t\t\t\t<section class=\"elementor-section elementor-top-section elementor-element elementor-element-8a54f79 elementor-section-boxed elementor-section-height-default elementor-section-height-default\" data-id=\"8a54f79\" data-element_type=\"section\" data-e-type=\"section\">\n\t\t\t\t\t\t<div class=\"elementor-container elementor-column-gap-default\">\n\t\t\t\t\t<div class=\"elementor-column elementor-col-100 elementor-top-column elementor-element elementor-element-e02f838\" data-id=\"e02f838\" data-element_type=\"column\" data-e-type=\"column\">\n\t\t\t<div class=\"elementor-widget-wrap elementor-element-populated\">\n\t\t\t\t\t\t<div class=\"elementor-element elementor-element-5015105 elementor-widget elementor-widget-image\" data-id=\"5015105\" data-element_type=\"widget\" data-e-type=\"widget\" data-widget_type=\"image.default\">\n\t\t\t\t<div class=\"elementor-widget-container\">\n\t\t\t\t\t\t\t\t\t\t\t\t<figure class=\"wp-caption\">\n\t\t\t\t\t\t\t\t\t\t<img decoding=\"async\" width=\"2560\" height=\"1440\" src=\"https:\/\/tvovo.org\/portal\/wp-content\/uploads\/2022\/12\/FOTO2-scaled.jpg\" class=\"attachment-full size-full wp-image-13644\" alt=\"\" srcset=\"https:\/\/tvovo.org\/portal\/wp-content\/uploads\/2022\/12\/FOTO2-scaled.jpg 2560w, https:\/\/tvovo.org\/portal\/wp-content\/uploads\/2022\/12\/FOTO2-300x169.jpg 300w, https:\/\/tvovo.org\/portal\/wp-content\/uploads\/2022\/12\/FOTO2-1024x576.jpg 1024w, https:\/\/tvovo.org\/portal\/wp-content\/uploads\/2022\/12\/FOTO2-768x432.jpg 768w, https:\/\/tvovo.org\/portal\/wp-content\/uploads\/2022\/12\/FOTO2-1536x864.jpg 1536w, https:\/\/tvovo.org\/portal\/wp-content\/uploads\/2022\/12\/FOTO2-2048x1152.jpg 2048w\" sizes=\"(max-width: 2560px) 100vw, 2560px\" \/>\t\t\t\t\t\t\t\t\t\t\t<figcaption class=\"widget-image-caption wp-caption-text\">Parte da equipe protagonizada por mulheres ajustando os \u00faltimos detalhes pr\u00e9-grava\u00e7\u00e3o.<\/figcaption>\n\t\t\t\t\t\t\t\t\t\t<\/figure>\n\t\t\t\t\t\t\t\t\t<\/div>\n\t\t\t\t<\/div>\n\t\t\t\t\t<\/div>\n\t\t<\/div>\n\t\t\t\t\t<\/div>\n\t\t<\/section>\n\t\t\t\t<section class=\"elementor-section elementor-top-section elementor-element elementor-element-796f16e elementor-section-boxed elementor-section-height-default elementor-section-height-default\" data-id=\"796f16e\" data-element_type=\"section\" data-e-type=\"section\">\n\t\t\t\t\t\t<div class=\"elementor-container elementor-column-gap-default\">\n\t\t\t\t\t<div class=\"elementor-column elementor-col-100 elementor-top-column elementor-element elementor-element-57101ef\" data-id=\"57101ef\" data-element_type=\"column\" data-e-type=\"column\">\n\t\t\t<div class=\"elementor-widget-wrap elementor-element-populated\">\n\t\t\t\t\t\t<div class=\"elementor-element elementor-element-b5d3258 elementor-widget elementor-widget-text-editor\" data-id=\"b5d3258\" data-element_type=\"widget\" data-e-type=\"widget\" data-widget_type=\"text-editor.default\">\n\t\t\t\t<div class=\"elementor-widget-container\">\n\t\t\t\t\t\t\t\t\t<p>A produ\u00e7\u00e3o tem dire\u00e7\u00e3o audiovisual de Neli Mombelli e dire\u00e7\u00e3o de cena de La\u00e9dio Martins. As personagens que guiam as hist\u00f3rias durante os 4 epis\u00f3dios migram do teatro para o audiovisual, Fiorella (Denise Copetti) e Francesca (Camila Borges) nascem no palco, no espet\u00e1culo dirigido por La\u00e9dio: \u201cA Venda\u201d (2016) e hoje, neste projeto, desbravaram novas linguagens, aventuraram-se no audiovisual, ampliando seus espa\u00e7os para o fazer refletir, para o contar hist\u00f3rias, para a multiplica\u00e7\u00e3o de mensagens.<\/p>\t\t\t\t\t\t\t\t<\/div>\n\t\t\t\t<\/div>\n\t\t\t\t\t<\/div>\n\t\t<\/div>\n\t\t\t\t\t<\/div>\n\t\t<\/section>\n\t\t\t\t<section class=\"elementor-section elementor-top-section elementor-element elementor-element-7798c46 elementor-section-boxed elementor-section-height-default elementor-section-height-default\" data-id=\"7798c46\" data-element_type=\"section\" data-e-type=\"section\">\n\t\t\t\t\t\t<div class=\"elementor-container elementor-column-gap-default\">\n\t\t\t\t\t<div class=\"elementor-column elementor-col-100 elementor-top-column elementor-element elementor-element-ba301b1\" data-id=\"ba301b1\" data-element_type=\"column\" data-e-type=\"column\">\n\t\t\t<div class=\"elementor-widget-wrap elementor-element-populated\">\n\t\t\t\t\t\t<div class=\"elementor-element elementor-element-7e9c91e elementor-widget elementor-widget-text-editor\" data-id=\"7e9c91e\" data-element_type=\"widget\" data-e-type=\"widget\" data-widget_type=\"text-editor.default\">\n\t\t\t\t<div class=\"elementor-widget-container\">\n\t\t\t\t\t\t\t\t\t<p>De forma leve, com linguagens teatrais como a Commedia Dell&#8217;arte e elementos da comicidade \u201cNa Cozinha com Fiorella\u201d surpreende, diverte e informa, abordando tem\u00e1ticas semelhantes ao espet\u00e1culo que a deu origem como as novas tecnologias em um contexto rural, as redes sociais, os transg\u00eanicos, a monocultura, as sementes crioulas, o abandono do campo, entre outros pontos. Neste contexto temos a personagem Francesca, uma guria jovem do interior que vai estudar na cidade grande mas volta com muitas ideias diferentes, inovadoras, saud\u00e1veis e rent\u00e1veis para o neg\u00f3cio do pai. Volta vislumbrando um futuro com essa ideia da produ\u00e7\u00e3o org\u00e2nica e diversificada dos alimentos, quer instalar uma antena para ter internet e vender online, quer qualidade, praticidade e rapidez nas entregas. E ela consegue tudo isso.\u00a0<\/p>\t\t\t\t\t\t\t\t<\/div>\n\t\t\t\t<\/div>\n\t\t\t\t\t<\/div>\n\t\t<\/div>\n\t\t\t\t\t<\/div>\n\t\t<\/section>\n\t\t\t\t<section class=\"elementor-section elementor-top-section elementor-element elementor-element-b1f8606 elementor-section-boxed elementor-section-height-default elementor-section-height-default\" data-id=\"b1f8606\" data-element_type=\"section\" data-e-type=\"section\">\n\t\t\t\t\t\t<div class=\"elementor-container elementor-column-gap-default\">\n\t\t\t\t\t<div class=\"elementor-column elementor-col-100 elementor-top-column elementor-element elementor-element-b2f50d2\" data-id=\"b2f50d2\" data-element_type=\"column\" data-e-type=\"column\">\n\t\t\t<div class=\"elementor-widget-wrap elementor-element-populated\">\n\t\t\t\t\t\t<div class=\"elementor-element elementor-element-4d238f4 elementor-widget elementor-widget-text-editor\" data-id=\"4d238f4\" data-element_type=\"widget\" data-e-type=\"widget\" data-widget_type=\"text-editor.default\">\n\t\t\t\t<div class=\"elementor-widget-container\">\n\t\t\t\t\t\t\t\t\t<p><span style=\"color: var( --e-global-color-text );font-family: var( --e-global-typography-text-font-family ), Sans-serif;background-color: var(--nv-site-bg)\">A partir da trajet\u00f3ria da Francesca \u00e9 poss\u00edvel inspirar muitas e muitos jovens do campo a permanecer nas propriedades rurais, agregando trabalho, ideias e cultivando as tradi\u00e7\u00f5es familiares. Denise Copetti chama a aten\u00e7\u00e3o para a hist\u00f3ria da personagem e conta que a partir do perfil de Francesca: \u201cbuscamos provocar e incentivar o jovem que gosta do campo a permanecer, n\u00e3o precisa sair do interior para crescer, pode continuar na propriedade, tem tecnologia, tem acesso ao conhecimento pela internet, tem como produzir no interior, tem como se manter, tem como estudar\u201d, exemplifica Denise Copetti proponente do projeto e atriz interpretando Fiorella. \u201cQueremos tamb\u00e9m desromantizar a vida no campo, muita gente se mudou para o interior na pandemia, buscando sossego, mas \u00e9 importante dizer que o trabalho \u00e9 \u00e1rduo, se quer comer tem plantar, botar a m\u00e3o na terra, como a pr\u00f3pria Fiorella diz: \u201co lavoro \u00e9 bruto,\u201d &#8211; completa Denise.<\/span><br><\/p>\t\t\t\t\t\t\t\t<\/div>\n\t\t\t\t<\/div>\n\t\t\t\t\t<\/div>\n\t\t<\/div>\n\t\t\t\t\t<\/div>\n\t\t<\/section>\n\t\t\t\t<section class=\"elementor-section elementor-top-section elementor-element elementor-element-86a43eb elementor-section-boxed elementor-section-height-default elementor-section-height-default\" data-id=\"86a43eb\" data-element_type=\"section\" data-e-type=\"section\">\n\t\t\t\t\t\t<div class=\"elementor-container elementor-column-gap-default\">\n\t\t\t\t\t<div class=\"elementor-column elementor-col-100 elementor-top-column elementor-element elementor-element-827b4ac\" data-id=\"827b4ac\" data-element_type=\"column\" data-e-type=\"column\">\n\t\t\t<div class=\"elementor-widget-wrap elementor-element-populated\">\n\t\t\t\t\t\t<div class=\"elementor-element elementor-element-6684099 elementor-widget elementor-widget-image\" data-id=\"6684099\" data-element_type=\"widget\" data-e-type=\"widget\" data-widget_type=\"image.default\">\n\t\t\t\t<div class=\"elementor-widget-container\">\n\t\t\t\t\t\t\t\t\t\t\t\t<figure class=\"wp-caption\">\n\t\t\t\t\t\t\t\t\t\t<img decoding=\"async\" width=\"2560\" height=\"1920\" src=\"https:\/\/tvovo.org\/portal\/wp-content\/uploads\/2022\/12\/IMG_8153.JPG-FOT0-3-scaled.jpg\" class=\"attachment-full size-full wp-image-13645\" alt=\"\" srcset=\"https:\/\/tvovo.org\/portal\/wp-content\/uploads\/2022\/12\/IMG_8153.JPG-FOT0-3-scaled.jpg 2560w, https:\/\/tvovo.org\/portal\/wp-content\/uploads\/2022\/12\/IMG_8153.JPG-FOT0-3-300x225.jpg 300w, https:\/\/tvovo.org\/portal\/wp-content\/uploads\/2022\/12\/IMG_8153.JPG-FOT0-3-1024x768.jpg 1024w, https:\/\/tvovo.org\/portal\/wp-content\/uploads\/2022\/12\/IMG_8153.JPG-FOT0-3-768x576.jpg 768w, https:\/\/tvovo.org\/portal\/wp-content\/uploads\/2022\/12\/IMG_8153.JPG-FOT0-3-1536x1152.jpg 1536w, https:\/\/tvovo.org\/portal\/wp-content\/uploads\/2022\/12\/IMG_8153.JPG-FOT0-3-2048x1536.jpg 2048w\" sizes=\"(max-width: 2560px) 100vw, 2560px\" \/>\t\t\t\t\t\t\t\t\t\t\t<figcaption class=\"widget-image-caption wp-caption-text\">Fiorella e Francesca caracterizadas e prontiss\u00edmas para mais um dia de grava\u00e7\u00e3o.<\/figcaption>\n\t\t\t\t\t\t\t\t\t\t<\/figure>\n\t\t\t\t\t\t\t\t\t<\/div>\n\t\t\t\t<\/div>\n\t\t\t\t\t<\/div>\n\t\t<\/div>\n\t\t\t\t\t<\/div>\n\t\t<\/section>\n\t\t\t\t<section class=\"elementor-section elementor-top-section elementor-element elementor-element-8d86e23 elementor-section-boxed elementor-section-height-default elementor-section-height-default\" data-id=\"8d86e23\" data-element_type=\"section\" data-e-type=\"section\">\n\t\t\t\t\t\t<div class=\"elementor-container elementor-column-gap-default\">\n\t\t\t\t\t<div class=\"elementor-column elementor-col-100 elementor-top-column elementor-element elementor-element-8fa413b\" data-id=\"8fa413b\" data-element_type=\"column\" data-e-type=\"column\">\n\t\t\t<div class=\"elementor-widget-wrap elementor-element-populated\">\n\t\t\t\t\t\t<div class=\"elementor-element elementor-element-171b16c elementor-widget elementor-widget-text-editor\" data-id=\"171b16c\" data-element_type=\"widget\" data-e-type=\"widget\" data-widget_type=\"text-editor.default\">\n\t\t\t\t<div class=\"elementor-widget-container\">\n\t\t\t\t\t\t\t\t\t<p><span style=\"font-weight: 400\">Camila Borges, atriz, pesquisadora e professora universit\u00e1ria conta que assim que recebeu o convite para participar do projeto de sua parceira de trabalho e de amizade Denise, aceitou na hora. Para ela, resgatar as personagens l\u00e1 de 2016 e transport\u00e1-las para o audiovisual com suas pautas e ess\u00eancias se mostrou um processo muito enriquecedor, potente e desafiador. \u201cO audiovisual se torna mais democratico que o teatro, chega muito mais ao p\u00fablico, pela facilidade da\u00a0 internet tem uma abrang\u00eancia maior. Com essa produ\u00e7\u00e3o foi poss\u00edvel fortalecer as nossas linguagens art\u00edsticas: trabalhar o desafio de sair de um espet\u00e1culo, j\u00e1 adormecido h\u00e1 um tempo e fazer audiovisual, outra linguagem, junto de uma tem\u00e1tica que \u00e9 extremamente relevante. Sinto que cumprimos com o nosso papel social, levar, discutir e fazer pensar sobre o uso de agrot\u00f3xicos, sobre a produ\u00e7\u00e3o de org\u00e2nicos, sobre a quantidade de alimentos que comemos. \u00c9 necess\u00e1rio tornar isso tudo cada vez mais consciente para a popula\u00e7\u00e3o, tanto para quem consome, quanto para quem produz e salientar que os pequenos produtores rurais v\u00e3o ter cada vez mais espa\u00e7o no mercado porque a popula\u00e7\u00e3o gradualmente se d\u00e1 conta que deseja uma alimenta\u00e7\u00e3o e uma vida mais saud\u00e1vel. Ao assistir a webs\u00e9rie refletimos sobre formas mais saud\u00e1veis e sustent\u00e1veis de vida, pensamos sobre fortalecer as feiras org\u00e2nicas, buscamos possibilidades como resist\u00eancia, como luta pelo veto dessa libera\u00e7\u00e3o massiva do uso de agrot\u00f3xicos cada vez mais nocivos a nossa sa\u00fade\u201d, ressalta Camila (Francesca).<\/span><\/p>\t\t\t\t\t\t\t\t<\/div>\n\t\t\t\t<\/div>\n\t\t\t\t\t<\/div>\n\t\t<\/div>\n\t\t\t\t\t<\/div>\n\t\t<\/section>\n\t\t\t\t<section class=\"elementor-section elementor-top-section elementor-element elementor-element-d67693a elementor-section-boxed elementor-section-height-default elementor-section-height-default\" data-id=\"d67693a\" data-element_type=\"section\" data-e-type=\"section\">\n\t\t\t\t\t\t<div class=\"elementor-container elementor-column-gap-default\">\n\t\t\t\t\t<div class=\"elementor-column elementor-col-100 elementor-top-column elementor-element elementor-element-954ce8e\" data-id=\"954ce8e\" data-element_type=\"column\" data-e-type=\"column\">\n\t\t\t<div class=\"elementor-widget-wrap elementor-element-populated\">\n\t\t\t\t\t\t<div class=\"elementor-element elementor-element-9d8d6ef elementor-widget elementor-widget-text-editor\" data-id=\"9d8d6ef\" data-element_type=\"widget\" data-e-type=\"widget\" data-widget_type=\"text-editor.default\">\n\t\t\t\t<div class=\"elementor-widget-container\">\n\t\t\t\t\t\t\t\t\t<p><span style=\"font-weight: 400\">Denise conta que os desafios para a produ\u00e7\u00e3o foram muitos, sua parceira de cena engravidou em meio ao processo das grava\u00e7\u00f5es e se tornou m\u00e3e, a equipe tamb\u00e9m precisou lidar com o cont\u00e1gio, com a Covid-19, muitas vezes sendo necess\u00e1rio cancelar grava\u00e7\u00f5es, atrasar di\u00e1rias por conta de algu\u00e9m do elenco contaminado ou por precau\u00e7\u00e3o. Por ser uma s\u00e9rie proposta em tempos pand\u00eamicos fortalece ainda mais a ideia de transmitir uma mensagem que incentive um modo de vida mais saud\u00e1vel, j\u00e1 que na pandemia precis\u00e1vamos estar ainda mais fortes e atentos a nossa imunidade.<\/span><\/p>\t\t\t\t\t\t\t\t<\/div>\n\t\t\t\t<\/div>\n\t\t\t\t\t<\/div>\n\t\t<\/div>\n\t\t\t\t\t<\/div>\n\t\t<\/section>\n\t\t\t\t<section class=\"elementor-section elementor-top-section elementor-element elementor-element-62f23bc elementor-section-boxed elementor-section-height-default elementor-section-height-default\" data-id=\"62f23bc\" data-element_type=\"section\" data-e-type=\"section\">\n\t\t\t\t\t\t<div class=\"elementor-container elementor-column-gap-default\">\n\t\t\t\t\t<div class=\"elementor-column elementor-col-100 elementor-top-column elementor-element elementor-element-bc88486\" data-id=\"bc88486\" data-element_type=\"column\" data-e-type=\"column\">\n\t\t\t<div class=\"elementor-widget-wrap elementor-element-populated\">\n\t\t\t\t\t\t<div class=\"elementor-element elementor-element-b9ee643 elementor-widget elementor-widget-text-editor\" data-id=\"b9ee643\" data-element_type=\"widget\" data-e-type=\"widget\" data-widget_type=\"text-editor.default\">\n\t\t\t\t<div class=\"elementor-widget-container\">\n\t\t\t\t\t\t\t\t\t<p><span style=\"font-weight: 400\">Para Janaiana a tem\u00e1tica dos alimentos org\u00e2nicos, da agricultura familiar, da sustentabilidade estarem no audiovisual, na\u00a0 fic\u00e7\u00e3o, de forma did\u00e1tica e informativa \u00e9 de extrema relev\u00e2ncia: \u201cno Brasil temos 4.644 agrot\u00f3xicos liberados para uso, um n\u00famero alto e desesperador. Temos 33,1 milh\u00f5es de pessoas passando fome. Uma crise de comida num pa\u00eds que produz tanto, em abund\u00e2ncia. Com mais de quatro mil venenos espalhados pelas planta\u00e7\u00f5es a fora, que tipo de comida n\u00f3s comemos? E por que eu t\u00f4 falando isso? Porque \u201cNa Cozinha com Fiorella\u201d traz esse debate para o jogo, comida sem veneno, comida de qualidade, comida do pequeno produtor, economia solid\u00e1ria (as feiras), s\u00e3o trabalhos como esses que fortalecem o debate, trazem a discuss\u00e3o \u00e0 tona. De maneira po\u00e9tica e divertida Fiorella passa por essas quest\u00f5es, ent\u00e3o poder trabalhar com aquilo que acredito \u00e9 um privil\u00e9gio imenso. Promover uma discuss\u00e3o \u00e9tica sobre a natureza e tudo o que prov\u00e9m dela \u00e9 de extrema import\u00e2ncia, j\u00e1 que estamos passando por uma crise clim\u00e1tica mundial. Acredito que o trabalho, como todo trabalho art\u00edstico tem essa fun\u00e7\u00e3o social, de questionar, trazer sugest\u00f5es para que transforma\u00e7\u00f5es possam de fato acontecer, &#8211; reflete Janaina.<\/span><\/p>\t\t\t\t\t\t\t\t<\/div>\n\t\t\t\t<\/div>\n\t\t\t\t\t<\/div>\n\t\t<\/div>\n\t\t\t\t\t<\/div>\n\t\t<\/section>\n\t\t\t\t<section class=\"elementor-section elementor-top-section elementor-element elementor-element-5924da5 elementor-section-boxed elementor-section-height-default elementor-section-height-default\" data-id=\"5924da5\" data-element_type=\"section\" data-e-type=\"section\">\n\t\t\t\t\t\t<div class=\"elementor-container elementor-column-gap-default\">\n\t\t\t\t\t<div class=\"elementor-column elementor-col-100 elementor-top-column elementor-element elementor-element-393635e\" data-id=\"393635e\" data-element_type=\"column\" data-e-type=\"column\">\n\t\t\t<div class=\"elementor-widget-wrap elementor-element-populated\">\n\t\t\t\t\t\t<div class=\"elementor-element elementor-element-5cc077a elementor-widget elementor-widget-text-editor\" data-id=\"5cc077a\" data-element_type=\"widget\" data-e-type=\"widget\" data-widget_type=\"text-editor.default\">\n\t\t\t\t<div class=\"elementor-widget-container\">\n\t\t\t\t\t\t\t\t\t<p><span style=\"font-weight: 400\">Ta\u00eds Garcia, agricultora e empreendedora do Santa Feira foi nossa parceira e abriu as portas de sua propriedade rural e do seu neg\u00f3cio focado na produ\u00e7\u00e3o de alimentos org\u00e2nicos, para fazermos as grava\u00e7\u00f5es. Al\u00e9m disso, ela fez uma participa\u00e7\u00e3o especial na s\u00e9rie, junto de sua filha Elena de 7 anos, \u201cfoi uma experi\u00eancia maravilhosa, apesar de n\u00e3o ter muita intimidade com as c\u00e2meras a equipe foi muita simp\u00e1tica e atenciosa nos deixando a vontade e o fato de estar gravando &#8220;em casa&#8221; e poder mostrar um pouco do nosso espa\u00e7o e do nosso trabalho tamb\u00e9m foi muito gratificante\u201d, conta Ta\u00eds.<\/span><\/p>\t\t\t\t\t\t\t\t<\/div>\n\t\t\t\t<\/div>\n\t\t\t\t\t<\/div>\n\t\t<\/div>\n\t\t\t\t\t<\/div>\n\t\t<\/section>\n\t\t\t\t<section class=\"elementor-section elementor-top-section elementor-element elementor-element-f0770fd elementor-section-boxed elementor-section-height-default elementor-section-height-default\" data-id=\"f0770fd\" data-element_type=\"section\" data-e-type=\"section\">\n\t\t\t\t\t\t<div class=\"elementor-container elementor-column-gap-default\">\n\t\t\t\t\t<div class=\"elementor-column elementor-col-100 elementor-top-column elementor-element elementor-element-823ef59\" data-id=\"823ef59\" data-element_type=\"column\" data-e-type=\"column\">\n\t\t\t<div class=\"elementor-widget-wrap elementor-element-populated\">\n\t\t\t\t\t\t<div class=\"elementor-element elementor-element-3581de5 elementor-widget elementor-widget-text-editor\" data-id=\"3581de5\" data-element_type=\"widget\" data-e-type=\"widget\" data-widget_type=\"text-editor.default\">\n\t\t\t\t<div class=\"elementor-widget-container\">\n\t\t\t\t\t\t\t\t\t<p><span style=\"font-weight: 400\">Ta\u00eds assim como Janaina ressalta a import\u00e2ncia e relev\u00e2ncia da s\u00e9rie audiovisual, \u201ctoda a\u00e7\u00e3o para informar \u00e9 v\u00e1lida e em tempos atuais a webs\u00e9rie \u00e9 uma proposta maravilhosa! \u00c9 necess\u00e1rio informar cada vez mais a origem dos alimentos que consumimos, que vem da agricultura familiar e tamb\u00e9m sobre a import\u00e2ncia de consumir alimentos agroecol\u00f3gicos\/org\u00e2nicos pois os benef\u00edcios s\u00e3o para quem consome, quem cultiva e para o ambiente. Acredito muito no poder da informa\u00e7\u00e3o para fazermos escolhas conscientes e \u00e9 assim que a Santa-Feira busca fazer sua parte, informando sobre a import\u00e2ncia da agricultura org\u00e2nica, da agroecologia, do consumo local e da agricultura familiar. \u00c9 um trabalho de formiguinha quando caminhamos &#8220;contra a maioria&#8221;, muitas vezes nos desmotivamos mas fazemos parte de um grupo maravilhoso de agricultores da Feira Org\u00e2nica Ana Primavesi com fam\u00edlias que trabalham h\u00e1 muitos anos e, mesmo diante de muitas adversidades, conseguimos seguir nos motivando diariamente\u201d &#8211; relata Tais.\u00a0<\/span><\/p>\t\t\t\t\t\t\t\t<\/div>\n\t\t\t\t<\/div>\n\t\t\t\t\t<\/div>\n\t\t<\/div>\n\t\t\t\t\t<\/div>\n\t\t<\/section>\n\t\t\t\t<section class=\"elementor-section elementor-top-section elementor-element elementor-element-3d754d4 elementor-section-boxed elementor-section-height-default elementor-section-height-default\" data-id=\"3d754d4\" data-element_type=\"section\" data-e-type=\"section\">\n\t\t\t\t\t\t<div class=\"elementor-container elementor-column-gap-default\">\n\t\t\t\t\t<div class=\"elementor-column elementor-col-100 elementor-top-column elementor-element elementor-element-66b749a\" data-id=\"66b749a\" data-element_type=\"column\" data-e-type=\"column\">\n\t\t\t<div class=\"elementor-widget-wrap elementor-element-populated\">\n\t\t\t\t\t\t<div class=\"elementor-element elementor-element-2fb1938 elementor-widget elementor-widget-image\" data-id=\"2fb1938\" data-element_type=\"widget\" data-e-type=\"widget\" data-widget_type=\"image.default\">\n\t\t\t\t<div class=\"elementor-widget-container\">\n\t\t\t\t\t\t\t\t\t\t\t\t<figure class=\"wp-caption\">\n\t\t\t\t\t\t\t\t\t\t<img loading=\"lazy\" decoding=\"async\" width=\"2560\" height=\"1440\" src=\"https:\/\/tvovo.org\/portal\/wp-content\/uploads\/2022\/12\/essa-pode-ser-a-foto-de-capa-do-cabecalho-scaled.jpg\" class=\"attachment-full size-full wp-image-13646\" alt=\"\" srcset=\"https:\/\/tvovo.org\/portal\/wp-content\/uploads\/2022\/12\/essa-pode-ser-a-foto-de-capa-do-cabecalho-scaled.jpg 2560w, https:\/\/tvovo.org\/portal\/wp-content\/uploads\/2022\/12\/essa-pode-ser-a-foto-de-capa-do-cabecalho-300x169.jpg 300w, https:\/\/tvovo.org\/portal\/wp-content\/uploads\/2022\/12\/essa-pode-ser-a-foto-de-capa-do-cabecalho-1024x576.jpg 1024w, https:\/\/tvovo.org\/portal\/wp-content\/uploads\/2022\/12\/essa-pode-ser-a-foto-de-capa-do-cabecalho-768x432.jpg 768w, https:\/\/tvovo.org\/portal\/wp-content\/uploads\/2022\/12\/essa-pode-ser-a-foto-de-capa-do-cabecalho-1536x864.jpg 1536w, https:\/\/tvovo.org\/portal\/wp-content\/uploads\/2022\/12\/essa-pode-ser-a-foto-de-capa-do-cabecalho-2048x1152.jpg 2048w\" sizes=\"(max-width: 2560px) 100vw, 2560px\" \/>\t\t\t\t\t\t\t\t\t\t\t<figcaption class=\"widget-image-caption wp-caption-text\">As personagens Fiorella e Francesca conhecendo a propriedade de Ta\u00eds Garcia, agricultora e empreendedora do Santa-Feira.<\/figcaption>\n\t\t\t\t\t\t\t\t\t\t<\/figure>\n\t\t\t\t\t\t\t\t\t<\/div>\n\t\t\t\t<\/div>\n\t\t\t\t\t<\/div>\n\t\t<\/div>\n\t\t\t\t\t<\/div>\n\t\t<\/section>\n\t\t\t\t<section class=\"elementor-section elementor-top-section elementor-element elementor-element-a3e3234 elementor-section-boxed elementor-section-height-default elementor-section-height-default\" data-id=\"a3e3234\" data-element_type=\"section\" data-e-type=\"section\">\n\t\t\t\t\t\t<div class=\"elementor-container elementor-column-gap-default\">\n\t\t\t\t\t<div class=\"elementor-column elementor-col-100 elementor-top-column elementor-element elementor-element-567383a\" data-id=\"567383a\" data-element_type=\"column\" data-e-type=\"column\">\n\t\t\t<div class=\"elementor-widget-wrap elementor-element-populated\">\n\t\t\t\t\t\t<div class=\"elementor-element elementor-element-8b170e6 elementor-widget elementor-widget-text-editor\" data-id=\"8b170e6\" data-element_type=\"widget\" data-e-type=\"widget\" data-widget_type=\"text-editor.default\">\n\t\t\t\t<div class=\"elementor-widget-container\">\n\t\t\t\t\t\t\t\t\t<p>Depois de tantos relatos e reflex\u00f5es voc\u00eas n\u00e3o v\u00e3o deixar de assistir essa s\u00e9rie repleta de pontos positivos, n\u00e9? Se voc\u00ea ainda n\u00e3o se convenceu se liga no resumo da webs\u00e9rie: Fiorella e Francesca ficam famosas no Youtube, formam uma dupla e tanto, Fiorella se torna reconhecida na internet e Francesca sua parceira de bastidores e neg\u00f3cios entende dos melhores, takes, \u00e2ngulos e edi\u00e7\u00f5es, \u00e9 videomaker e publica na internet os v\u00eddeos de Fiorella. Juntas elas transformam a venda do pai de Francesca na Boutique da Horta, lugar de vendas saud\u00e1veis, pr\u00e1ticas e tecnol\u00f3gicas.<\/p>\t\t\t\t\t\t\t\t<\/div>\n\t\t\t\t<\/div>\n\t\t\t\t\t<\/div>\n\t\t<\/div>\n\t\t\t\t\t<\/div>\n\t\t<\/section>\n\t\t\t\t<section class=\"elementor-section elementor-top-section elementor-element elementor-element-649bda1 elementor-section-boxed elementor-section-height-default elementor-section-height-default\" data-id=\"649bda1\" data-element_type=\"section\" data-e-type=\"section\">\n\t\t\t\t\t\t<div class=\"elementor-container elementor-column-gap-default\">\n\t\t\t\t\t<div class=\"elementor-column elementor-col-100 elementor-top-column elementor-element elementor-element-446a51a\" data-id=\"446a51a\" data-element_type=\"column\" data-e-type=\"column\">\n\t\t\t<div class=\"elementor-widget-wrap elementor-element-populated\">\n\t\t\t\t\t\t<div class=\"elementor-element elementor-element-aaccb0e elementor-widget elementor-widget-text-editor\" data-id=\"aaccb0e\" data-element_type=\"widget\" data-e-type=\"widget\" data-widget_type=\"text-editor.default\">\n\t\t\t\t<div class=\"elementor-widget-container\">\n\t\t\t\t\t\t\t\t\t<p>Camila Borges (Francesca), deseja vida longa ao projeto e que sejam apenas os primeiros epis\u00f3dios de muitos. Os integrantes da produ\u00e7\u00e3o relatam que o espet\u00e1culo \u201cA Venda\u201d ainda tem muitas hist\u00f3rias, assuntos e personagens que podem se transformar em material audiovisual. O espet\u00e1culo apresenta uma fam\u00edlia de feirantes que enfrenta perip\u00e9cias para superar os desafios de se manter atuante e competitiva no mercado, em meio a tudo isso tamb\u00e9m nos deparamos com conflitos de gera\u00e7\u00f5es, busca pela manuten\u00e7\u00e3o da tradi\u00e7\u00e3o da agricultura familiar,\u00a0 a inclus\u00e3o das novas tecnologias no cotidiano rural, entre outras aventuras.<\/p>\t\t\t\t\t\t\t\t<\/div>\n\t\t\t\t<\/div>\n\t\t\t\t\t<\/div>\n\t\t<\/div>\n\t\t\t\t\t<\/div>\n\t\t<\/section>\n\t\t\t\t<section class=\"elementor-section elementor-top-section elementor-element elementor-element-5d108a1 elementor-section-boxed elementor-section-height-default elementor-section-height-default\" data-id=\"5d108a1\" data-element_type=\"section\" data-e-type=\"section\">\n\t\t\t\t\t\t<div class=\"elementor-container elementor-column-gap-default\">\n\t\t\t\t\t<div class=\"elementor-column elementor-col-100 elementor-top-column elementor-element elementor-element-f02b547\" data-id=\"f02b547\" data-element_type=\"column\" data-e-type=\"column\">\n\t\t\t<div class=\"elementor-widget-wrap elementor-element-populated\">\n\t\t\t\t\t\t<div class=\"elementor-element elementor-element-8c4082f elementor-widget elementor-widget-text-editor\" data-id=\"8c4082f\" data-element_type=\"widget\" data-e-type=\"widget\" data-widget_type=\"text-editor.default\">\n\t\t\t\t<div class=\"elementor-widget-container\">\n\t\t\t\t\t\t\t\t\t<p><span style=\"color: var( --e-global-color-text );font-family: var( --e-global-typography-text-font-family ), Sans-serif;background-color: var(--nv-site-bg)\">Denise tamb\u00e9m partilha o sentimento de que muitas hist\u00f3rias baseadas no espet\u00e1culo \u201cA venda\u201d ainda podem ser contadas. &#8220;Ficamos muito felizes quando acaba uma produ\u00e7\u00e3o e colocamos ela pra ser vista, para ter retornos. \u00c9 muito bom quando finalizamos mesmo tendo muito assunto ainda para abordar. Agora temoesse produto para trabalhar, retrabalhar, seguir com ele em frente e quem sabe fazer novos epis\u00f3dios. \u00c9 preciso continuar falando das coisas de forma leve e n\u00e3o deixar de falar daquilo que \u00e9 importante pra gente. Tem a\u00ed muito assunto pra produzir e explorar,\u201d afirma Denise.<\/span><\/p>\t\t\t\t\t\t\t\t<\/div>\n\t\t\t\t<\/div>\n\t\t\t\t\t<\/div>\n\t\t<\/div>\n\t\t\t\t\t<\/div>\n\t\t<\/section>\n\t\t\t\t<section class=\"elementor-section elementor-top-section elementor-element elementor-element-b172807 elementor-section-boxed elementor-section-height-default elementor-section-height-default\" data-id=\"b172807\" data-element_type=\"section\" data-e-type=\"section\">\n\t\t\t\t\t\t<div class=\"elementor-container elementor-column-gap-default\">\n\t\t\t\t\t<div class=\"elementor-column elementor-col-100 elementor-top-column elementor-element elementor-element-9f428b9\" data-id=\"9f428b9\" data-element_type=\"column\" data-e-type=\"column\">\n\t\t\t<div class=\"elementor-widget-wrap elementor-element-populated\">\n\t\t\t\t\t\t<div class=\"elementor-element elementor-element-c0174c9 elementor-widget elementor-widget-image\" data-id=\"c0174c9\" data-element_type=\"widget\" data-e-type=\"widget\" data-widget_type=\"image.default\">\n\t\t\t\t<div class=\"elementor-widget-container\">\n\t\t\t\t\t\t\t\t\t\t\t\t<figure class=\"wp-caption\">\n\t\t\t\t\t\t\t\t\t\t<img loading=\"lazy\" decoding=\"async\" width=\"2560\" height=\"1440\" src=\"https:\/\/tvovo.org\/portal\/wp-content\/uploads\/2022\/12\/foto-5-scaled.jpg\" class=\"attachment-full size-full wp-image-13647\" alt=\"\" srcset=\"https:\/\/tvovo.org\/portal\/wp-content\/uploads\/2022\/12\/foto-5-scaled.jpg 2560w, https:\/\/tvovo.org\/portal\/wp-content\/uploads\/2022\/12\/foto-5-300x169.jpg 300w, https:\/\/tvovo.org\/portal\/wp-content\/uploads\/2022\/12\/foto-5-1024x576.jpg 1024w, https:\/\/tvovo.org\/portal\/wp-content\/uploads\/2022\/12\/foto-5-768x432.jpg 768w, https:\/\/tvovo.org\/portal\/wp-content\/uploads\/2022\/12\/foto-5-1536x864.jpg 1536w, https:\/\/tvovo.org\/portal\/wp-content\/uploads\/2022\/12\/foto-5-2048x1152.jpg 2048w\" sizes=\"(max-width: 2560px) 100vw, 2560px\" \/>\t\t\t\t\t\t\t\t\t\t\t<figcaption class=\"widget-image-caption wp-caption-text\">Neli Mombelli, diretora da produ\u00e7\u00e3o, com as atrizes e  Ta\u00eds  Garcia, agricultora e empreendedora do Santa-Feira<\/figcaption>\n\t\t\t\t\t\t\t\t\t\t<\/figure>\n\t\t\t\t\t\t\t\t\t<\/div>\n\t\t\t\t<\/div>\n\t\t\t\t\t<\/div>\n\t\t<\/div>\n\t\t\t\t\t<\/div>\n\t\t<\/section>\n\t\t\t\t<section class=\"elementor-section elementor-top-section elementor-element elementor-element-d62e0ea elementor-section-boxed elementor-section-height-default elementor-section-height-default\" data-id=\"d62e0ea\" data-element_type=\"section\" data-e-type=\"section\">\n\t\t\t\t\t\t<div class=\"elementor-container elementor-column-gap-default\">\n\t\t\t\t\t<div class=\"elementor-column elementor-col-100 elementor-top-column elementor-element elementor-element-035c143\" data-id=\"035c143\" data-element_type=\"column\" data-e-type=\"column\">\n\t\t\t<div class=\"elementor-widget-wrap elementor-element-populated\">\n\t\t\t\t\t\t<div class=\"elementor-element elementor-element-3aeadef elementor-widget elementor-widget-text-editor\" data-id=\"3aeadef\" data-element_type=\"widget\" data-e-type=\"widget\" data-widget_type=\"text-editor.default\">\n\t\t\t\t<div class=\"elementor-widget-container\">\n\t\t\t\t\t\t\t\t\t<p><span style=\"font-weight: 400\">Este trabalho teve um grande envolvimento de artistas e produtores audiovisuais de Santa Maria, muitos atuantes no mercado h\u00e1 mais de uma d\u00e9cada. Juntos reinventaram processos e criaram um novo palco, migraram do teatro para as c\u00e2meras, mesclaram linguagens e agiram pela cria\u00e7\u00e3o e manuten\u00e7\u00e3o de espa\u00e7os para oportunidades art\u00edsticas e financeiras. Camila Borges conta que ela como Francesca e Denise como Fiorella puderam partilhar muitas trocas profissionais e afetivas se fortalecendo enquanto artistas nos momentos de juntas criarem e estruturarem o projeto, as a\u00e7\u00f5es para o texto, as ideias de enquadramento, e o estudo e resgate das personagens, por exemplo.<\/span><\/p>\t\t\t\t\t\t\t\t<\/div>\n\t\t\t\t<\/div>\n\t\t\t\t\t<\/div>\n\t\t<\/div>\n\t\t\t\t\t<\/div>\n\t\t<\/section>\n\t\t\t\t<section class=\"elementor-section elementor-top-section elementor-element elementor-element-c9a9700 elementor-section-boxed elementor-section-height-default elementor-section-height-default\" data-id=\"c9a9700\" data-element_type=\"section\" data-e-type=\"section\">\n\t\t\t\t\t\t<div class=\"elementor-container elementor-column-gap-default\">\n\t\t\t\t\t<div class=\"elementor-column elementor-col-100 elementor-top-column elementor-element elementor-element-6ba9217\" data-id=\"6ba9217\" data-element_type=\"column\" data-e-type=\"column\">\n\t\t\t<div class=\"elementor-widget-wrap elementor-element-populated\">\n\t\t\t\t\t\t<div class=\"elementor-element elementor-element-54961cf elementor-widget elementor-widget-text-editor\" data-id=\"54961cf\" data-element_type=\"widget\" data-e-type=\"widget\" data-widget_type=\"text-editor.default\">\n\t\t\t\t<div class=\"elementor-widget-container\">\n\t\t\t\t\t\t\t\t\t<p><span style=\"font-weight: 400\">Camila ainda completa: \u201co legado dos nossos primeiros epis\u00f3dios, tem essa inten\u00e7\u00e3o, fazer refletir, pensar, tomar consci\u00eancia de que as pol\u00edticas p\u00fablicas n\u00e3o est\u00e3o voltadas para o cuidado com a sa\u00fade, mas sim voltadas \u00e0 produ\u00e7\u00e3o desenfreada e sem crit\u00e9rio, causando o envenenamento da popula\u00e7\u00e3o\u201d.<\/span><\/p>\t\t\t\t\t\t\t\t<\/div>\n\t\t\t\t<\/div>\n\t\t\t\t\t<\/div>\n\t\t<\/div>\n\t\t\t\t\t<\/div>\n\t\t<\/section>\n\t\t\t\t<section class=\"elementor-section elementor-top-section elementor-element elementor-element-5c77dd3 elementor-section-boxed elementor-section-height-default elementor-section-height-default\" data-id=\"5c77dd3\" data-element_type=\"section\" data-e-type=\"section\">\n\t\t\t\t\t\t<div class=\"elementor-container elementor-column-gap-default\">\n\t\t\t\t\t<div class=\"elementor-column elementor-col-100 elementor-top-column elementor-element elementor-element-e27a8aa\" data-id=\"e27a8aa\" data-element_type=\"column\" data-e-type=\"column\">\n\t\t\t<div class=\"elementor-widget-wrap elementor-element-populated\">\n\t\t\t\t\t\t<div class=\"elementor-element elementor-element-e01c004 elementor-widget elementor-widget-text-editor\" data-id=\"e01c004\" data-element_type=\"widget\" data-e-type=\"widget\" data-widget_type=\"text-editor.default\">\n\t\t\t\t<div class=\"elementor-widget-container\">\n\t\t\t\t\t\t\t\t\t<p><span style=\"font-weight: 400\">Esta webs\u00e9rie faz parte de um Projeto Cultural realizado com recursos da Lei 14.017\/2020 &#8211; Lei Aldir Blanc. Aprovado no edital PRODU\u00c7\u00c3O ART\u00cdSTICA E CULTURAL DE SANTA MARIA, da Secretaria de Munic\u00edpio da Cultura e tem realiza\u00e7\u00e3o de Denise Copetti Produ\u00e7\u00f5es, com coprodu\u00e7\u00e3o da TV OVO. Al\u00e9m dos epis\u00f3dios audiovisuais, o projeto tamb\u00e9m conta com interven\u00e7\u00f5es art\u00edsticas de Fiorella e Francesca em\u00a0 3 escolas localizadas em Santa Maria.<\/span><\/p>\t\t\t\t\t\t\t\t<\/div>\n\t\t\t\t<\/div>\n\t\t\t\t\t<\/div>\n\t\t<\/div>\n\t\t\t\t\t<\/div>\n\t\t<\/section>\n\t\t\t\t<section class=\"elementor-section elementor-top-section elementor-element elementor-element-43135ae elementor-section-boxed elementor-section-height-default elementor-section-height-default\" data-id=\"43135ae\" data-element_type=\"section\" data-e-type=\"section\">\n\t\t\t\t\t\t<div class=\"elementor-container elementor-column-gap-default\">\n\t\t\t\t\t<div class=\"elementor-column elementor-col-100 elementor-top-column elementor-element elementor-element-41bea33\" data-id=\"41bea33\" data-element_type=\"column\" data-e-type=\"column\">\n\t\t\t<div class=\"elementor-widget-wrap elementor-element-populated\">\n\t\t\t\t\t\t<div class=\"elementor-element elementor-element-d3db201 elementor-widget elementor-widget-text-editor\" data-id=\"d3db201\" data-element_type=\"widget\" data-e-type=\"widget\" data-widget_type=\"text-editor.default\">\n\t\t\t\t<div class=\"elementor-widget-container\">\n\t\t\t\t\t\t\t\t\t<p><span style=\"font-weight: 400\">Agradecemos a todos e todas os\/ as envolvidos e envolvidas:\u00a0<\/span><\/p><p><b>Personagens<\/b><\/p><p><span style=\"font-weight: 400\">Denise Copetti (Fiorella)<\/span><\/p><p><span style=\"font-weight: 400\">Camila Borges (Francesca)<\/span><\/p><p><b>Roteiro<\/b><\/p><p><span style=\"font-weight: 400\">La\u00e9dio Martins<\/span><\/p><p><span style=\"font-weight: 400\">Denise Copetti<\/span><\/p><p><span style=\"font-weight: 400\">Camila Borges<\/span><\/p><p><b>Dire\u00e7\u00e3o Audiovisual<\/b><\/p><p><span style=\"font-weight: 400\">Neli Mombelli<\/span><\/p><p><b>Dire\u00e7\u00e3o de Cena<\/b><\/p><p><span style=\"font-weight: 400\">La\u00e9dio Martins<\/span><\/p><p><b>Produ\u00e7\u00e3o Executiva<\/b><\/p><p>Copetti Produ\u00e7\u00f5es<\/p><p><b>Produ\u00e7\u00e3o<\/b><\/p><p><span style=\"font-weight: 400\">Denise Copetti<\/span><\/p><p><span style=\"font-weight: 400\">Jana\u00edna Castaldello<\/span><\/p><p><span style=\"font-weight: 400\">Paulo Tavares<\/span><\/p><p><span style=\"font-weight: 400\">Neli Mombelli<\/span><\/p><p><b>Dire\u00e7\u00e3o de Fotografia<\/b><\/p><p><span style=\"font-weight: 400\">TV OVO<\/span><\/p><p><span style=\"font-weight: 400\">Alan Orlando<\/span><\/p><p><b>Dire\u00e7\u00e3o de Arte<\/b><\/p><p><span style=\"font-weight: 400\">Jana\u00edna Castaldello<\/span><\/p><p><span style=\"font-weight: 400\">Neli Mombelli<\/span><\/p><p><b>Caracteriza\u00e7\u00e3o | m\u00e1scaras<\/b><\/p><p><span style=\"font-weight: 400\">Ateli\u00ea do Comediante | La\u00e9dio Martins<\/span><\/p><p><b>Figurino<\/b><\/p><p><span style=\"font-weight: 400\">Laedio Martins e Paulo Brasil<\/span><\/p><p><b>Desenho de Som<\/b><\/p><p><span style=\"font-weight: 400\">Victor Mascarenhas<\/span><\/p><p><span style=\"font-weight: 400\">Hud Garcia<\/span><\/p><p><span style=\"font-weight: 400\">Evandro Depiante<\/span><\/p><p><b>Trilha Sonora Original<\/b><\/p><p><span style=\"font-weight: 400\">Marcelo Schmidt<\/span><\/p><p><b>Edi\u00e7\u00e3o | Finaliza\u00e7\u00e3o<\/b><\/p><p><span style=\"font-weight: 400\">TV OVO<\/span><\/p><p><b>Divulga\u00e7\u00e3o<\/b><\/p><p><span style=\"font-weight: 400\">TV OVO<\/span><\/p><p><span style=\"font-weight: 400\">Tayn\u00e1 Lopes<\/span><\/p><p><b>Identidade Visual<\/b><\/p><p><span style=\"font-weight: 400\">Isabela Michels<\/span><\/p><p><span style=\"font-weight: 400\">Heitor Leal<\/span><\/p><p><b>Tradu\u00e7\u00e3o em Libras<\/b><\/p><p><span style=\"font-weight: 400\">Grace Mendes\u00a0<\/span><\/p><p><b>Participa\u00e7\u00e3o especial<\/b><\/p><p><span style=\"font-weight: 400\">Ta\u00eds da Silva Garcia<\/span><\/p><p><span style=\"font-weight: 400\">Elena Garcia Bolzan<\/span><\/p><p><span style=\"font-weight: 400\">Feirantes da Av. Roraima<\/span><\/p><p><span style=\"font-weight: 400\">La\u00e9dio Martins<\/span><\/p><p><span style=\"font-weight: 400\">Geni Lovato Berguer<\/span><\/p><p><b>Agradecimentos<\/b><\/p><p><span style=\"font-weight: 400\">Armaz\u00e9m do Chico<\/span><\/p><p><span style=\"font-weight: 400\">Niliane Heckler Mombelli<\/span><\/p><p><span style=\"font-weight: 400\">Chico Mombelli<\/span><\/p><p><span style=\"font-weight: 400\">Francine Nunes<\/span><\/p><p><span style=\"font-weight: 400\">Liciane Brun<\/span><\/p><p><span style=\"font-weight: 400\">Luciano Gabbi<\/span><\/p><p><span style=\"font-weight: 400\">Jader Guterres<\/span><\/p><p><span style=\"font-weight: 400\">Guilherme Senna<\/span><\/p><p><span style=\"font-weight: 400\">Marcos Borba<\/span><\/p>\t\t\t\t\t\t\t\t<\/div>\n\t\t\t\t<\/div>\n\t\t\t\t\t<\/div>\n\t\t<\/div>\n\t\t\t\t\t<\/div>\n\t\t<\/section>\n\t\t\t\t<section class=\"elementor-section elementor-top-section elementor-element elementor-element-6d14286 elementor-section-boxed elementor-section-height-default elementor-section-height-default\" data-id=\"6d14286\" data-element_type=\"section\" data-e-type=\"section\">\n\t\t\t\t\t\t<div class=\"elementor-container elementor-column-gap-default\">\n\t\t\t\t\t<div class=\"elementor-column elementor-col-100 elementor-top-column elementor-element elementor-element-e221625\" data-id=\"e221625\" data-element_type=\"column\" data-e-type=\"column\">\n\t\t\t<div class=\"elementor-widget-wrap elementor-element-populated\">\n\t\t\t\t\t\t<div class=\"elementor-element elementor-element-eb47c86 elementor-widget elementor-widget-text-editor\" data-id=\"eb47c86\" data-element_type=\"widget\" data-e-type=\"widget\" data-widget_type=\"text-editor.default\">\n\t\t\t\t<div class=\"elementor-widget-container\">\n\t\t\t\t\t\t\t\t\t<p><i><span style=\"font-weight: 400\">Por: Tayn\u00e1 Lopes\u00a0<\/span><\/i><\/p>\t\t\t\t\t\t\t\t<\/div>\n\t\t\t\t<\/div>\n\t\t\t\t\t<\/div>\n\t\t<\/div>\n\t\t\t\t\t<\/div>\n\t\t<\/section>\n\t\t\t\t<\/div>\n\t\t","protected":false},"excerpt":{"rendered":"<p>Produ\u00e7\u00e3o audiovisual local, santamariense, baseada no espet\u00e1culo teatral \u201cA Venda (2016), com recursos de acessibilidade, muito protagonismo feminino e um olhar atento e cr\u00edtico \u00e0 produ\u00e7\u00e3o de alimentos com uso excessivo de\u00a0 agrot\u00f3xicos, sem o cuidado necess\u00e1rio com a sa\u00fade do consumidor e do meio ambiente. Assim \u00e9 a webs\u00e9rie \u201cNa Cozinha com Fiorella\u201d (2022)! [&hellip;]<\/p>\n","protected":false},"author":25,"featured_media":13643,"comment_status":"open","ping_status":"open","sticky":false,"template":"","format":"standard","meta":{"footnotes":""},"categories":[22],"tags":[114,214,84,1330,159,136],"class_list":["post-13641","post","type-post","status-publish","format-standard","has-post-thumbnail","hentry","category-noticias","tag-audiovisual","tag-cinema","tag-cultura","tag-nacozinhacomfiorella","tag-santa-maria","tag-tv-ovo"],"_links":{"self":[{"href":"https:\/\/tvovo.org\/portal\/wp-json\/wp\/v2\/posts\/13641","targetHints":{"allow":["GET"]}}],"collection":[{"href":"https:\/\/tvovo.org\/portal\/wp-json\/wp\/v2\/posts"}],"about":[{"href":"https:\/\/tvovo.org\/portal\/wp-json\/wp\/v2\/types\/post"}],"author":[{"embeddable":true,"href":"https:\/\/tvovo.org\/portal\/wp-json\/wp\/v2\/users\/25"}],"replies":[{"embeddable":true,"href":"https:\/\/tvovo.org\/portal\/wp-json\/wp\/v2\/comments?post=13641"}],"version-history":[{"count":0,"href":"https:\/\/tvovo.org\/portal\/wp-json\/wp\/v2\/posts\/13641\/revisions"}],"wp:featuredmedia":[{"embeddable":true,"href":"https:\/\/tvovo.org\/portal\/wp-json\/wp\/v2\/media\/13643"}],"wp:attachment":[{"href":"https:\/\/tvovo.org\/portal\/wp-json\/wp\/v2\/media?parent=13641"}],"wp:term":[{"taxonomy":"category","embeddable":true,"href":"https:\/\/tvovo.org\/portal\/wp-json\/wp\/v2\/categories?post=13641"},{"taxonomy":"post_tag","embeddable":true,"href":"https:\/\/tvovo.org\/portal\/wp-json\/wp\/v2\/tags?post=13641"}],"curies":[{"name":"wp","href":"https:\/\/api.w.org\/{rel}","templated":true}]}}