{"id":13087,"date":"2022-08-24T15:32:03","date_gmt":"2022-08-24T18:32:03","guid":{"rendered":"https:\/\/tvovo.org\/portal\/?p=13087"},"modified":"2022-08-24T16:09:29","modified_gmt":"2022-08-24T19:09:29","slug":"tv-ovo-promove-dois-encontros-culturais-nesta-sexta-e-sabado","status":"publish","type":"post","link":"https:\/\/tvovo.org\/portal\/tv-ovo-promove-dois-encontros-culturais-nesta-sexta-e-sabado\/","title":{"rendered":"TV OVO promove dois encontros culturais nesta sexta e s\u00e1bado"},"content":{"rendered":"\t\t<div data-elementor-type=\"wp-post\" data-elementor-id=\"13087\" class=\"elementor elementor-13087\" data-elementor-post-type=\"post\">\n\t\t\t\t\t\t<section class=\"elementor-section elementor-top-section elementor-element elementor-element-035758f elementor-section-boxed elementor-section-height-default elementor-section-height-default\" data-id=\"035758f\" data-element_type=\"section\" data-e-type=\"section\">\n\t\t\t\t\t\t<div class=\"elementor-container elementor-column-gap-default\">\n\t\t\t\t\t<div class=\"elementor-column elementor-col-100 elementor-top-column elementor-element elementor-element-b28d4c9\" data-id=\"b28d4c9\" data-element_type=\"column\" data-e-type=\"column\">\n\t\t\t<div class=\"elementor-widget-wrap elementor-element-populated\">\n\t\t\t\t\t\t<div class=\"elementor-element elementor-element-b8ffbfe elementor-widget elementor-widget-text-editor\" data-id=\"b8ffbfe\" data-element_type=\"widget\" data-e-type=\"widget\" data-widget_type=\"text-editor.default\">\n\t\t\t\t<div class=\"elementor-widget-container\">\n\t\t\t\t\t\t\t\t\t<p><span style=\"font-weight: 400\">Est\u00e1 chegando! No m\u00eas da cultura em Santa Maria tamb\u00e9m nos mobilizamos para falar sobre esse tema t\u00e3o essencial para n\u00f3s. Por isso, nos dias 26 e 27 de agosto temos encontro marcado com C\u00e1ssio Corbellini, superintendente de cultura de Santa Maria, e Leandro Anton, coordenador do Ponto de Cultura Quilombo do Sopapo, de Porto Alegre<\/span>.<span style=\"font-weight: 400\"> Confira mais informa\u00e7\u00f5es!<\/span><\/p>\t\t\t\t\t\t\t\t<\/div>\n\t\t\t\t<\/div>\n\t\t\t\t\t<\/div>\n\t\t<\/div>\n\t\t\t\t\t<\/div>\n\t\t<\/section>\n\t\t\t\t<section class=\"elementor-section elementor-top-section elementor-element elementor-element-f534ce8 elementor-section-boxed elementor-section-height-default elementor-section-height-default\" data-id=\"f534ce8\" data-element_type=\"section\" data-e-type=\"section\">\n\t\t\t\t\t\t<div class=\"elementor-container elementor-column-gap-default\">\n\t\t\t\t\t<div class=\"elementor-column elementor-col-100 elementor-top-column elementor-element elementor-element-b3d815f\" data-id=\"b3d815f\" data-element_type=\"column\" data-e-type=\"column\">\n\t\t\t<div class=\"elementor-widget-wrap elementor-element-populated\">\n\t\t\t\t\t\t<div class=\"elementor-element elementor-element-edb6ea3 elementor-widget elementor-widget-text-editor\" data-id=\"edb6ea3\" data-element_type=\"widget\" data-e-type=\"widget\" data-widget_type=\"text-editor.default\">\n\t\t\t\t<div class=\"elementor-widget-container\">\n\t\t\t\t\t\t\t\t\t<p><span style=\"font-weight: 400\">Na sexta-feira, 26\/08, \u00e0s 16h, faremos a exibi\u00e7\u00e3o dos document\u00e1rios <\/span><b>Terra Prometida &#8211; Esse dia vai chegar!<\/b><span style=\"font-weight: 400\"> (2021, 14&#8242;), dirigido por Paulo Tavares e <\/span><b>Tempos de Peste<\/b><span style=\"font-weight: 400\"> (2022, 18&#8242;), dirigido por Marcos Borba. Logo ap\u00f3s, \u00e0s 18h, daremos in\u00edcio a<\/span><b> Roda de Conversa sobre a Pol\u00edtica Cultura Viva<\/b><span style=\"font-weight: 400\"> com C\u00e1ssio Corbellini e Leandro Anton na Pra\u00e7a CEU Sandra Feltrin na Nova Santa Marta.<\/span><\/p>\t\t\t\t\t\t\t\t<\/div>\n\t\t\t\t<\/div>\n\t\t\t\t\t<\/div>\n\t\t<\/div>\n\t\t\t\t\t<\/div>\n\t\t<\/section>\n\t\t\t\t<section class=\"elementor-section elementor-top-section elementor-element elementor-element-6d61573 elementor-section-boxed elementor-section-height-default elementor-section-height-default\" data-id=\"6d61573\" data-element_type=\"section\" data-e-type=\"section\">\n\t\t\t\t\t\t<div class=\"elementor-container elementor-column-gap-default\">\n\t\t\t\t\t<div class=\"elementor-column elementor-col-100 elementor-top-column elementor-element elementor-element-44c85b8\" data-id=\"44c85b8\" data-element_type=\"column\" data-e-type=\"column\">\n\t\t\t<div class=\"elementor-widget-wrap elementor-element-populated\">\n\t\t\t\t\t\t<div class=\"elementor-element elementor-element-e703884 elementor-widget elementor-widget-text-editor\" data-id=\"e703884\" data-element_type=\"widget\" data-e-type=\"widget\" data-widget_type=\"text-editor.default\">\n\t\t\t\t<div class=\"elementor-widget-container\">\n\t\t\t\t\t\t\t\t\t<p><span style=\"font-weight: 400\">J\u00e1 no s\u00e1bado, 27\/08, \u00e0s 9h, ocorre a <\/span><b>Roda de<\/b> <b>Conversa sobre Economia Solid\u00e1ria e Pontos de Cultura<\/b><span style=\"font-weight: 400\"> com Leandro Anton. A atividade ser\u00e1 no Centro de Refer\u00eancia de Economia Solid\u00e1rio Dom Ivo Lorscheiter.<\/span><\/p>\t\t\t\t\t\t\t\t<\/div>\n\t\t\t\t<\/div>\n\t\t\t\t\t<\/div>\n\t\t<\/div>\n\t\t\t\t\t<\/div>\n\t\t<\/section>\n\t\t\t\t<section class=\"elementor-section elementor-top-section elementor-element elementor-element-24e637e elementor-section-boxed elementor-section-height-default elementor-section-height-default\" data-id=\"24e637e\" data-element_type=\"section\" data-e-type=\"section\">\n\t\t\t\t\t\t<div class=\"elementor-container elementor-column-gap-default\">\n\t\t\t\t\t<div class=\"elementor-column elementor-col-100 elementor-top-column elementor-element elementor-element-a911e4d\" data-id=\"a911e4d\" data-element_type=\"column\" data-e-type=\"column\">\n\t\t\t<div class=\"elementor-widget-wrap elementor-element-populated\">\n\t\t\t\t\t\t<div class=\"elementor-element elementor-element-e50f092 elementor-widget elementor-widget-text-editor\" data-id=\"e50f092\" data-element_type=\"widget\" data-e-type=\"widget\" data-widget_type=\"text-editor.default\">\n\t\t\t\t<div class=\"elementor-widget-container\">\n\t\t\t\t\t\t\t\t\t<p><span style=\"font-weight: 400\">SERVI\u00c7O<\/span><\/p>\t\t\t\t\t\t\t\t<\/div>\n\t\t\t\t<\/div>\n\t\t\t\t\t<\/div>\n\t\t<\/div>\n\t\t\t\t\t<\/div>\n\t\t<\/section>\n\t\t\t\t<section class=\"elementor-section elementor-top-section elementor-element elementor-element-65fdf5b elementor-section-boxed elementor-section-height-default elementor-section-height-default\" data-id=\"65fdf5b\" data-element_type=\"section\" data-e-type=\"section\">\n\t\t\t\t\t\t<div class=\"elementor-container elementor-column-gap-default\">\n\t\t\t\t\t<div class=\"elementor-column elementor-col-100 elementor-top-column elementor-element elementor-element-f01908e\" data-id=\"f01908e\" data-element_type=\"column\" data-e-type=\"column\">\n\t\t\t<div class=\"elementor-widget-wrap elementor-element-populated\">\n\t\t\t\t\t\t<div class=\"elementor-element elementor-element-352cdc7 elementor-widget elementor-widget-text-editor\" data-id=\"352cdc7\" data-element_type=\"widget\" data-e-type=\"widget\" data-widget_type=\"text-editor.default\">\n\t\t\t\t<div class=\"elementor-widget-container\">\n\t\t\t\t\t\t\t\t\t<p><b>O que<\/b><span style=\"font-weight: 400\">: Rodas de Conversa<\/span><\/p><p><b>Quando<\/b><span style=\"font-weight: 400\">: 26 e 27\/08<\/span><\/p><p><b>Onde<\/b><span style=\"font-weight: 400\">: Pra\u00e7a CEU Sandra Feltrin na Nova Santa Marta e Centro de Refer\u00eancia de Economia Solid\u00e1rio Dom Ivo Lorscheiter<\/span><\/p><p><b>Atividades gratuitas<\/b><\/p>\t\t\t\t\t\t\t\t<\/div>\n\t\t\t\t<\/div>\n\t\t\t\t\t<\/div>\n\t\t<\/div>\n\t\t\t\t\t<\/div>\n\t\t<\/section>\n\t\t\t\t<section class=\"elementor-section elementor-top-section elementor-element elementor-element-8cbe487 elementor-section-boxed elementor-section-height-default elementor-section-height-default\" data-id=\"8cbe487\" data-element_type=\"section\" data-e-type=\"section\">\n\t\t\t\t\t\t<div class=\"elementor-container elementor-column-gap-default\">\n\t\t\t\t\t<div class=\"elementor-column elementor-col-100 elementor-top-column elementor-element elementor-element-efc3c0a\" data-id=\"efc3c0a\" data-element_type=\"column\" data-e-type=\"column\">\n\t\t\t<div class=\"elementor-widget-wrap elementor-element-populated\">\n\t\t\t\t\t\t<div class=\"elementor-element elementor-element-6d63081 elementor-widget elementor-widget-text-editor\" data-id=\"6d63081\" data-element_type=\"widget\" data-e-type=\"widget\" data-widget_type=\"text-editor.default\">\n\t\t\t\t<div class=\"elementor-widget-container\">\n\t\t\t\t\t\t\t\t\t<p><span style=\"font-weight: 400\">N\u00e3o deixe de participar! <\/span><\/p>\t\t\t\t\t\t\t\t<\/div>\n\t\t\t\t<\/div>\n\t\t\t\t\t<\/div>\n\t\t<\/div>\n\t\t\t\t\t<\/div>\n\t\t<\/section>\n\t\t\t\t<section class=\"elementor-section elementor-top-section elementor-element elementor-element-da2fd1f elementor-section-boxed elementor-section-height-default elementor-section-height-default\" data-id=\"da2fd1f\" data-element_type=\"section\" data-e-type=\"section\">\n\t\t\t\t\t\t<div class=\"elementor-container elementor-column-gap-default\">\n\t\t\t\t\t<div class=\"elementor-column elementor-col-100 elementor-top-column elementor-element elementor-element-ed9248b\" data-id=\"ed9248b\" data-element_type=\"column\" data-e-type=\"column\">\n\t\t\t<div class=\"elementor-widget-wrap elementor-element-populated\">\n\t\t\t\t\t\t<div class=\"elementor-element elementor-element-1a53400 elementor-widget elementor-widget-text-editor\" data-id=\"1a53400\" data-element_type=\"widget\" data-e-type=\"widget\" data-widget_type=\"text-editor.default\">\n\t\t\t\t<div class=\"elementor-widget-container\">\n\t\t\t\t\t\t\t\t\t<p>Por Tayn\u00e1 Lopes<\/p>\t\t\t\t\t\t\t\t<\/div>\n\t\t\t\t<\/div>\n\t\t\t\t\t<\/div>\n\t\t<\/div>\n\t\t\t\t\t<\/div>\n\t\t<\/section>\n\t\t\t\t<\/div>\n\t\t","protected":false},"excerpt":{"rendered":"<p>Est\u00e1 chegando! No m\u00eas da cultura em Santa Maria tamb\u00e9m nos mobilizamos para falar sobre esse tema t\u00e3o essencial para n\u00f3s. Por isso, nos dias 26 e 27 de agosto temos encontro marcado com C\u00e1ssio Corbellini, superintendente de cultura de Santa Maria, e Leandro Anton, coordenador do Ponto de Cultura Quilombo do Sopapo, de Porto [&hellip;]<\/p>\n","protected":false},"author":20,"featured_media":13088,"comment_status":"open","ping_status":"open","sticky":false,"template":"","format":"standard","meta":{"_acf_changed":false,"footnotes":""},"categories":[1249,22],"tags":[114,13,84,273,159,74],"class_list":["post-13087","post","type-post","status-publish","format-standard","has-post-thumbnail","hentry","category-home-destaque","category-noticias","tag-audiovisual","tag-comunicacao","tag-cultura","tag-documentario","tag-santa-maria","tag-tvovo"],"acf":[],"_links":{"self":[{"href":"https:\/\/tvovo.org\/portal\/wp-json\/wp\/v2\/posts\/13087","targetHints":{"allow":["GET"]}}],"collection":[{"href":"https:\/\/tvovo.org\/portal\/wp-json\/wp\/v2\/posts"}],"about":[{"href":"https:\/\/tvovo.org\/portal\/wp-json\/wp\/v2\/types\/post"}],"author":[{"embeddable":true,"href":"https:\/\/tvovo.org\/portal\/wp-json\/wp\/v2\/users\/20"}],"replies":[{"embeddable":true,"href":"https:\/\/tvovo.org\/portal\/wp-json\/wp\/v2\/comments?post=13087"}],"version-history":[{"count":0,"href":"https:\/\/tvovo.org\/portal\/wp-json\/wp\/v2\/posts\/13087\/revisions"}],"wp:featuredmedia":[{"embeddable":true,"href":"https:\/\/tvovo.org\/portal\/wp-json\/wp\/v2\/media\/13088"}],"wp:attachment":[{"href":"https:\/\/tvovo.org\/portal\/wp-json\/wp\/v2\/media?parent=13087"}],"wp:term":[{"taxonomy":"category","embeddable":true,"href":"https:\/\/tvovo.org\/portal\/wp-json\/wp\/v2\/categories?post=13087"},{"taxonomy":"post_tag","embeddable":true,"href":"https:\/\/tvovo.org\/portal\/wp-json\/wp\/v2\/tags?post=13087"}],"curies":[{"name":"wp","href":"https:\/\/api.w.org\/{rel}","templated":true}]}}