{"id":12072,"date":"2021-11-15T18:13:19","date_gmt":"2021-11-15T21:13:19","guid":{"rendered":"https:\/\/tvovo.org\/portal\/?p=12072"},"modified":"2021-11-17T11:33:49","modified_gmt":"2021-11-17T14:33:49","slug":"cine-em-movimento-promove-sessao-aberta-ao-publico-na-escola-marista-santa-marta","status":"publish","type":"post","link":"https:\/\/tvovo.org\/portal\/cine-em-movimento-promove-sessao-aberta-ao-publico-na-escola-marista-santa-marta\/","title":{"rendered":"Cine em Movimento promove sess\u00e3o aberta ao p\u00fablico na Escola Marista Santa Marta"},"content":{"rendered":"\t\t<div data-elementor-type=\"wp-post\" data-elementor-id=\"12072\" class=\"elementor elementor-12072\" data-elementor-post-type=\"post\">\n\t\t\t\t\t\t<section class=\"elementor-section elementor-top-section elementor-element elementor-element-662bf6d elementor-section-boxed elementor-section-height-default elementor-section-height-default\" data-id=\"662bf6d\" data-element_type=\"section\" data-e-type=\"section\">\n\t\t\t\t\t\t<div class=\"elementor-container elementor-column-gap-default\">\n\t\t\t\t\t<div class=\"elementor-column elementor-col-100 elementor-top-column elementor-element elementor-element-58024b2\" data-id=\"58024b2\" data-element_type=\"column\" data-e-type=\"column\">\n\t\t\t<div class=\"elementor-widget-wrap elementor-element-populated\">\n\t\t\t\t\t\t<div class=\"elementor-element elementor-element-1d62f24 elementor-widget elementor-widget-text-editor\" data-id=\"1d62f24\" data-element_type=\"widget\" data-e-type=\"widget\" data-widget_type=\"text-editor.default\">\n\t\t\t\t<div class=\"elementor-widget-container\">\n\t\t\t\t\t\t\t\t\t<p><span style=\"font-weight: 400\">Convidamos a comunidade de <\/span><b>Santa Maria<\/b><span style=\"font-weight: 400\"> e regi\u00e3o para participar da <\/span><b>\u00faltima<\/b> <b>sess\u00e3o de cinema<\/b><span style=\"font-weight: 400\"> do projeto <\/span><b>Cine em Movimento 2021.<\/b><\/p>\t\t\t\t\t\t\t\t<\/div>\n\t\t\t\t<\/div>\n\t\t\t\t\t<\/div>\n\t\t<\/div>\n\t\t\t\t\t<\/div>\n\t\t<\/section>\n\t\t\t\t<section class=\"elementor-section elementor-top-section elementor-element elementor-element-5b8b5da elementor-section-boxed elementor-section-height-default elementor-section-height-default\" data-id=\"5b8b5da\" data-element_type=\"section\" data-e-type=\"section\">\n\t\t\t\t\t\t<div class=\"elementor-container elementor-column-gap-default\">\n\t\t\t\t\t<div class=\"elementor-column elementor-col-100 elementor-top-column elementor-element elementor-element-fea0a81\" data-id=\"fea0a81\" data-element_type=\"column\" data-e-type=\"column\">\n\t\t\t<div class=\"elementor-widget-wrap elementor-element-populated\">\n\t\t\t\t\t\t<div class=\"elementor-element elementor-element-e58fda8 elementor-widget elementor-widget-text-editor\" data-id=\"e58fda8\" data-element_type=\"widget\" data-e-type=\"widget\" data-widget_type=\"text-editor.default\">\n\t\t\t\t<div class=\"elementor-widget-container\">\n\t\t\t\t\t\t\t\t\t<p><span style=\"font-weight: 400\">No dia <\/span><b>19 de novembro,<\/b><span style=\"font-weight: 400\">\u00a0sexta-feira, <\/span><b>\u00e0s 19h,<\/b><span style=\"font-weight: 400\"> estaremos no bairro Nova Santa Marta, zona oeste de Santa Maria, na <\/span><b>Escola Marista Santa Marta<\/b><span style=\"font-weight: 400\">, com uma programa\u00e7\u00e3o de <\/span><b>curtas ga\u00fachos<\/b><span style=\"font-weight: 400\"> para a plateia acompanhar, refletir e debater no p\u00e1tio da escola.<\/span><\/p>\t\t\t\t\t\t\t\t<\/div>\n\t\t\t\t<\/div>\n\t\t\t\t\t<\/div>\n\t\t<\/div>\n\t\t\t\t\t<\/div>\n\t\t<\/section>\n\t\t\t\t<section class=\"elementor-section elementor-top-section elementor-element elementor-element-7353662 elementor-section-boxed elementor-section-height-default elementor-section-height-default\" data-id=\"7353662\" data-element_type=\"section\" data-e-type=\"section\">\n\t\t\t\t\t\t<div class=\"elementor-container elementor-column-gap-default\">\n\t\t\t\t\t<div class=\"elementor-column elementor-col-100 elementor-top-column elementor-element elementor-element-e4856e9\" data-id=\"e4856e9\" data-element_type=\"column\" data-e-type=\"column\">\n\t\t\t<div class=\"elementor-widget-wrap elementor-element-populated\">\n\t\t\t\t\t\t<div class=\"elementor-element elementor-element-efe9734 elementor-widget elementor-widget-image\" data-id=\"efe9734\" data-element_type=\"widget\" data-e-type=\"widget\" data-widget_type=\"image.default\">\n\t\t\t\t<div class=\"elementor-widget-container\">\n\t\t\t\t\t\t\t\t\t\t\t\t<figure class=\"wp-caption\">\n\t\t\t\t\t\t\t\t\t\t<img fetchpriority=\"high\" decoding=\"async\" width=\"800\" height=\"534\" src=\"https:\/\/tvovo.org\/portal\/wp-content\/uploads\/2021\/11\/Cine-em-Movimento-1024x683.jpg\" class=\"attachment-large size-large wp-image-12073\" alt=\"\" srcset=\"https:\/\/tvovo.org\/portal\/wp-content\/uploads\/2021\/11\/Cine-em-Movimento-1024x683.jpg 1024w, https:\/\/tvovo.org\/portal\/wp-content\/uploads\/2021\/11\/Cine-em-Movimento-300x200.jpg 300w, https:\/\/tvovo.org\/portal\/wp-content\/uploads\/2021\/11\/Cine-em-Movimento-768x512.jpg 768w, https:\/\/tvovo.org\/portal\/wp-content\/uploads\/2021\/11\/Cine-em-Movimento-1536x1024.jpg 1536w, https:\/\/tvovo.org\/portal\/wp-content\/uploads\/2021\/11\/Cine-em-Movimento-2048x1365.jpg 2048w, https:\/\/tvovo.org\/portal\/wp-content\/uploads\/2021\/11\/Cine-em-Movimento-930x620.jpg 930w\" sizes=\"(max-width: 800px) 100vw, 800px\" \/>\t\t\t\t\t\t\t\t\t\t\t<figcaption class=\"widget-image-caption wp-caption-text\">Registro da sess\u00e3o cineclubista em Itaara promovida pelo projeto Cine em Movimento.<\/figcaption>\n\t\t\t\t\t\t\t\t\t\t<\/figure>\n\t\t\t\t\t\t\t\t\t<\/div>\n\t\t\t\t<\/div>\n\t\t\t\t\t<\/div>\n\t\t<\/div>\n\t\t\t\t\t<\/div>\n\t\t<\/section>\n\t\t\t\t<section class=\"elementor-section elementor-top-section elementor-element elementor-element-10a2f21 elementor-section-boxed elementor-section-height-default elementor-section-height-default\" data-id=\"10a2f21\" data-element_type=\"section\" data-e-type=\"section\">\n\t\t\t\t\t\t<div class=\"elementor-container elementor-column-gap-default\">\n\t\t\t\t\t<div class=\"elementor-column elementor-col-100 elementor-top-column elementor-element elementor-element-108b7dc\" data-id=\"108b7dc\" data-element_type=\"column\" data-e-type=\"column\">\n\t\t\t<div class=\"elementor-widget-wrap elementor-element-populated\">\n\t\t\t\t\t\t<div class=\"elementor-element elementor-element-daa971b elementor-widget elementor-widget-text-editor\" data-id=\"daa971b\" data-element_type=\"widget\" data-e-type=\"widget\" data-widget_type=\"text-editor.default\">\n\t\t\t\t<div class=\"elementor-widget-container\">\n\t\t\t\t\t\t\t\t\t<p><span style=\"font-weight: 400\">A iniciativa busca promover <\/span><b>troca de ideias <\/b><span style=\"font-weight: 400\">com o p\u00fablico da sess\u00e3o, valendo-se da metodologia do movimento cineclubista de forma\u00e7\u00e3o de plateias. As <\/span><span style=\"font-weight: 400\">produ\u00e7\u00f5es audiovisuais a serem exibidas possuem g\u00eanero, tem\u00e1tica, narrativa e linguagem livres. A <\/span><b>classifica\u00e7\u00e3o indicativa <\/b><b>tamb\u00e9m \u00e9 livre<\/b><span style=\"font-weight: 400\"> conforme o Minist\u00e9rio da Justi\u00e7a.<\/span><\/p>\t\t\t\t\t\t\t\t<\/div>\n\t\t\t\t<\/div>\n\t\t\t\t\t<\/div>\n\t\t<\/div>\n\t\t\t\t\t<\/div>\n\t\t<\/section>\n\t\t\t\t<section class=\"elementor-section elementor-top-section elementor-element elementor-element-bf4b879 elementor-section-boxed elementor-section-height-default elementor-section-height-default\" data-id=\"bf4b879\" data-element_type=\"section\" data-e-type=\"section\">\n\t\t\t\t\t\t<div class=\"elementor-container elementor-column-gap-default\">\n\t\t\t\t\t<div class=\"elementor-column elementor-col-100 elementor-top-column elementor-element elementor-element-7086c45\" data-id=\"7086c45\" data-element_type=\"column\" data-e-type=\"column\">\n\t\t\t<div class=\"elementor-widget-wrap elementor-element-populated\">\n\t\t\t\t\t\t<div class=\"elementor-element elementor-element-c22f8a1 elementor-widget elementor-widget-text-editor\" data-id=\"c22f8a1\" data-element_type=\"widget\" data-e-type=\"widget\" data-widget_type=\"text-editor.default\">\n\t\t\t\t<div class=\"elementor-widget-container\">\n\t\t\t\t\t\t\t\t\t<p><span style=\"font-weight: 400\">Devido \u00e0 pandemia da Covid-19, \u00e9 <\/span><b>necess\u00e1ria a utiliza\u00e7\u00e3o de m\u00e1scaras e de \u00e1lcool em gel<\/b><span style=\"font-weight: 400\">. Tamb\u00e9m \u00e9 importante que respeitemos o distanciamento e demais medidas de prote\u00e7\u00e3o. E n\u00e3o esque\u00e7a de levar a sua cadeira!<\/span><\/p>\t\t\t\t\t\t\t\t<\/div>\n\t\t\t\t<\/div>\n\t\t\t\t\t<\/div>\n\t\t<\/div>\n\t\t\t\t\t<\/div>\n\t\t<\/section>\n\t\t\t\t<section class=\"elementor-section elementor-top-section elementor-element elementor-element-b3b2aaf elementor-section-boxed elementor-section-height-default elementor-section-height-default\" data-id=\"b3b2aaf\" data-element_type=\"section\" data-e-type=\"section\">\n\t\t\t\t\t\t<div class=\"elementor-container elementor-column-gap-default\">\n\t\t\t\t\t<div class=\"elementor-column elementor-col-100 elementor-top-column elementor-element elementor-element-d76500f\" data-id=\"d76500f\" data-element_type=\"column\" data-e-type=\"column\">\n\t\t\t<div class=\"elementor-widget-wrap elementor-element-populated\">\n\t\t\t\t\t\t<div class=\"elementor-element elementor-element-3393958 elementor-widget elementor-widget-heading\" data-id=\"3393958\" data-element_type=\"widget\" data-e-type=\"widget\" data-widget_type=\"heading.default\">\n\t\t\t\t<div class=\"elementor-widget-container\">\n\t\t\t\t\t<h5 class=\"elementor-heading-title elementor-size-default\">Filmes da sess\u00e3o:<\/h5>\t\t\t\t<\/div>\n\t\t\t\t<\/div>\n\t\t\t\t\t<\/div>\n\t\t<\/div>\n\t\t\t\t\t<\/div>\n\t\t<\/section>\n\t\t\t\t<section class=\"elementor-section elementor-top-section elementor-element elementor-element-d9a0172 elementor-section-boxed elementor-section-height-default elementor-section-height-default\" data-id=\"d9a0172\" data-element_type=\"section\" data-e-type=\"section\">\n\t\t\t\t\t\t<div class=\"elementor-container elementor-column-gap-default\">\n\t\t\t\t\t<div class=\"elementor-column elementor-col-100 elementor-top-column elementor-element elementor-element-149e5a2\" data-id=\"149e5a2\" data-element_type=\"column\" data-e-type=\"column\">\n\t\t\t<div class=\"elementor-widget-wrap elementor-element-populated\">\n\t\t\t\t\t\t<div class=\"elementor-element elementor-element-d7d0503 elementor-widget elementor-widget-text-editor\" data-id=\"d7d0503\" data-element_type=\"widget\" data-e-type=\"widget\" data-widget_type=\"text-editor.default\">\n\t\t\t\t<div class=\"elementor-widget-container\">\n\t\t\t\t\t\t\t\t\t<p>Um Oito Sete | Daiana Schneider Vieira | Document\u00e1rio | Santa Maria | 16\u2019<br \/>Fica em casa, Rafael | Calixto Bento | Document\u00e1rio | Santa Maria | 5\u2019<br \/>O menino das estrelas | Irm\u00e3os Christofoli | Fic\u00e7\u00e3o | POA | 23\u2019<br \/>Curioso Relato | C\u00e2ndida Vit\u00f3ria Martins | Experimental | Santa Cruz do Sul | 3\u201958\u201d<br \/>Sozinho [em casa] | Lucas Guillande | Document\u00e1rio Musical | Santa Maria | 22\u2019<br \/>Fuja | Sabino Tavares | Fic\u00e7\u00e3o | POA | 20\u2019<\/p>\t\t\t\t\t\t\t\t<\/div>\n\t\t\t\t<\/div>\n\t\t\t\t\t<\/div>\n\t\t<\/div>\n\t\t\t\t\t<\/div>\n\t\t<\/section>\n\t\t\t\t<section class=\"elementor-section elementor-top-section elementor-element elementor-element-50cb6bc elementor-section-boxed elementor-section-height-default elementor-section-height-default\" data-id=\"50cb6bc\" data-element_type=\"section\" data-e-type=\"section\">\n\t\t\t\t\t\t<div class=\"elementor-container elementor-column-gap-default\">\n\t\t\t\t\t<div class=\"elementor-column elementor-col-100 elementor-top-column elementor-element elementor-element-3f54795\" data-id=\"3f54795\" data-element_type=\"column\" data-e-type=\"column\">\n\t\t\t<div class=\"elementor-widget-wrap elementor-element-populated\">\n\t\t\t\t\t\t<div class=\"elementor-element elementor-element-2840908 elementor-widget elementor-widget-text-editor\" data-id=\"2840908\" data-element_type=\"widget\" data-e-type=\"widget\" data-widget_type=\"text-editor.default\">\n\t\t\t\t<div class=\"elementor-widget-container\">\n\t\t\t\t\t\t\t\t\t<p><span style=\"font-weight: 400\">A sess\u00e3o de cinema faz parte da programa\u00e7\u00e3o dos 30 anos da Nova Santa Marta.<\/span><span style=\"font-weight: 400\"> O projeto Cine em Movimento tem financiamento do Pr\u00f3-Cultura RS Fundo de Apoio \u00e0 Cultura \u2013 FAC, que tem como objetivo movimentar a produ\u00e7\u00e3o cultural do Estado.<\/span><\/p>\t\t\t\t\t\t\t\t<\/div>\n\t\t\t\t<\/div>\n\t\t\t\t\t<\/div>\n\t\t<\/div>\n\t\t\t\t\t<\/div>\n\t\t<\/section>\n\t\t\t\t<section class=\"elementor-section elementor-top-section elementor-element elementor-element-3971f3f elementor-section-boxed elementor-section-height-default elementor-section-height-default\" data-id=\"3971f3f\" data-element_type=\"section\" data-e-type=\"section\">\n\t\t\t\t\t\t<div class=\"elementor-container elementor-column-gap-default\">\n\t\t\t\t\t<div class=\"elementor-column elementor-col-100 elementor-top-column elementor-element elementor-element-c65f55f\" data-id=\"c65f55f\" data-element_type=\"column\" data-e-type=\"column\">\n\t\t\t<div class=\"elementor-widget-wrap elementor-element-populated\">\n\t\t\t\t\t\t<div class=\"elementor-element elementor-element-b07d869 elementor-widget elementor-widget-text-editor\" data-id=\"b07d869\" data-element_type=\"widget\" data-e-type=\"widget\" data-widget_type=\"text-editor.default\">\n\t\t\t\t<div class=\"elementor-widget-container\">\n\t\t\t\t\t\t\t\t\t<p><span style=\"font-weight: 400\">Esperamos por voc\u00eas!<\/span><\/p>\t\t\t\t\t\t\t\t<\/div>\n\t\t\t\t<\/div>\n\t\t\t\t\t<\/div>\n\t\t<\/div>\n\t\t\t\t\t<\/div>\n\t\t<\/section>\n\t\t\t\t<section class=\"elementor-section elementor-top-section elementor-element elementor-element-7795183 elementor-section-boxed elementor-section-height-default elementor-section-height-default\" data-id=\"7795183\" data-element_type=\"section\" data-e-type=\"section\">\n\t\t\t\t\t\t<div class=\"elementor-container elementor-column-gap-default\">\n\t\t\t\t\t<div class=\"elementor-column elementor-col-100 elementor-top-column elementor-element elementor-element-ef850f0\" data-id=\"ef850f0\" data-element_type=\"column\" data-e-type=\"column\">\n\t\t\t<div class=\"elementor-widget-wrap elementor-element-populated\">\n\t\t\t\t\t\t<div class=\"elementor-element elementor-element-66f6a1f elementor-widget elementor-widget-heading\" data-id=\"66f6a1f\" data-element_type=\"widget\" data-e-type=\"widget\" data-widget_type=\"heading.default\">\n\t\t\t\t<div class=\"elementor-widget-container\">\n\t\t\t\t\t<h5 class=\"elementor-heading-title elementor-size-default\">Servi\u00e7o:<\/h5>\t\t\t\t<\/div>\n\t\t\t\t<\/div>\n\t\t\t\t\t<\/div>\n\t\t<\/div>\n\t\t\t\t\t<\/div>\n\t\t<\/section>\n\t\t\t\t<section class=\"elementor-section elementor-top-section elementor-element elementor-element-dd442e6 elementor-section-boxed elementor-section-height-default elementor-section-height-default\" data-id=\"dd442e6\" data-element_type=\"section\" data-e-type=\"section\">\n\t\t\t\t\t\t<div class=\"elementor-container elementor-column-gap-default\">\n\t\t\t\t\t<div class=\"elementor-column elementor-col-100 elementor-top-column elementor-element elementor-element-17fa118\" data-id=\"17fa118\" data-element_type=\"column\" data-e-type=\"column\">\n\t\t\t<div class=\"elementor-widget-wrap elementor-element-populated\">\n\t\t\t\t\t\t<div class=\"elementor-element elementor-element-e964544 elementor-widget elementor-widget-text-editor\" data-id=\"e964544\" data-element_type=\"widget\" data-e-type=\"widget\" data-widget_type=\"text-editor.default\">\n\t\t\t\t<div class=\"elementor-widget-container\">\n\t\t\t\t\t\t\t\t\t<p><b>O QUE: <\/b><span style=\"font-weight: 400\">sess\u00e3o de cinema aberta ao p\u00fablico\u00a0<\/span><\/p><p><b>QUANDO:<\/b><span style=\"font-weight: 400\"> 19 de novembro, sexta-feira, \u00e0s 19h<\/span><\/p><p><b>ONDE: <\/b><span style=\"font-weight: 400\">p\u00e1tio da Escola Marista Santa Marta<\/span><\/p><p><b>QUANTO:<\/b><span style=\"font-weight: 400\"> gratuito<\/span><\/p>\t\t\t\t\t\t\t\t<\/div>\n\t\t\t\t<\/div>\n\t\t\t\t\t<\/div>\n\t\t<\/div>\n\t\t\t\t\t<\/div>\n\t\t<\/section>\n\t\t\t\t<section class=\"elementor-section elementor-top-section elementor-element elementor-element-5fb3f81 elementor-section-boxed elementor-section-height-default elementor-section-height-default\" data-id=\"5fb3f81\" data-element_type=\"section\" data-e-type=\"section\">\n\t\t\t\t\t\t<div class=\"elementor-container elementor-column-gap-default\">\n\t\t\t\t\t<div class=\"elementor-column elementor-col-100 elementor-top-column elementor-element elementor-element-9f4cdf7\" data-id=\"9f4cdf7\" data-element_type=\"column\" data-e-type=\"column\">\n\t\t\t<div class=\"elementor-widget-wrap elementor-element-populated\">\n\t\t\t\t\t\t<div class=\"elementor-element elementor-element-8202748 elementor-widget elementor-widget-text-editor\" data-id=\"8202748\" data-element_type=\"widget\" data-e-type=\"widget\" data-widget_type=\"text-editor.default\">\n\t\t\t\t<div class=\"elementor-widget-container\">\n\t\t\t\t\t\t\t\t\t<p>Por Tayn\u00e1 Lopes<\/p>\t\t\t\t\t\t\t\t<\/div>\n\t\t\t\t<\/div>\n\t\t\t\t\t<\/div>\n\t\t<\/div>\n\t\t\t\t\t<\/div>\n\t\t<\/section>\n\t\t\t\t<\/div>\n\t\t","protected":false},"excerpt":{"rendered":"<p>Convidamos a comunidade de Santa Maria e regi\u00e3o para participar da \u00faltima sess\u00e3o de cinema do projeto Cine em Movimento 2021. No dia 19 de novembro,\u00a0sexta-feira, \u00e0s 19h, estaremos no bairro Nova Santa Marta, zona oeste de Santa Maria, na Escola Marista Santa Marta, com uma programa\u00e7\u00e3o de curtas ga\u00fachos para a plateia acompanhar, refletir [&hellip;]<\/p>\n","protected":false},"author":20,"featured_media":12074,"comment_status":"open","ping_status":"open","sticky":false,"template":"","format":"standard","meta":{"_acf_changed":false,"footnotes":""},"categories":[1249,22],"tags":[114,1295,76,159],"class_list":["post-12072","post","type-post","status-publish","format-standard","has-post-thumbnail","hentry","category-home-destaque","category-noticias","tag-audiovisual","tag-cine-em-movimento","tag-cineclubismo","tag-santa-maria"],"acf":[],"_links":{"self":[{"href":"https:\/\/tvovo.org\/portal\/wp-json\/wp\/v2\/posts\/12072","targetHints":{"allow":["GET"]}}],"collection":[{"href":"https:\/\/tvovo.org\/portal\/wp-json\/wp\/v2\/posts"}],"about":[{"href":"https:\/\/tvovo.org\/portal\/wp-json\/wp\/v2\/types\/post"}],"author":[{"embeddable":true,"href":"https:\/\/tvovo.org\/portal\/wp-json\/wp\/v2\/users\/20"}],"replies":[{"embeddable":true,"href":"https:\/\/tvovo.org\/portal\/wp-json\/wp\/v2\/comments?post=12072"}],"version-history":[{"count":0,"href":"https:\/\/tvovo.org\/portal\/wp-json\/wp\/v2\/posts\/12072\/revisions"}],"wp:featuredmedia":[{"embeddable":true,"href":"https:\/\/tvovo.org\/portal\/wp-json\/wp\/v2\/media\/12074"}],"wp:attachment":[{"href":"https:\/\/tvovo.org\/portal\/wp-json\/wp\/v2\/media?parent=12072"}],"wp:term":[{"taxonomy":"category","embeddable":true,"href":"https:\/\/tvovo.org\/portal\/wp-json\/wp\/v2\/categories?post=12072"},{"taxonomy":"post_tag","embeddable":true,"href":"https:\/\/tvovo.org\/portal\/wp-json\/wp\/v2\/tags?post=12072"}],"curies":[{"name":"wp","href":"https:\/\/api.w.org\/{rel}","templated":true}]}}