{"id":11605,"date":"2021-10-14T12:42:05","date_gmt":"2021-10-14T15:42:05","guid":{"rendered":"https:\/\/tvovo.org\/portal\/?p=11605"},"modified":"2021-10-19T14:16:17","modified_gmt":"2021-10-19T17:16:17","slug":"exibicoes-cineclubistas-do-projeto-cine-em-movimento-comecam-neste-sabado16-10","status":"publish","type":"post","link":"https:\/\/tvovo.org\/portal\/exibicoes-cineclubistas-do-projeto-cine-em-movimento-comecam-neste-sabado16-10\/","title":{"rendered":"Exibi\u00e7\u00f5es cineclubistas do projeto Cine em Movimento come\u00e7am neste s\u00e1bado, 16\/10"},"content":{"rendered":"\t\t<div data-elementor-type=\"wp-post\" data-elementor-id=\"11605\" class=\"elementor elementor-11605\" data-elementor-post-type=\"post\">\n\t\t\t\t\t\t<section class=\"elementor-section elementor-top-section elementor-element elementor-element-0cc2819 elementor-section-boxed elementor-section-height-default elementor-section-height-default\" data-id=\"0cc2819\" data-element_type=\"section\" data-e-type=\"section\">\n\t\t\t\t\t\t<div class=\"elementor-container elementor-column-gap-default\">\n\t\t\t\t\t<div class=\"elementor-column elementor-col-50 elementor-top-column elementor-element elementor-element-d56e18f\" data-id=\"d56e18f\" data-element_type=\"column\" data-e-type=\"column\">\n\t\t\t<div class=\"elementor-widget-wrap elementor-element-populated\">\n\t\t\t\t\t\t<div class=\"elementor-element elementor-element-85702c0 elementor-widget elementor-widget-image\" data-id=\"85702c0\" data-element_type=\"widget\" data-e-type=\"widget\" data-widget_type=\"image.default\">\n\t\t\t\t<div class=\"elementor-widget-container\">\n\t\t\t\t\t\t\t\t\t\t\t\t<figure class=\"wp-caption\">\n\t\t\t\t\t\t\t\t\t\t<img fetchpriority=\"high\" decoding=\"async\" width=\"768\" height=\"911\" src=\"https:\/\/tvovo.org\/portal\/wp-content\/uploads\/2021\/10\/Agudo-768x911.jpg\" class=\"attachment-medium_large size-medium_large wp-image-11610\" alt=\"\" srcset=\"https:\/\/tvovo.org\/portal\/wp-content\/uploads\/2021\/10\/Agudo-768x911.jpg 768w, https:\/\/tvovo.org\/portal\/wp-content\/uploads\/2021\/10\/Agudo-253x300.jpg 253w, https:\/\/tvovo.org\/portal\/wp-content\/uploads\/2021\/10\/Agudo.jpg 828w\" sizes=\"(max-width: 768px) 100vw, 768px\" \/>\t\t\t\t\t\t\t\t\t\t\t<figcaption class=\"widget-image-caption wp-caption-text\">Nossa equipe do projeto Cine em Movimento em  Agudo.<\/figcaption>\n\t\t\t\t\t\t\t\t\t\t<\/figure>\n\t\t\t\t\t\t\t\t\t<\/div>\n\t\t\t\t<\/div>\n\t\t\t\t\t<\/div>\n\t\t<\/div>\n\t\t\t\t<div class=\"elementor-column elementor-col-50 elementor-top-column elementor-element elementor-element-56e1491\" data-id=\"56e1491\" data-element_type=\"column\" data-e-type=\"column\">\n\t\t\t<div class=\"elementor-widget-wrap elementor-element-populated\">\n\t\t\t\t\t\t<div class=\"elementor-element elementor-element-a498d67 elementor-widget elementor-widget-text-editor\" data-id=\"a498d67\" data-element_type=\"widget\" data-e-type=\"widget\" data-widget_type=\"text-editor.default\">\n\t\t\t\t<div class=\"elementor-widget-container\">\n\t\t\t\t\t\t\t\t\t<p><span style=\"font-weight: 400\">Neste s\u00e1bado, 16\/10, o projeto Cine em Movimento come\u00e7a suas exibi\u00e7\u00f5es de filmes ao ar livre e gratuitas em seis cidades da regi\u00e3o central do estado. Cada sess\u00e3o ter\u00e1 dura\u00e7\u00e3o de at\u00e9 uma hora e quinze minutos (1h 15min), com in\u00edcio \u00e0s 19h. Os filmes s\u00e3o curta-metragens <\/span><span style=\"font-weight: 400\">e todos foram realizados no Rio Grande do Sul, possuem g\u00eanero, tem\u00e1tica, narrativa e a linguagem livres de acordo com a classifica\u00e7\u00e3o indicativa do Minist\u00e9rio da Justi\u00e7a.<\/span><\/p><p><span style=\"font-weight: 400\">A primeira cidade a ser contemplada \u00e9 Silveira Martins, no dia 16\/10, na Escola Estadual Bom Conselho. No domingo, 17\/10, vamos at\u00e9 Restinga S\u00eaca e exibiremos os filmes no Centro Municipal de Eventos da cidade.\u00a0<\/span><\/p><p><span style=\"font-weight: 400\">O projeto tamb\u00e9m estar\u00e1 presente em S\u00e3o Martinho da Serra, 22\/10, na Pra\u00e7a Central, em Itaara, 23\/10, na Pra\u00e7a Municipal, e em Agudo, 24\/10, no Largo Aldo Berger, na Pra\u00e7a da Emancipa\u00e7\u00e3o. Em Santa Maria, a data ser\u00e1 divulgada em breve.<\/span><\/p><p><span style=\"font-weight: 400\">A <\/span><span style=\"font-weight: 400\">\u00a0programa\u00e7\u00e3o de cada sess\u00e3o foi organizada tendo em vista o contexto de cada munic\u00edpio, pensando na cultura, etnia e ra\u00edzes do local. Os filmes que integram a programa\u00e7\u00e3o do Cine Movimento foram selecionados a partir de um edital promovido por n\u00f3s, da TV OVO, associa\u00e7\u00e3o sem fins lucrativos de Santa Maria que atua na \u00e1rea de produ\u00e7\u00e3o e forma\u00e7\u00e3o audiovisual, no fomento \u00e0 cultura e ao cinema do estado.<\/span><\/p><p><span style=\"font-weight: 400\">O resultado da sele\u00e7\u00e3o pode ser conferido <\/span><a href=\"https:\/\/tvovo.org\/portal\/blog\/cine-em-movimento-divulga-selecionados\/\"><span style=\"font-weight: 400\">aqui<\/span><\/a><span style=\"font-weight: 400\">.<\/span><\/p>\t\t\t\t\t\t\t\t<\/div>\n\t\t\t\t<\/div>\n\t\t\t\t\t<\/div>\n\t\t<\/div>\n\t\t\t\t\t<\/div>\n\t\t<\/section>\n\t\t\t\t<section class=\"elementor-section elementor-top-section elementor-element elementor-element-7f52f6c elementor-section-boxed elementor-section-height-default elementor-section-height-default\" data-id=\"7f52f6c\" data-element_type=\"section\" data-e-type=\"section\">\n\t\t\t\t\t\t<div class=\"elementor-container elementor-column-gap-default\">\n\t\t\t\t\t<div class=\"elementor-column elementor-col-100 elementor-top-column elementor-element elementor-element-589b550\" data-id=\"589b550\" data-element_type=\"column\" data-e-type=\"column\">\n\t\t\t<div class=\"elementor-widget-wrap elementor-element-populated\">\n\t\t\t\t\t\t<div class=\"elementor-element elementor-element-0b8f305 elementor-widget elementor-widget-text-editor\" data-id=\"0b8f305\" data-element_type=\"widget\" data-e-type=\"widget\" data-widget_type=\"text-editor.default\">\n\t\t\t\t<div class=\"elementor-widget-container\">\n\t\t\t\t\t\t\t\t\t<p><span style=\"font-weight: 400\">A iniciativa prop\u00f5e din\u00e2micas que gerem debate com o p\u00fablico das sess\u00f5es, valendo-se da metodologia do movimento cineclubista de forma\u00e7\u00e3o de plateias, e que contemplem tem\u00e1ticas livres, que possam contribuir socialmente para o di\u00e1logo de quest\u00f5es relevantes e atuais.<\/span><\/p><p><span style=\"font-weight: 400\">O projeto <\/span><span style=\"font-weight: 400\">tem financiamento do Pr\u00f3-Cultura RS Fundo de Apoio \u00e0 Cultura \u2013 FAC, que tem como objetivo movimentar a produ\u00e7\u00e3o cultural do estado.<\/span><\/p>\t\t\t\t\t\t\t\t<\/div>\n\t\t\t\t<\/div>\n\t\t\t\t\t<\/div>\n\t\t<\/div>\n\t\t\t\t\t<\/div>\n\t\t<\/section>\n\t\t\t\t<section class=\"elementor-section elementor-top-section elementor-element elementor-element-b7ea3f9 elementor-section-boxed elementor-section-height-default elementor-section-height-default\" data-id=\"b7ea3f9\" data-element_type=\"section\" data-e-type=\"section\">\n\t\t\t\t\t\t<div class=\"elementor-container elementor-column-gap-default\">\n\t\t\t\t\t<div class=\"elementor-column elementor-col-33 elementor-top-column elementor-element elementor-element-7c9ddbd\" data-id=\"7c9ddbd\" data-element_type=\"column\" data-e-type=\"column\">\n\t\t\t<div class=\"elementor-widget-wrap elementor-element-populated\">\n\t\t\t\t\t\t<div class=\"elementor-element elementor-element-0921ed3 elementor-widget elementor-widget-image\" data-id=\"0921ed3\" data-element_type=\"widget\" data-e-type=\"widget\" data-widget_type=\"image.default\">\n\t\t\t\t<div class=\"elementor-widget-container\">\n\t\t\t\t\t\t\t\t\t\t\t\t<figure class=\"wp-caption\">\n\t\t\t\t\t\t\t\t\t\t<img decoding=\"async\" width=\"800\" height=\"600\" src=\"https:\/\/tvovo.org\/portal\/wp-content\/uploads\/2021\/10\/Itaara-1024x768.jpg\" class=\"attachment-large size-large wp-image-11609\" alt=\"\" srcset=\"https:\/\/tvovo.org\/portal\/wp-content\/uploads\/2021\/10\/Itaara-1024x768.jpg 1024w, https:\/\/tvovo.org\/portal\/wp-content\/uploads\/2021\/10\/Itaara-300x225.jpg 300w, https:\/\/tvovo.org\/portal\/wp-content\/uploads\/2021\/10\/Itaara-768x576.jpg 768w, https:\/\/tvovo.org\/portal\/wp-content\/uploads\/2021\/10\/Itaara-1536x1152.jpg 1536w, https:\/\/tvovo.org\/portal\/wp-content\/uploads\/2021\/10\/Itaara-2048x1536.jpg 2048w\" sizes=\"(max-width: 800px) 100vw, 800px\" \/>\t\t\t\t\t\t\t\t\t\t\t<figcaption class=\"widget-image-caption wp-caption-text\">Itaara<\/figcaption>\n\t\t\t\t\t\t\t\t\t\t<\/figure>\n\t\t\t\t\t\t\t\t\t<\/div>\n\t\t\t\t<\/div>\n\t\t\t\t\t<\/div>\n\t\t<\/div>\n\t\t\t\t<div class=\"elementor-column elementor-col-33 elementor-top-column elementor-element elementor-element-6ae0634\" data-id=\"6ae0634\" data-element_type=\"column\" data-e-type=\"column\">\n\t\t\t<div class=\"elementor-widget-wrap elementor-element-populated\">\n\t\t\t\t\t\t<div class=\"elementor-element elementor-element-d4231f1 elementor-widget elementor-widget-image\" data-id=\"d4231f1\" data-element_type=\"widget\" data-e-type=\"widget\" data-widget_type=\"image.default\">\n\t\t\t\t<div class=\"elementor-widget-container\">\n\t\t\t\t\t\t\t\t\t\t\t\t<figure class=\"wp-caption\">\n\t\t\t\t\t\t\t\t\t\t<img decoding=\"async\" width=\"800\" height=\"600\" src=\"https:\/\/tvovo.org\/portal\/wp-content\/uploads\/2021\/10\/Sao-Martinho-da-Serra-1024x768.jpg\" class=\"attachment-large size-large wp-image-11607\" alt=\"\" srcset=\"https:\/\/tvovo.org\/portal\/wp-content\/uploads\/2021\/10\/Sao-Martinho-da-Serra-1024x768.jpg 1024w, https:\/\/tvovo.org\/portal\/wp-content\/uploads\/2021\/10\/Sao-Martinho-da-Serra-300x225.jpg 300w, https:\/\/tvovo.org\/portal\/wp-content\/uploads\/2021\/10\/Sao-Martinho-da-Serra-768x576.jpg 768w, https:\/\/tvovo.org\/portal\/wp-content\/uploads\/2021\/10\/Sao-Martinho-da-Serra-1536x1152.jpg 1536w, https:\/\/tvovo.org\/portal\/wp-content\/uploads\/2021\/10\/Sao-Martinho-da-Serra-2048x1536.jpg 2048w\" sizes=\"(max-width: 800px) 100vw, 800px\" \/>\t\t\t\t\t\t\t\t\t\t\t<figcaption class=\"widget-image-caption wp-caption-text\">S\u00e3o Martinho da Serra<\/figcaption>\n\t\t\t\t\t\t\t\t\t\t<\/figure>\n\t\t\t\t\t\t\t\t\t<\/div>\n\t\t\t\t<\/div>\n\t\t\t\t\t<\/div>\n\t\t<\/div>\n\t\t\t\t<div class=\"elementor-column elementor-col-33 elementor-top-column elementor-element elementor-element-ff8c9dd\" data-id=\"ff8c9dd\" data-element_type=\"column\" data-e-type=\"column\">\n\t\t\t<div class=\"elementor-widget-wrap elementor-element-populated\">\n\t\t\t\t\t\t<div class=\"elementor-element elementor-element-0010046 elementor-widget elementor-widget-image\" data-id=\"0010046\" data-element_type=\"widget\" data-e-type=\"widget\" data-widget_type=\"image.default\">\n\t\t\t\t<div class=\"elementor-widget-container\">\n\t\t\t\t\t\t\t\t\t\t\t\t<figure class=\"wp-caption\">\n\t\t\t\t\t\t\t\t\t\t<img loading=\"lazy\" decoding=\"async\" width=\"800\" height=\"600\" src=\"https:\/\/tvovo.org\/portal\/wp-content\/uploads\/2021\/10\/Silveira-Martins-1024x768.jpg\" class=\"attachment-large size-large wp-image-11611\" alt=\"\" srcset=\"https:\/\/tvovo.org\/portal\/wp-content\/uploads\/2021\/10\/Silveira-Martins-1024x768.jpg 1024w, https:\/\/tvovo.org\/portal\/wp-content\/uploads\/2021\/10\/Silveira-Martins-300x225.jpg 300w, https:\/\/tvovo.org\/portal\/wp-content\/uploads\/2021\/10\/Silveira-Martins-768x576.jpg 768w, https:\/\/tvovo.org\/portal\/wp-content\/uploads\/2021\/10\/Silveira-Martins-1536x1152.jpg 1536w, https:\/\/tvovo.org\/portal\/wp-content\/uploads\/2021\/10\/Silveira-Martins-2048x1536.jpg 2048w\" sizes=\"(max-width: 800px) 100vw, 800px\" \/>\t\t\t\t\t\t\t\t\t\t\t<figcaption class=\"widget-image-caption wp-caption-text\">Silveira Martins<\/figcaption>\n\t\t\t\t\t\t\t\t\t\t<\/figure>\n\t\t\t\t\t\t\t\t\t<\/div>\n\t\t\t\t<\/div>\n\t\t\t\t\t<\/div>\n\t\t<\/div>\n\t\t\t\t\t<\/div>\n\t\t<\/section>\n\t\t\t\t<\/div>\n\t\t","protected":false},"excerpt":{"rendered":"<p>Nossa equipe do projeto Cine em Movimento em Agudo. Neste s\u00e1bado, 16\/10, o projeto Cine em Movimento come\u00e7a suas exibi\u00e7\u00f5es de filmes ao ar livre e gratuitas em seis cidades da regi\u00e3o central do estado. Cada sess\u00e3o ter\u00e1 dura\u00e7\u00e3o de at\u00e9 uma hora e quinze minutos (1h 15min), com in\u00edcio \u00e0s 19h. Os filmes s\u00e3o [&hellip;]<\/p>\n","protected":false},"author":20,"featured_media":11608,"comment_status":"open","ping_status":"open","sticky":false,"template":"","format":"standard","meta":{"_acf_changed":false,"footnotes":""},"categories":[1249,22],"tags":[114,1295,76,214,84,825],"class_list":["post-11605","post","type-post","status-publish","format-standard","has-post-thumbnail","hentry","category-home-destaque","category-noticias","tag-audiovisual","tag-cine-em-movimento","tag-cineclubismo","tag-cinema","tag-cultura","tag-producao-cultural"],"acf":[],"_links":{"self":[{"href":"https:\/\/tvovo.org\/portal\/wp-json\/wp\/v2\/posts\/11605","targetHints":{"allow":["GET"]}}],"collection":[{"href":"https:\/\/tvovo.org\/portal\/wp-json\/wp\/v2\/posts"}],"about":[{"href":"https:\/\/tvovo.org\/portal\/wp-json\/wp\/v2\/types\/post"}],"author":[{"embeddable":true,"href":"https:\/\/tvovo.org\/portal\/wp-json\/wp\/v2\/users\/20"}],"replies":[{"embeddable":true,"href":"https:\/\/tvovo.org\/portal\/wp-json\/wp\/v2\/comments?post=11605"}],"version-history":[{"count":0,"href":"https:\/\/tvovo.org\/portal\/wp-json\/wp\/v2\/posts\/11605\/revisions"}],"wp:featuredmedia":[{"embeddable":true,"href":"https:\/\/tvovo.org\/portal\/wp-json\/wp\/v2\/media\/11608"}],"wp:attachment":[{"href":"https:\/\/tvovo.org\/portal\/wp-json\/wp\/v2\/media?parent=11605"}],"wp:term":[{"taxonomy":"category","embeddable":true,"href":"https:\/\/tvovo.org\/portal\/wp-json\/wp\/v2\/categories?post=11605"},{"taxonomy":"post_tag","embeddable":true,"href":"https:\/\/tvovo.org\/portal\/wp-json\/wp\/v2\/tags?post=11605"}],"curies":[{"name":"wp","href":"https:\/\/api.w.org\/{rel}","templated":true}]}}