{"id":1115,"date":"2010-05-13T17:58:30","date_gmt":"2010-05-13T17:58:30","guid":{"rendered":"https:\/\/tvovo.org\/portal\/?p=1115"},"modified":"2010-05-14T02:46:21","modified_gmt":"2010-05-14T02:46:21","slug":"entrevista-sobre-o-documentario-primeira-quadra","status":"publish","type":"post","link":"https:\/\/tvovo.org\/portal\/entrevista-sobre-o-documentario-primeira-quadra\/","title":{"rendered":"Entrevista sobre o document\u00e1rio &#8221;Primeira Quadra&#8221;"},"content":{"rendered":"<p style=\"text-align: center;\">A cidade de Santa Maria completou 150 anos em 2008. Para comemorar essa data, a TV OVO produziu dois document\u00e1rios com hist\u00f3rias de duas ruas santamarienses: Rua do Com\u00e9rcio (atual Avenida Rio Branco) e Primeira Quadra (da Bozzano, atual Cal\u00e7ad\u00e3o).<\/p>\n<p style=\"text-align: center;\">Confira abaixo entrevista sobre o document\u00e1rio &#8221;Primeira Quadra&#8221; com o diretor de fotografia da TV OVO, Alexsandro Pedrollo, e com a produtora cultural Denise Copetti<\/p>\n<p style=\"text-align: center;\">[youtube 4YY93FZ78Ec nolink]<\/p>\n<p style=\"text-align: center;\">Entrevista realizada pelo\u00a0Programa Showroom,\u00a0canal 20 da NET Santa Maria<\/p>\n<p style=\"text-align: center;\">Exibi\u00e7\u00f5es na quinta (in\u00e9dito), 20h30, s\u00e1bado, 15h30, segunda, 20h30, e quarta, 18h (reprises).<\/p>\n<p style=\"text-align: center;\">Dire\u00e7\u00e3o: Mauro Castanho.<br \/>\nApresenta\u00e7\u00e3o: Jaiana Garcia.<br \/>\nProdu\u00e7\u00e3o: Clayton Coelho e Jaiana Garcia.<br \/>\nC\u00e2mera: Fernando Vieira.<br \/>\nEdi\u00e7\u00e3o: Al\u00e9x C\u00e1ceres.<br \/>\nConceito: Taumes Propaganda.<br \/>\nRealiza\u00e7\u00e3o: PAZ Produtora.<\/p>\n","protected":false},"excerpt":{"rendered":"<p>A cidade de Santa Maria completou 150 anos em 2008. Para comemorar essa data, a TV OVO produziu dois document\u00e1rios com hist\u00f3rias de duas ruas santamarienses: Rua do Com\u00e9rcio (atual Avenida Rio Branco) e Primeira Quadra (da Bozzano, atual Cal\u00e7ad\u00e3o). Confira abaixo entrevista sobre o document\u00e1rio &#8221;Primeira Quadra&#8221; com o diretor de fotografia da TV [&hellip;]<\/p>\n","protected":false},"author":1,"featured_media":0,"comment_status":"open","ping_status":"open","sticky":false,"template":"","format":"standard","meta":{"_acf_changed":false,"footnotes":""},"categories":[18],"tags":[114,89,103,139,74,75],"class_list":["post-1115","post","type-post","status-publish","format-standard","hentry","category-projetos-e-acoes","tag-audiovisual","tag-espelho-da-comunidade","tag-historia","tag-primeira-quadra","tag-tvovo","tag-video"],"acf":[],"_links":{"self":[{"href":"https:\/\/tvovo.org\/portal\/wp-json\/wp\/v2\/posts\/1115","targetHints":{"allow":["GET"]}}],"collection":[{"href":"https:\/\/tvovo.org\/portal\/wp-json\/wp\/v2\/posts"}],"about":[{"href":"https:\/\/tvovo.org\/portal\/wp-json\/wp\/v2\/types\/post"}],"author":[{"embeddable":true,"href":"https:\/\/tvovo.org\/portal\/wp-json\/wp\/v2\/users\/1"}],"replies":[{"embeddable":true,"href":"https:\/\/tvovo.org\/portal\/wp-json\/wp\/v2\/comments?post=1115"}],"version-history":[{"count":0,"href":"https:\/\/tvovo.org\/portal\/wp-json\/wp\/v2\/posts\/1115\/revisions"}],"wp:attachment":[{"href":"https:\/\/tvovo.org\/portal\/wp-json\/wp\/v2\/media?parent=1115"}],"wp:term":[{"taxonomy":"category","embeddable":true,"href":"https:\/\/tvovo.org\/portal\/wp-json\/wp\/v2\/categories?post=1115"},{"taxonomy":"post_tag","embeddable":true,"href":"https:\/\/tvovo.org\/portal\/wp-json\/wp\/v2\/tags?post=1115"}],"curies":[{"name":"wp","href":"https:\/\/api.w.org\/{rel}","templated":true}]}}