{"id":692,"date":"2017-11-11T10:08:35","date_gmt":"2017-11-11T13:08:35","guid":{"rendered":"http:\/\/tvovo.org\/cronicaria\/?p=692"},"modified":"2024-09-09T18:44:54","modified_gmt":"2024-09-09T21:44:54","slug":"gemeas","status":"publish","type":"post","link":"https:\/\/tvovo.org\/portal\/cronicaria\/2017\/11\/11\/gemeas\/","title":{"rendered":"G\u00eameas"},"content":{"rendered":"<div style=\"text-align: justify\">\n<p>Uma casa ficava defronte \u00e0 outra &#8211; apenas a ruazinha estreita a separ\u00e1-las -, como g\u00eameas face a face, com o mesmo telhado colonial, com as mesmas janelas venezianas, s\u00f3 que uma era pintada de verde e a outra de branco. A porta da casa verde era simetricamente oposta a da casa branca, como se nascidas de um s\u00f3 desenho, moldadas por um \u00fanico pedreiro met\u00f3dico e obsessivo, e depois assentadas de modo a reconhecerem-se, feito siamesas que quarteir\u00f5es vizinhos separaram.<\/p>\n<div>\u00a0<\/div>\n<div style=\"text-align: justify\">\n<p><span style=\"text-align: justify\">Em cada uma dessas casas vivia uma mulher. Ambas jovens, ambas bonitas, mas, por raz\u00f5es diferentes, uma n\u00e3o sabia da exist\u00eancia da outra. A mo\u00e7a da casa verde, enfurnada nela mesma, com as janelas sempre trancadas, deixava um \u00fanico vest\u00edgio de presen\u00e7a humana no lixo modesto e frugal que ela depositava todos os dias em frente \u00e0 porta em hor\u00e1rio misterioso e n\u00e3o sabido. A mo\u00e7a da casa branca, luminosa e exuberante, deixava as janelas escancaradas, de onde onde enxergava o mundo, e para onde o mundo lhe punha os olhos. Das frestas das janelas trancadas emanava, \u00e0s vezes, o som quase inaud\u00edvel de uma televis\u00e3o. De resto, s\u00f3 mudez. Do v\u00e3o escancarado das janelas opostas fru\u00edam acordes de rock&#8217;n roll e o burburinho das visitas em uma sala sempre cheia.<\/span><\/p>\n<div style=\"text-align: justify\">\n<div>\u00a0<\/div>\n<div>\n<p style=\"text-align: justify\">Ocorre que a casa do sil\u00eancio incomodou-se com a casa do barulho. E a mo\u00e7a oculta abriu sua janela enferrujada. Ficou chocada com o que viu: a alegria expl\u00edcita de amigos bebericando, dan\u00e7ando, gargalhando. Ofendeu-se. Chamou a pol\u00edcia. A radiopatrulha apareceu, mas n\u00e3o havia raz\u00e3o para autuar o vi\u00e7o discreto de uma reuni\u00e3o dan\u00e7ante em uma tarde de domingo. A mo\u00e7a oculta se trancou de novo. Praguejou contra o sistema, contra o governo, contra o aparato policial omisso, contra a impossibilidade de calar a vida que lhe agredia.<\/p>\n<div>\u00a0<\/div>\n<div>No domingo seguinte, aos sobressaltos, a mo\u00e7a triste ouviu o silvo estridente da campainha. Quando abriu a porta, a surpresa descomunal: cara a cara, frente a frente, a vizinha a lhe fazer o convite para uma reuni\u00e3o de amigos. Nada de mais: bebidinhas, tira gosto, conversa fora, que tal? Foi como se o capeta tivesse vindo lhe comprar a alma. E a mo\u00e7a ensimesmada bateu a porta sem dizer nada. Enquanto a outra atravessava a rua para receber os amigos, ela ligava a televis\u00e3o, aterrada com a lembran\u00e7a dos olhos vivos da vizinha, t\u00e3o parecidos com os seus. Como olhos g\u00eameos, o mesmo azul, o mesmo brilho, a mesma luz. E essa descoberta lhe desconcertou, elucidando a pior pris\u00e3o que pode haver: a que imp\u00f4s a si mesma por tr\u00e1s das janelas do medo.<\/div>\n<\/div>\n<div style=\"text-align: right\">\u00a0<\/div>\n<div style=\"text-align: right\">Por Marcelo Canellas<\/div>\n<div style=\"text-align: right\">Foto de Renan Mattos<\/div>\n<div>\n<p><img decoding=\"async\" class=\"alignnone wp-image-791\" src=\"http:\/\/tvovo.org\/cronicaria\/wp-content\/uploads\/2017\/11\/som-cronicaria-300x69.png\" alt=\"Cronica falada\" width=\"265\" height=\"61\" \/><\/p>\n<\/div>\n<div>\n<audio class=\"wp-audio-shortcode\" id=\"audio-692-1\" preload=\"none\" style=\"width: 100%;\" controls=\"controls\"><source type=\"audio\/mpeg\" src=\"http:\/\/tvovo.org\/cronicaria\/wp-content\/uploads\/2018\/12\/22-MC-G\u00eameas.mp3?_=1\" \/><a href=\"http:\/\/tvovo.org\/cronicaria\/wp-content\/uploads\/2018\/12\/22-MC-G\u00eameas.mp3\">http:\/\/tvovo.org\/cronicaria\/wp-content\/uploads\/2018\/12\/22-MC-G\u00eameas.mp3<\/a><\/audio>\n<p>&nbsp;<\/p>\n<\/div>\n<\/div>\n<\/div>\n<\/div>\n","protected":false},"excerpt":{"rendered":"<p>Uma casa ficava defronte \u00e0 outra &#8211; apenas a ruazinha estreita a separ\u00e1-las -, como g\u00eameas face a face, com o mesmo telhado colonial, com as mesmas janelas venezianas, s\u00f3 que uma era pintada de verde e a outra de branco. A porta da casa verde era simetricamente oposta a da casa branca, como se nascidas de um s\u00f3 desenho,&#8230;<\/p>\n","protected":false},"author":30,"featured_media":1197,"comment_status":"open","ping_status":"open","sticky":false,"template":"","format":"standard","meta":{"footnotes":""},"categories":[2],"tags":[6,26,28,38,61,73],"class_list":["post-692","post","type-post","status-publish","format-standard","has-post-thumbnail","hentry","category-cronicas","tag-amizade","tag-cronica","tag-cronicaria","tag-dualidade","tag-janela","tag-marcelocanellas"],"_links":{"self":[{"href":"https:\/\/tvovo.org\/portal\/cronicaria\/wp-json\/wp\/v2\/posts\/692","targetHints":{"allow":["GET"]}}],"collection":[{"href":"https:\/\/tvovo.org\/portal\/cronicaria\/wp-json\/wp\/v2\/posts"}],"about":[{"href":"https:\/\/tvovo.org\/portal\/cronicaria\/wp-json\/wp\/v2\/types\/post"}],"author":[{"embeddable":true,"href":"https:\/\/tvovo.org\/portal\/cronicaria\/wp-json\/wp\/v2\/users\/30"}],"replies":[{"embeddable":true,"href":"https:\/\/tvovo.org\/portal\/cronicaria\/wp-json\/wp\/v2\/comments?post=692"}],"version-history":[{"count":0,"href":"https:\/\/tvovo.org\/portal\/cronicaria\/wp-json\/wp\/v2\/posts\/692\/revisions"}],"wp:featuredmedia":[{"embeddable":true,"href":"https:\/\/tvovo.org\/portal\/cronicaria\/wp-json\/wp\/v2\/media\/1197"}],"wp:attachment":[{"href":"https:\/\/tvovo.org\/portal\/cronicaria\/wp-json\/wp\/v2\/media?parent=692"}],"wp:term":[{"taxonomy":"category","embeddable":true,"href":"https:\/\/tvovo.org\/portal\/cronicaria\/wp-json\/wp\/v2\/categories?post=692"},{"taxonomy":"post_tag","embeddable":true,"href":"https:\/\/tvovo.org\/portal\/cronicaria\/wp-json\/wp\/v2\/tags?post=692"}],"curies":[{"name":"wp","href":"https:\/\/api.w.org\/{rel}","templated":true}]}}