{"id":601,"date":"2017-10-11T08:15:37","date_gmt":"2017-10-11T11:15:37","guid":{"rendered":"http:\/\/tvovo.org\/cronicaria\/?p=601"},"modified":"2024-09-09T18:51:17","modified_gmt":"2024-09-09T21:51:17","slug":"ser-feliz-e-saber-viver-apesar-de","status":"publish","type":"post","link":"https:\/\/tvovo.org\/portal\/cronicaria\/2017\/10\/11\/ser-feliz-e-saber-viver-apesar-de\/","title":{"rendered":"Ser feliz \u00e9 saber viver, apesar de"},"content":{"rendered":"<p style=\"text-align: justify\">Sobrevoando o Rio de Janeiro. \u00c0 minha direita, no assento do corredor, uma mulher l\u00ea um livro que diz, em letras grifadas, \u201cA hist\u00f3ria n\u00e3o \u00e9 justa\u201d. \u00c0 minha esquerda, de olhos fechados, uma carioca segura um ter\u00e7o entre os dedos e cantarola um samba. \u201cOnde \u00e9 que n\u00f3s estamos?\u201d, eu pergunto, apontando para a janela. M\u00e1rcia abre os olhos para me localizar na sua cidade e se sente \u00e0 vontade para me localizar na sua vida \u2013 h\u00e1 d\u00e9cadas, ela se dedica \u00e0 psicologia e \u00e0 Unidos da Tijuca. No aeroporto, se despede de mim com um\u00a0<em>\u201cse cuida, viu?\u201d<\/em>. N\u00e3o vou andar na corda-bamba, mas tamb\u00e9m n\u00e3o prometo andar na linha: \u201c<em>pode deixar, M\u00e1rcia, vou manter o equil\u00edbrio<\/em>!\u201d, respondo ao entrar no t\u00e1xi. \u201c<em>A cidade est\u00e1 muito perigosa<\/em>\u201d, comenta o taxista, \u201c<em>s\u00f3 que os jornalistas exageram<\/em>\u201d, complementa, me entregando um recorte de jornal.\u00a0<em>\u201cV\u00ea a\u00ed, sou eu! Fui homenageado. Uma mo\u00e7a esqueceu a bolsa e eu fui atr\u00e1s dela para entregar!\u201d, explica.<\/em>\u00a0Capricho bom, se \u00e9 que existe, \u00e9 o de quem faz quest\u00e3o de ser lembrado pelas bonitezas que fez. Que infelicidade saber, admitir e aceitar que aqueles que se apequenam para tornarem-se eternos t\u00eam suas preces atendidas.<\/p>\n<p style=\"text-align: justify\">Quem explica as trag\u00e9dias em que o causador decide acabar com a pr\u00f3pria vida logo ap\u00f3s a conclus\u00e3o do \u201cato\u201d? Qual a motiva\u00e7\u00e3o? A falta de motivos \u00e9 justamente uma das explica\u00e7\u00f5es? Tempo n\u00e3o \u00e9 sin\u00f4nimo de reconhecimento \u2013 \u00e0s vezes, ele passa e voc\u00ea nem v\u00ea. E o mundo n\u00e3o v\u00ea voc\u00ea. O anonimato n\u00e3o \u00e9 o problema \u2013 a fama \u00e9 mesmo t\u00e3o banal; cruel \u00e9 olhar para tr\u00e1s e n\u00e3o sentir orgulho, olhar para frente e n\u00e3o ver sa\u00edda. Eles, que n\u00e3o t\u00eam mais nada a perder, presumem que ganhar seja encontrar (ou criar) uma raz\u00e3o para ser lembrado, ou seja, dar um sentido \u00e0 vida mesmo que ele s\u00f3 se concretize com a morte.<\/p>\n<p style=\"text-align: justify\">Quem voc\u00ea culpa quando n\u00e3o se orgulha do adulto que se tornou? J\u00e1 somos jovens demais para culpar o tempo e velhos demais para culpar a vida. Quando chega a hora de encarar o passado, eles se acovardam sem hesitar. Se os s\u00e1bios pensam demasiado, os med\u00edocres agem sem pensar\u2026 E n\u00f3s, educados para sentir culpa e para culpar, escondemos a bondade e anunciamos a maldade incessantemente nos notici\u00e1rios. As nossas vaias soam como aplausos para quem nunca atraiu os holofotes: que ironia! Ser\u00e1 que estamos promovendo os criminosos que s\u00f3 queriam se promover? Amanh\u00e3 \u00e9 o \u201cDia das Crian\u00e7as\u201d e uma parte de mim quer escrever sobre a trag\u00e9dia de Jana\u00faba, mas eu acredito que um seguran\u00e7a que ateia fogo em uma creche n\u00e3o merece ser o centro das aten\u00e7\u00f5es. Falar sobre a paz no meio da guerra \u00e9 reencontrar a lucidez e despertar para a verdade: n\u00f3s n\u00e3o podemos nos distanciar de quem n\u00f3s somos. E n\u00f3s somos bons! Nascemos livres!<\/p>\n<p style=\"text-align: justify\">O que \u00e9 ser crian\u00e7a? A resposta varia de acordo com o contexto sociocultural. As crian\u00e7as n\u00e3o sabem menos que os adultos, elas s\u00f3 sabem outras coisas. Para al\u00e9m das argumenta\u00e7\u00f5es sobre altru\u00edsmo, ego\u00edsmo e a \u201cnatureza do homem\u201d, eu acredito no poder dos exemplos que inspiram. At\u00e9 a\u00a0<em>Chapeuzinho Vermelho<\/em>\u00a0fez quest\u00e3o de nos avisar que a hist\u00f3ria n\u00e3o \u00e9 justa, mas n\u00e3o h\u00e1 raz\u00e3o para contaminar quem ainda quer e pode ser lembrado sem o Lobo Mau. A M\u00e1rcia, alguns dias depois do desembarque no RJ, ligou para o meu albergue e perguntou\u00a0<em>\u201cA Manu est\u00e1 a\u00ed? Como ela est\u00e1? Cuidem bem dela, viu?! E diz que eu mandei um beijo!\u201d,\u00a0<\/em>eternizando a sua passagem pela minha vida \u2013 e, agora, tamb\u00e9m pelas minhas escritas. O que nos motiva a agir, para o bem e para o mal, em pequena ou grande escala, \u00e9 a esperan\u00e7a de tornar-se eterno.<\/p>\n<p style=\"text-align: justify\">O momento n\u00e3o \u00e9 muito inspirador, mas a liberdade \u00e9 uma terra f\u00e9rtil para as refer\u00eancias. Crescer n\u00e3o \u00e9 estar em um estado constante de felicidade, mas \u00e9 nossa obriga\u00e7\u00e3o garantir que as crian\u00e7as permane\u00e7am em contato com os bons exemplos, descobrindo que h\u00e1 somente uma forma de se tornar verdadeiramente eterno: pela gratid\u00e3o do outro. \u201cApesar de\u00a0<em>n\u00f3s<\/em>, amanh\u00e3 h\u00e1 de ser outro dia\u201d e a eternidade \u00e9 apenas a vontade de viver um pouco ou muito mais. Ningu\u00e9m pode tirar de uma crian\u00e7a o direito de acreditar que o bem vence o mal \u2013 afinal, s\u00f3 os que acreditam nisso conseguem olhar para a frente e enxergar uma sa\u00edda. Uma luz. Um despertar. Sem culpar o tempo ou a vida, a responsabilidade de manter a inf\u00e2ncia intacta \u00e9 toda nossa: n\u00e3o subestimem as crian\u00e7as, elas n\u00e3o querem apenas ter do que\u00a0<em>se lembrar<\/em>. Elas querem ser lembradas! E s\u00e3o merecedoras de todos os holofotes. Vamos fazer com que crescer seja uma aventura alegre \u2013 apesar de todas as circunst\u00e2ncias.<\/p>\n<p>&nbsp;<\/p>\n<p style=\"text-align: right\">Por Manuela Fantinel<\/p>\n<p style=\"text-align: right\">Foto de Enad Nassar (Divulga\u00e7\u00e3o) | Junho de 2015 | Gaza<\/p>\n<p>&nbsp;<\/p>\n<p><img decoding=\"async\" class=\"alignnone wp-image-791\" src=\"http:\/\/tvovo.org\/cronicaria\/wp-content\/uploads\/2017\/11\/som-cronicaria-300x69.png\" alt=\"Cronica falada\" width=\"265\" height=\"61\" \/><\/p>\n<div>\n<audio class=\"wp-audio-shortcode\" id=\"audio-601-1\" preload=\"none\" style=\"width: 100%;\" controls=\"controls\"><source type=\"audio\/mpeg\" src=\"http:\/\/tvovo.org\/cronicaria\/wp-content\/uploads\/2018\/12\/26-MF-Ser-Feliz-\u00e9-saber-viver-apesar-de.mp3?_=1\" \/><a href=\"http:\/\/tvovo.org\/cronicaria\/wp-content\/uploads\/2018\/12\/26-MF-Ser-Feliz-\u00e9-saber-viver-apesar-de.mp3\">http:\/\/tvovo.org\/cronicaria\/wp-content\/uploads\/2018\/12\/26-MF-Ser-Feliz-\u00e9-saber-viver-apesar-de.mp3<\/a><\/audio>\n<\/div>\n","protected":false},"excerpt":{"rendered":"<p>Sobrevoando o Rio de Janeiro. \u00c0 minha direita, no assento do corredor, uma mulher l\u00ea um livro que diz, em letras grifadas, \u201cA hist\u00f3ria n\u00e3o \u00e9 justa\u201d. \u00c0 minha esquerda, de olhos fechados, uma carioca segura um ter\u00e7o entre os dedos e cantarola um samba. \u201cOnde \u00e9 que n\u00f3s estamos?\u201d, &#8230;<\/p>\n","protected":false},"author":29,"featured_media":1197,"comment_status":"open","ping_status":"open","sticky":false,"template":"","format":"standard","meta":{"footnotes":""},"categories":[2],"tags":[25,26,28,59,75],"class_list":["post-601","post","type-post","status-publish","format-standard","has-post-thumbnail","hentry","category-cronicas","tag-crianca","tag-cronica","tag-cronicaria","tag-infancia","tag-memoria"],"_links":{"self":[{"href":"https:\/\/tvovo.org\/portal\/cronicaria\/wp-json\/wp\/v2\/posts\/601","targetHints":{"allow":["GET"]}}],"collection":[{"href":"https:\/\/tvovo.org\/portal\/cronicaria\/wp-json\/wp\/v2\/posts"}],"about":[{"href":"https:\/\/tvovo.org\/portal\/cronicaria\/wp-json\/wp\/v2\/types\/post"}],"author":[{"embeddable":true,"href":"https:\/\/tvovo.org\/portal\/cronicaria\/wp-json\/wp\/v2\/users\/29"}],"replies":[{"embeddable":true,"href":"https:\/\/tvovo.org\/portal\/cronicaria\/wp-json\/wp\/v2\/comments?post=601"}],"version-history":[{"count":0,"href":"https:\/\/tvovo.org\/portal\/cronicaria\/wp-json\/wp\/v2\/posts\/601\/revisions"}],"wp:featuredmedia":[{"embeddable":true,"href":"https:\/\/tvovo.org\/portal\/cronicaria\/wp-json\/wp\/v2\/media\/1197"}],"wp:attachment":[{"href":"https:\/\/tvovo.org\/portal\/cronicaria\/wp-json\/wp\/v2\/media?parent=601"}],"wp:term":[{"taxonomy":"category","embeddable":true,"href":"https:\/\/tvovo.org\/portal\/cronicaria\/wp-json\/wp\/v2\/categories?post=601"},{"taxonomy":"post_tag","embeddable":true,"href":"https:\/\/tvovo.org\/portal\/cronicaria\/wp-json\/wp\/v2\/tags?post=601"}],"curies":[{"name":"wp","href":"https:\/\/api.w.org\/{rel}","templated":true}]}}